{"id":62242,"date":"2025-10-14T22:37:10","date_gmt":"2025-10-14T22:37:10","guid":{"rendered":"https:\/\/www.europesays.com\/fi\/62242\/"},"modified":"2025-10-14T22:37:10","modified_gmt":"2025-10-14T22:37:10","slug":"kyuss-basisti-on-ollut-lahella-paatya-seka-metallican-etta-toolin-riveihin-scott-reeder-muisteli-uransa-varikkaita-vaiheita","status":"publish","type":"post","link":"https:\/\/www.europesays.com\/fi\/62242\/","title":{"rendered":"Kyuss-basisti on ollut l\u00e4hell\u00e4 p\u00e4\u00e4ty\u00e4 sek\u00e4 Metallican ett\u00e4 Toolin riveihin &#8211; Scott Reeder muisteli uransa v\u00e4rikk\u00e4it\u00e4 vaiheita"},"content":{"rendered":"<p>Basisti Scott Reeder on ehtinyt olla urallaan monessa mukana. H\u00e4n soitti 1990-luvun alussa doom metal -veteraani The Obsessedissa, jonka j\u00e4lkeen t\u00e4m\u00e4 pestattiin stoner rock -legenda Kyussin riveihin. Kyussin hajottua Josh Homme houkutteli Reederi\u00e4 mukaan uuteen b\u00e4ndiins\u00e4 Queens of the Stone Ageen, mutta t\u00e4st\u00e4 kutsusta Reeder kielt\u00e4ytyi. Reeder haki sen sijaan paikkaa Toolista, joka etsi tuolloin korvaajaa b\u00e4ndist\u00e4 eronneelle Paul D\u2019Amourille.<\/p>\n<p>\u201dEn ollut koskaan tavannut tai n\u00e4hnyt heit\u00e4 aiemmin, mutta rakastin Undertow\u2019ta (Toolin debyyttialbumi vuodelta 1993). Jamittelimme kolme p\u00e4iv\u00e4\u00e4, \u00e4\u00e4nitimme juttuja ja fiilistelimme. Tulin erityisen hyvin juttuun (kitaristi) Adam Jonesin kanssa\u201d, Reeder muisteli <a href=\"https:\/\/www.guitarworld.com\/artists\/bassists\/scott-reeder-spinal-tap-tribute\" target=\"_blank\" rel=\"noreferrer noopener nofollow\">tuoreessa Guitar World -lehden haastattelussa<\/a>.<\/p>\n<p>\u201dSain ensimm\u00e4isen\u00e4 p\u00e4iv\u00e4n\u00e4 kasetin, jossa oli (tulevan levyn) \u00c6niman biisej\u00e4, jotka oli tehty Paulin kanssa. \u2019Opettele siit\u00e4 mit\u00e4 haluat huomiseksi\u2019, he sanoivat. Sill\u00e4 oli muun muassa suosikkibiisini Eulogy. Samana iltana he kutsuivat minut my\u00f6s Timothy Learyn talolle bileisiin. Mietin: \u2019Testaavatko he, kiinnostaako minua enemm\u00e4n bilett\u00e4minen vai kotil\u00e4ksyjen tekeminen?\u2019 Valitsin sen, mik\u00e4 oli oikein eli menin studiolle ja soitin puoli y\u00f6t\u00e4 Eulogya ja muita juttuja. Se oli hauskaa!\u201d<\/p>\n<p>Yhtye valitsi kuitenkin basistikseen Justin Chancellorin, joka onkin ollut b\u00e4ndiss\u00e4 mukana siit\u00e4 hetkest\u00e4 l\u00e4htien. Reeder ei ole p\u00e4\u00e4t\u00f6ksest\u00e4 katkera.<\/p>\n<p>\u201dHe lupasivat soittaa minulle halloweenin tienoilla ja kertoa, kumman he valitsevat. Lopulta he soittivat: \u2019Olemme kuunnelleet kaikkea alusta loppuun ja edestakaisin, mutta Justin vain tihkuu Toolia, joten valitsemme h\u00e4net.\u2019 Mutta sainpahan elinik\u00e4isi\u00e4 yst\u00e4vi\u00e4.\u201d<\/p>\n<p>Muutamia vuosia my\u00f6hemmin Reeder oli j\u00e4lleen hyvin l\u00e4hell\u00e4 p\u00e4\u00e4ty\u00e4 nimekk\u00e4\u00e4seen seuraan, kun hevij\u00e4tti Metallica haki seuraajaa Jason Newstedille. Aluksi Reeder kuitenkin kielt\u00e4ytyi Metallica-managerien kutsusta.<\/p>\n<p>\u201dSe tapahtui hyvin pian sen j\u00e4lkeen, kun Jason oli l\u00e4htenyt. Teimme juuri silloin levy\u00e4 Unidan kanssa ja halusin katsoa sen kortin\u201d, Reeder toteaa.<\/p>\n<p>\u201dMeni ainakin vuosi, kunnes sain taas puhelun \u2013 t\u00e4ll\u00e4 kertaa Lars Ulrichilta! Olin maatilallamme talikoimassa hein\u00e4\u00e4 kottik\u00e4rryyn, kun vaimoni tuli pihalle puhelin kourassa. Maynardilla (James Keenan, Tool-laulaja) oli tapana soitella meille pilapuheluita kun meill\u00e4 oli lemmikkikauppamme, joten vaimoni py\u00f6ritteli silmi\u00e4\u00e4n: \u2019H\u00e4n sanoo olevansa Lars Ulrich.\u2019 Mutta se vittu olikin oikeasti Lars! \u2019Hei, me tarvitsemme basistia ja olisi hienoa, jos p\u00e4\u00e4sisit jamittelemaan.\u2019 Totta vitussa, antakaa minulle viikko aikaa opetella biisej\u00e4!\u201d<\/p>\n<p>Reederin ja monien muiden hyvin nimekk\u00e4iden basistiehdokkaiden koesoittosessioita kuvattiin my\u00f6s Some Kind of Monster -dokumenttielokuvaan. Jamittelujen lis\u00e4ksi Reeder p\u00e4\u00e4si seuraamaan l\u00e4hiet\u00e4isyydelt\u00e4, kun yhtye ty\u00f6sti St. Anger -albumiaan.<\/p>\n<p>\u201dIstuin sohvalla James Hetfieldin vieress\u00e4, kun h\u00e4n \u00e4\u00e4nitti laulujaan. \u2019Onko okei olla t\u00e4ss\u00e4? kysyin. \u2019Kyll\u00e4 min\u00e4 kertoisin, jos ei olisi\u2019, h\u00e4n vastasi. Yhdess\u00e4 vaiheessa James pyysi meit\u00e4 kaikkia kirjoittamaan ajatuksia jostain tietyst\u00e4 aiheesta \u2013 muistaakseni se liittyi Napster-tapaukseen. Kaikki meniv\u00e4t puoleksi tunniksi omiin oloihinsa, jonka j\u00e4lkeen palasimme tarkkaamoon ja luimme kirjoituksiamme Jamesille. H\u00e4n kuunteli ja py\u00f6ritteli muutaman minuutin ajatuksia, jonka j\u00e4lkeen h\u00e4n alkoi \u00e4\u00e4nitt\u00e4\u00e4 laulujaan. Oli melko uskomatonta olla todistamassa sit\u00e4.\u201d<\/p>\n<p>J\u00e4lleen kerran Reeder oli yksi vahvimmista ehdokkaista, mutta valinta osui lopulta Robert Trujilloon, joka on h\u00e4nkin ollut Metallicassa tuosta p\u00e4iv\u00e4st\u00e4 l\u00e4htien. T\u00e4st\u00e4k\u00e4\u00e4n p\u00e4\u00e4t\u00f6ksest\u00e4 Reeder ei ollut katkera.<\/p>\n<p>\u201dKuukautta my\u00f6hemmin sain konferenssipuhelun, jossa he kertoivat tehneens\u00e4 valinnan ja ett\u00e4 olisin kuitenkin osa perhett\u00e4 ikuisesti. Puoli tuntia my\u00f6hemmin James soitti minulle viel\u00e4 erikseen. \u2019Oletko varmasti okei?\u2019 Vastasin: \u2019Hei, jos t\u00e4m\u00e4 oli metalli-olympialaiset, hopeamitali ei ole huono saavutus!&#8217;\u201d<\/p>\n<p>Lue my\u00f6s: <a href=\"https:\/\/www.soundi.fi\/uutiset\/millaista-on-menna-metallican-koesoittoon-ja-tulla-hylatyksi-kyussin-scott-reeder-tietaa\/\" title=\"Millaista on menn\u00e4 Metallican koesoittoon ja tulla hyl\u00e4tyksi? Kyussin Scott Reeder tiet\u00e4\u00e4\" class=\"underline-custom !font-montserrat !font-bold !underline-offset-4 !decoration-4 !decoration-tilt-light\" rel=\"nofollow noopener\" target=\"_blank\">Millaista on menn\u00e4 Metallican koesoittoon ja tulla hyl\u00e4tyksi? Kyussin Scott Reeder tiet\u00e4\u00e4<\/a><\/p>\n<p><img loading=\"lazy\" decoding=\"async\" alt=\"YouTube video\" width=\"480\" height=\"360\" data-pin-nopin=\"true\" nopin=\"nopin\" class=\"perfmatters-lazy\" src=\"https:\/\/www.europesays.com\/fi\/wp-content\/uploads\/2025\/10\/1760481429_713_hqdefault.jpg\"\/><\/p>\n<p><img loading=\"lazy\" decoding=\"async\" alt=\"YouTube video\" width=\"480\" height=\"360\" data-pin-nopin=\"true\" nopin=\"nopin\" class=\"perfmatters-lazy\" src=\"https:\/\/www.europesays.com\/fi\/wp-content\/uploads\/2025\/10\/1759884967_588_hqdefault.jpg\"\/><\/p>\n","protected":false},"excerpt":{"rendered":"Basisti Scott Reeder on ehtinyt olla urallaan monessa mukana. H\u00e4n soitti 1990-luvun alussa doom metal -veteraani The Obsessedissa,&hellip;\n","protected":false},"author":2,"featured_media":62243,"comment_status":"","ping_status":"","sticky":false,"template":"","format":"standard","meta":{"footnotes":""},"categories":[132],"tags":[137,33,31,30,195,47,32,109],"class_list":{"0":"post-62242","1":"post","2":"type-post","3":"status-publish","4":"format-standard","5":"has-post-thumbnail","7":"category-musiikki","8":"tag-entertainment","9":"tag-fi","10":"tag-finland","11":"tag-finnish","12":"tag-music","13":"tag-musiikki","14":"tag-suomi","15":"tag-viihde"},"share_on_mastodon":{"url":"","error":""},"_links":{"self":[{"href":"https:\/\/www.europesays.com\/fi\/wp-json\/wp\/v2\/posts\/62242","targetHints":{"allow":["GET"]}}],"collection":[{"href":"https:\/\/www.europesays.com\/fi\/wp-json\/wp\/v2\/posts"}],"about":[{"href":"https:\/\/www.europesays.com\/fi\/wp-json\/wp\/v2\/types\/post"}],"author":[{"embeddable":true,"href":"https:\/\/www.europesays.com\/fi\/wp-json\/wp\/v2\/users\/2"}],"replies":[{"embeddable":true,"href":"https:\/\/www.europesays.com\/fi\/wp-json\/wp\/v2\/comments?post=62242"}],"version-history":[{"count":0,"href":"https:\/\/www.europesays.com\/fi\/wp-json\/wp\/v2\/posts\/62242\/revisions"}],"wp:featuredmedia":[{"embeddable":true,"href":"https:\/\/www.europesays.com\/fi\/wp-json\/wp\/v2\/media\/62243"}],"wp:attachment":[{"href":"https:\/\/www.europesays.com\/fi\/wp-json\/wp\/v2\/media?parent=62242"}],"wp:term":[{"taxonomy":"category","embeddable":true,"href":"https:\/\/www.europesays.com\/fi\/wp-json\/wp\/v2\/categories?post=62242"},{"taxonomy":"post_tag","embeddable":true,"href":"https:\/\/www.europesays.com\/fi\/wp-json\/wp\/v2\/tags?post=62242"}],"curies":[{"name":"wp","href":"https:\/\/api.w.org\/{rel}","templated":true}]}}