{"id":62294,"date":"2025-10-15T00:03:06","date_gmt":"2025-10-15T00:03:06","guid":{"rendered":"https:\/\/www.europesays.com\/fi\/62294\/"},"modified":"2025-10-15T00:03:06","modified_gmt":"2025-10-15T00:03:06","slug":"puolan-ulkoministerilta-varoitus","status":"publish","type":"post","link":"https:\/\/www.europesays.com\/fi\/62294\/","title":{"rendered":"Puolan ulkoministerilt\u00e4 varoitus"},"content":{"rendered":"<p>T\u00e4h\u00e4n artikkeliin on koottu Ukrainan sodan keskeisimm\u00e4t tapahtumat tiistailta 14. lokakuuta 2025. Kyseess\u00e4 on sodan 1\u00a0329. p\u00e4iv\u00e4.<\/p>\n<ul>\n<li>Puolan ulkoministeri varoitti tiistaina Ven\u00e4j\u00e4n mahdollisesta \u201dsyv\u00e4st\u00e4 iskusta\u201d.<\/li>\n<li>YK ja Ukraina syytt\u00e4v\u00e4t Ven\u00e4j\u00e4\u00e4 avustussaattueen kimppuun hy\u00f6kk\u00e4\u00e4misest\u00e4.<\/li>\n<li>Kreml hyv\u00e4ksyy reservil\u00e4isten k\u00e4yt\u00f6n rauhanaikana ja ulkomailla.<\/li>\n<\/ul>\n<p>Puolan ulkoministeri: Euroopan varauduttava Ven\u00e4j\u00e4n \u201dsyv\u00e4\u00e4n iskuun\u201d<\/p>\n<p class=\"paragraph\">Puolan ulkoministeri <strong>Radoslaw Sikorski<\/strong> varoitti tiistaina, ett\u00e4 Euroopan on oltava varautunut Ven\u00e4j\u00e4n mahdolliseen \u201dsyv\u00e4\u00e4n iskuun\u201d.<\/p>\n<p class=\"paragraph\">Lontoossa vierailleelta Sikorskilta kysyttiin mahdollisuudesta laajentaa suunnitelmia niin kutsutusta \u201ddroonimuurista\u201d, jonka tarkoituksena on est\u00e4\u00e4 ilmatilaan tunkeutumisia. Sikorski vastasi uutistoimisto Reutersille, ett\u00e4 Ven\u00e4j\u00e4 voi \u201dvalitettavasti ylt\u00e4\u00e4 syv\u00e4lle Eurooppaan\u201d.<\/p>\n<p class=\"paragraph\">\u2013 Meid\u00e4n on varauduttava torjumaan se, ja siksi mielest\u00e4ni olisi vastuutonta olla kehitt\u00e4m\u00e4tt\u00e4 drooni- ja vastadroonikyvykkyyksi\u00e4 n\u00e4in\u00e4 aikoina.<\/p>\n<p class=\"paragraph\">Sikorski vetosi my\u00f6s Euroopan maihin, jotta n\u00e4m\u00e4 jatkaisivat pitk\u00e4j\u00e4nteist\u00e4 Ukrainan tukemista. H\u00e4n sanoi my\u00f6s toivovansa, ett\u00e4 Yhdysvaltain presidentti <strong>Donald Trump<\/strong> sallisi pitk\u00e4n kantaman Tomahawk-ohjusten toimittamisen Ukrainalle.<\/p>\n<p>YK: Ven\u00e4j\u00e4 iski avustussaattueeseen Ukrainassa<\/p>\n<p class=\"paragraph\">Yhdistyneet kansakunnat (YK) ja Ukraina syytt\u00e4v\u00e4t Ven\u00e4j\u00e4\u00e4 avustussaattueen kimppuun hy\u00f6kk\u00e4\u00e4misest\u00e4.<\/p>\n<p class=\"paragraph\">\u2013 Ukrainan humanitaarisen avun koordinaattori <strong>Matthias Schmale<\/strong> tuomitsee jyrk\u00e4sti YK:n ajoneuvoihin kohdistuneet iskut Hersonin alueella, YK:n Ukrainan-osasto aloittaa tiedotteensa.<\/p>\n<p class=\"paragraph\">YK:n mukaan Ven\u00e4j\u00e4n asevoimat hy\u00f6kk\u00e4siv\u00e4t nelj\u00e4n humanitaarista avustusta kuljettaneen kuorma-auton kimppuun.<\/p>\n<p class=\"paragraph\">\u2013 Kaksi selv\u00e4sti merkitty\u00e4 Maailman ruokaohjelman kuorma-autoa joutui ensimm\u00e4isen persoonan [FPV] droonien kohteeksi.<\/p>\n<p class=\"paragraph\">Tahallinen hy\u00f6kk\u00e4ys avustusty\u00f6ntekij\u00f6it\u00e4 ja humanitaarisia resursseja kohtaan on kansainv\u00e4lisen humanitaarisen oikeuden t\u00f6rke\u00e4 loukkaus, joka voi t\u00e4ytt\u00e4\u00e4 sotarikoksen m\u00e4\u00e4ritelm\u00e4n, YK:n Ukrainan-osasto kirjoittaa.<\/p>\n<p class=\"paragraph\">\u2013 Hersonin alueella on n\u00e4hty siviilej\u00e4 vahingoittavien drooni-iskujen lis\u00e4\u00e4ntymist\u00e4. Hy\u00f6kk\u00e4ysten on loputtava.<\/p>\n<p>Kreml hyv\u00e4ksyy reservil\u00e4isten k\u00e4yt\u00f6n rauhanaikana ja ulkomailla<\/p>\n<p class=\"paragraph\">Ven\u00e4j\u00e4n hallitus on hyv\u00e4ksynyt puolustusministeri\u00f6n lakiehdotuksen siit\u00e4, ett\u00e4 asevoimien reservil\u00e4isi\u00e4 voidaan l\u00e4hett\u00e4\u00e4 teht\u00e4viin rauhan aikana ja my\u00f6s ulkomaille. Asiasta kertoo ven\u00e4l\u00e4ismedia RBK.<\/p>\n<p class=\"paragraph\">Laki mahdollistaa reservil\u00e4isten k\u00e4ytt\u00e4misen uusissa olosuhteissa, kuten Sumyn ja Harkovan alueilla Ukrainassa, Ven\u00e4j\u00e4n duuman puolustuskomitean johtaja <strong>Andrei Kartapolov<\/strong> sanoo RBK:lle.<\/p>\n<p class=\"paragraph\">Puolustukseen erikoistunut ukrainalainen verkkomedia <a href=\"https:\/\/defence-ua.com\/army_and_war\/kreml_dozvoliv_napravljati_rezervistiv_na_front_skilki_jih_u_rf_ta_chomu_tse_pro_faktichnu_novu_mobilizatsiju-20530.html\" target=\"_blank\" rel=\"noopener nofollow\">Defence Express<\/a> tulkitsee, ett\u00e4 kyseess\u00e4 on uusi mobilisaatio eli joukkojen liikekannallepano.<\/p>\n<p class=\"paragraph\">Lakiuudistus koskisi niit\u00e4 ven\u00e4l\u00e4isi\u00e4, jotka ovat allekirjoittaneet asevoimien kanssa reservil\u00e4issopimuksen.<\/p>\n<p class=\"paragraph\">\u2013 Saatavilla olevien virallisten lausuntojen mukaan reservil\u00e4isten arvioitu m\u00e4\u00e4r\u00e4 on jopa kaksi miljoonaa ihmist\u00e4, DE kirjoittaa.<\/p>\n<p class=\"paragraph\">Defence Express arvioi, ett\u00e4 koska yleinen mobilisaatio her\u00e4tt\u00e4isi liikaa j\u00e4nnitteit\u00e4, Ven\u00e4j\u00e4 pyrkii haalimaan lis\u00e4\u00e4 joukkoja rintamalle v\u00e4hemm\u00e4n n\u00e4kyvill\u00e4 keinoilla.<\/p>\n<p class=\"paragraph\">RBK:n mukaan puolustuslakiin ehdotetaan, ett\u00e4 \u201dasevoimien mobilisaatioreserviss\u00e4 palvelevia kansalaisia voidaan kutsua suorittamaan tiettyj\u00e4 puolustusteht\u00e4vi\u00e4 aseellisten konfliktien, terrorismin vastaisten operaatioiden ja asevoimien k\u00e4yt\u00f6n aikana Ven\u00e4j\u00e4n ulkopuolella\u201d.<\/p>\n<p class=\"paragraph\">P\u00e4\u00e4t\u00f6ksen joukkojen kutsumisesta \u201derikoisteht\u00e4v\u00e4\u00e4n\u201d tekisi presidentti.<\/p>\n<p class=\"paragraph\">DE:n mukaan lakimuutos menee todenn\u00e4k\u00f6isesti l\u00e4pi ja voi tulla voimaan jopa p\u00e4iviss\u00e4. Presidentti <a href=\"https:\/\/www.iltalehti.fi\/henkilot\/Vladimir Putin\" class=\"article-link-person-page\" rel=\"nofollow noopener\" target=\"_blank\">Vladimir Putinin<\/a> Yhten\u00e4inen Ven\u00e4j\u00e4 -puolueella on enemmist\u00f6 Ven\u00e4j\u00e4n duumassa.<\/p>\n<p>Presidentti Putinin puolueella on selv\u00e4 enemmist\u00f6 Ven\u00e4j\u00e4n duumassa. EPA\/AOP<\/p>\n<p>Raportti: Ukrainan asetuki romahti<\/p>\n<p class=\"paragraph\">Ukrainan saama sotilasapu on romahtanut viime kuukausina, kertoo saksalaisen ajatushautomo Kiel-instituutin raportti. Asiasta uutisoi <a href=\"https:\/\/kyivindependent.com\/military-aid-to-ukraine-declines-sharply-in-recent-months-report-finds\/\" target=\"_blank\" rel=\"noopener nofollow\">Kyiv Independent<\/a>.<\/p>\n<p class=\"paragraph\">Raportin mukaan Ukrainalle annetun sotilastuen m\u00e4\u00e4r\u00e4 putosi hein\u00e4- ja elokuussa 43 prosenttiin alkuvuoteen verrattuna. Euroopan asetuki Ukrainalle laski 57 prosenttia.<\/p>\n<p class=\"paragraph\">Kun Yhdysvallat lopetti alkuvuodesta uusien tukipakettien toimittamisen Ukrainaan, Eurooppa yritti t\u00e4ytt\u00e4\u00e4 aukon Naton johtamalla PURL-hankkeella, jossa Euroopan maat sitoutuvat ostamaan Yhdysvalloista aseita Ukrainaan.<\/p>\n<p class=\"paragraph\">Kiel-instituutin mukaan asetuki jatkui tasaisena kev\u00e4\u00e4n l\u00e4pi, mutta romahti loppuvuodesta.<\/p>\n<p class=\"paragraph\">\u2013 Sotilasavun v\u00e4heneminen hein\u00e4- ja elokuussa on yll\u00e4tt\u00e4v\u00e4\u00e4. Naton PURL-aloitteesta huolimatta Eurooppa v\u00e4hent\u00e4\u00e4 sotilaallista tukeaan kokonaisuudessaan. Ratkaisevaa on nyt se, miten luvut kehittyv\u00e4t syksyll\u00e4, sanoi <strong>Christoph Trebesch<\/strong>, Ukrainan tuen seurantaa johtava tutkimusjohtaja Kiel-instituutista.<\/p>\n<p class=\"paragraph\">Trebesch lis\u00e4\u00e4, ett\u00e4 Ukrainan saama humanitaarinen ja taloudellinen tuki on pysynyt vakaana.<\/p>\n<p class=\"paragraph\">\u2013 Nyt on ratkaisevan t\u00e4rke\u00e4\u00e4, ett\u00e4 t\u00e4m\u00e4 vakaus ulottuu my\u00f6s sotilaalliseen tukeen, sill\u00e4 Ukraina on riippuvainen siit\u00e4 puolustustoimiensa yll\u00e4pit\u00e4misess\u00e4 kent\u00e4ll\u00e4.<\/p>\n<p>Ven\u00e4j\u00e4 uhkailee Moldovaa \u2013 Varoittaa tekem\u00e4st\u00e4 Ukrainan virhett\u00e4<\/p>\n<p class=\"paragraph\">Kremlin tiedottaja <a href=\"https:\/\/www.iltalehti.fi\/henkilot\/Dmitri Peskov\" class=\"article-link-person-page\" rel=\"nofollow noopener\" target=\"_blank\">Dmitri Peskov<\/a> syytt\u00e4\u00e4 Moldovaa aggressiivisesta suhtautumisesta Ven\u00e4j\u00e4\u00e4 kohtaan.<\/p>\n<p class=\"paragraph\">\u2013 Moldovan nykyinen johto tekee mielest\u00e4mme vakavan virheen, Peskov sanoi Ven\u00e4j\u00e4n valtiollisen uutismedia Tassin haastattelussa sunnuntaina.<\/p>\n<p class=\"paragraph\">\u2013 He uskovat, ett\u00e4 suhteiden rakentaminen Eurooppaan merkitsee Ven\u00e4j\u00e4n t\u00e4ydellist\u00e4 vastustamista. Yksi maa on jo tehnyt t\u00e4llaisen virheen. Se ei tuonut mit\u00e4\u00e4n hyv\u00e4\u00e4 t\u00e4lle yhdelle maalle.<\/p>\n<p class=\"paragraph\">Peskov viittasi todenn\u00e4k\u00f6isesti Ukrainaan, jossa Ven\u00e4j\u00e4 k\u00e4y hy\u00f6kk\u00e4yssotaa.<\/p>\n<p class=\"paragraph\">Moldovan hallitus hyv\u00e4ksyi 8. lokakuuta uuden sotilasstrategian, jossa Ven\u00e4j\u00e4 nimet\u00e4\u00e4n maan suurimmaksi turvallisuusuhaksi.<\/p>\n<p class=\"paragraph\">Ven\u00e4j\u00e4n syytettiin sekaantuneen Moldovan parlamenttivaaleihin syyskuussa. Vaalitulos oli pettymys Kremlille, sill\u00e4 EU-my\u00f6nteisen presidentti <a href=\"https:\/\/www.iltalehti.fi\/henkilot\/Maia Sandu\" class=\"article-link-person-page\" rel=\"nofollow noopener\" target=\"_blank\">Maia Sandun<\/a> liberaali PAS-puolue otti selv\u00e4n voiton Ven\u00e4j\u00e4-mielisest\u00e4 vasemmistoliittouma BEP:ist\u00e4.<\/p>\n<p>EU-mielisen presidentti Maia Sandun (sinisess\u00e4 takissa) puolue otti selv\u00e4n voiton Moldovan vaaleissa syyskuussa. EPA \/ AOP<\/p>\n<p class=\"paragraph\">Moldova ei kuulu sotilasliitto Natoon. Maa j\u00e4tti EU-hakemuksensa vain p\u00e4ivi\u00e4 sen j\u00e4lkeen, kun Ven\u00e4j\u00e4 hy\u00f6kk\u00e4si Ukrainaan vuonna 2022.<\/p>\n<p class=\"paragraph\">Eurooppa-neuvoston mukaan Ven\u00e4j\u00e4 miehitt\u00e4\u00e4 Moldovan it\u00e4rajalla sijaitsevaa Transnistrian aluetta, joka julistautui itsen\u00e4iseksi Moldovasta 1990-luvulla.<\/p>\n<p>Ven\u00e4j\u00e4 hy\u00f6kk\u00e4si Harkovaan: 30 000 taloutta ilman s\u00e4hk\u00f6\u00e4<\/p>\n<p class=\"paragraph\">Ven\u00e4j\u00e4n maanantaiset iskut Ukrainan Harkovan alueelle katkaisivat s\u00e4hk\u00f6t 30 000 kotitaloudelta, kertoo uutistoimisto Reuters. S\u00e4hk\u00f6t katkesivat kolmelta Harkovan alueelta kaupungin kaakkois- ja pohjoisosissa.<\/p>\n<p class=\"paragraph\">Viime viikkojen aikana Ven\u00e4j\u00e4 on keskitt\u00e4nyt hy\u00f6kk\u00e4yksi\u00e4\u00e4n Ukrainan energialaitoksia kohtaan.<\/p>\n<p class=\"paragraph\">Viime viikolla Ven\u00e4j\u00e4n laajat iskut Kiovaan ja eri puolille Ukrainaa j\u00e4tti yli miljoona kotitaloutta ja yrityst\u00e4 tilap\u00e4isesti ilman s\u00e4hk\u00f6\u00e4. My\u00f6s vedenjakelu h\u00e4iriintyi iskujen seurauksena.<\/p>\n<p class=\"paragraph\">Harkovan pormestari <a href=\"https:\/\/www.iltalehti.fi\/henkilot\/Ihor Tereh\u2019ov\" class=\"article-link-person-page\" rel=\"nofollow noopener\" target=\"_blank\">Igor Terekhov<\/a> sanoi maanantaina paikallistelevision haastattelussa, ett\u00e4 yksi alueen sairaala vaurioitui iskuissa pahasti ja nelj\u00e4 ihmist\u00e4 loukkaantui. Sairaalasta rikkoutui Terekhovin mukaan noin 200 ikkunaa.<\/p>\n","protected":false},"excerpt":{"rendered":"T\u00e4h\u00e4n artikkeliin on koottu Ukrainan sodan keskeisimm\u00e4t tapahtumat tiistailta 14. lokakuuta 2025. Kyseess\u00e4 on sodan 1\u00a0329. p\u00e4iv\u00e4. Puolan&hellip;\n","protected":false},"author":2,"featured_media":62295,"comment_status":"","ping_status":"","sticky":false,"template":"","format":"standard","meta":{"footnotes":""},"categories":[14],"tags":[35,802,22,23,26,27,33,31,30,17,24,25,803,28,29,15,18,21,142,637,144,32,19,20,56,16,59,60,61],"class_list":{"0":"post-62294","1":"post","2":"type-post","3":"status-publish","4":"format-standard","5":"has-post-thumbnail","7":"category-ulkomaat","8":"tag-24h","9":"tag-armeijat-ja-aseelliset-joukot","10":"tag-breaking-news","11":"tag-breakingnews","12":"tag-featured-news","13":"tag-featurednews","14":"tag-fi","15":"tag-finland","16":"tag-finnish","17":"tag-headlines","18":"tag-latest-news","19":"tag-latestnews","20":"tag-levottomuudet-ja-sodat","21":"tag-main-news","22":"tag-mainnews","23":"tag-news","24":"tag-otsikot","25":"tag-paauutiset","26":"tag-poliitikot","27":"tag-politiikka","28":"tag-presidentti","29":"tag-suomi","30":"tag-top-stories","31":"tag-topstories","32":"tag-ulkomaat","33":"tag-uutiset","34":"tag-world","35":"tag-world-news","36":"tag-worldnews"},"share_on_mastodon":{"url":"","error":""},"_links":{"self":[{"href":"https:\/\/www.europesays.com\/fi\/wp-json\/wp\/v2\/posts\/62294","targetHints":{"allow":["GET"]}}],"collection":[{"href":"https:\/\/www.europesays.com\/fi\/wp-json\/wp\/v2\/posts"}],"about":[{"href":"https:\/\/www.europesays.com\/fi\/wp-json\/wp\/v2\/types\/post"}],"author":[{"embeddable":true,"href":"https:\/\/www.europesays.com\/fi\/wp-json\/wp\/v2\/users\/2"}],"replies":[{"embeddable":true,"href":"https:\/\/www.europesays.com\/fi\/wp-json\/wp\/v2\/comments?post=62294"}],"version-history":[{"count":0,"href":"https:\/\/www.europesays.com\/fi\/wp-json\/wp\/v2\/posts\/62294\/revisions"}],"wp:featuredmedia":[{"embeddable":true,"href":"https:\/\/www.europesays.com\/fi\/wp-json\/wp\/v2\/media\/62295"}],"wp:attachment":[{"href":"https:\/\/www.europesays.com\/fi\/wp-json\/wp\/v2\/media?parent=62294"}],"wp:term":[{"taxonomy":"category","embeddable":true,"href":"https:\/\/www.europesays.com\/fi\/wp-json\/wp\/v2\/categories?post=62294"},{"taxonomy":"post_tag","embeddable":true,"href":"https:\/\/www.europesays.com\/fi\/wp-json\/wp\/v2\/tags?post=62294"}],"curies":[{"name":"wp","href":"https:\/\/api.w.org\/{rel}","templated":true}]}}