{"id":62411,"date":"2025-10-15T03:59:14","date_gmt":"2025-10-15T03:59:14","guid":{"rendered":"https:\/\/www.europesays.com\/fi\/62411\/"},"modified":"2025-10-15T03:59:14","modified_gmt":"2025-10-15T03:59:14","slug":"usu-alkoholikuolemien-maara-lahti-kasvuun-uutisia-lyhyesti","status":"publish","type":"post","link":"https:\/\/www.europesays.com\/fi\/62411\/","title":{"rendered":"USU: Alkoholikuolemien m\u00e4\u00e4r\u00e4 l\u00e4hti kasvuun | Uutisia lyhyesti"},"content":{"rendered":"<p class=\"aw-1gybjub aw-5vja16 ghpEtB kjanFo yle__article__paragraph\">Alkoholin kulutus on silti ollut jo pitk\u00e4\u00e4n laskusuuntainen Suomessa. <\/p>\n<p><img decoding=\"async\" alt=\"Tyhj\u00e4 Suomiviina-pullo lojuu asvaltin pinnalla, j\u00e4tt\u00e4en varjon alustaansa.\" src=\"https:\/\/www.europesays.com\/fi\/wp-content\/uploads\/2025\/10\/39-144196367e4f6d95b55c.jpeg\" class=\"aw-1l9m598 hKVVvP\"\/><\/p>\n<p>Avaa kuvien katselu<\/p>\n<p>Suomessa kuolee enemm\u00e4n ihmisi\u00e4 alkoholiin kuin ennen vuoden 2018 alkoholilain uudistusta. Kuva: Petri Niemi \/ Yle<\/p>\n<p class=\"aw-1gybjub aw-1p7kakr ghpEtB jtovHP yle__article__paragraph\">Alkoholikuolemien m\u00e4\u00e4r\u00e4 on k\u00e4\u00e4ntynyt viime vuosina kasvuun, vaikka alkoholin kulutus Suomessa on jo pitk\u00e4\u00e4n ollut laskusuuntainen, kertoo Uutissuomalainen (USU). Ennen vuoden 2018 alkoholilain uudistusta my\u00f6s alkoholista johtuvien kuolemien m\u00e4\u00e4r\u00e4 oli ollut pitk\u00e4\u00e4n laskussa.<\/p>\n<p class=\"aw-1gybjub aw-1p7kakr ghpEtB jtovHP yle__article__paragraph\">Terveyden ja hyvinvoinnin laitoksen (THL) tutkimusprofessori <strong class=\"aw-ak79eh KyCXm yle__article__strong\">Pia M\u00e4kel\u00e4<\/strong> ei osaa kertoa USU:lle tarkkaa syyt\u00e4 siihen, miksi alkoholin kulutuksen ja kuolleisuuden trendit ovat kesken\u00e4\u00e4n ristiriitaiset. H\u00e4n kuitenkin toteaa, ett\u00e4 erolla on todenn\u00e4k\u00f6isesti jonkinlainen yhteys vuoden 2018 lakimuutokseen.<\/p>\n<p class=\"aw-1gybjub aw-1p7kakr ghpEtB jtovHP yle__article__paragraph\">Vuoden 2018 alkoholilaki nosti muun muassa p\u00e4ivitt\u00e4istavarakaupassa myyt\u00e4vien juomien alkoholipitoisuuden enimm\u00e4ism\u00e4\u00e4r\u00e4n 4,7 prosentista 5,5:een. Viime vuonna raja nostettiin tiettyjen juomien kohdalla kahdeksaan prosenttiin.<\/p>\n<p class=\"aw-1gybjub aw-1p7kakr ghpEtB jtovHP yle__article__paragraph\">Eduskunta k\u00e4sittelee t\u00e4ll\u00e4 hetkell\u00e4 hallituksen esityst\u00e4, jossa my\u00f6s alkoholin verkkokauppa ja kotiinkuljetus sallittaisiin Suomessa.<\/p>\n","protected":false},"excerpt":{"rendered":"Alkoholin kulutus on silti ollut jo pitk\u00e4\u00e4n laskusuuntainen Suomessa. Avaa kuvien katselu Suomessa kuolee enemm\u00e4n ihmisi\u00e4 alkoholiin kuin&hellip;\n","protected":false},"author":2,"featured_media":62412,"comment_status":"","ping_status":"","sticky":false,"template":"","format":"standard","meta":{"footnotes":""},"categories":[5],"tags":[2268,14368,22,23,26,27,33,31,30,17,24,25,28,29,15,18,21,694,32,167,19,20,16],"class_list":{"0":"post-62411","1":"post","2":"type-post","3":"status-publish","4":"format-standard","5":"has-post-thumbnail","7":"category-otsikot","8":"tag-alkoholi","9":"tag-alkoholikuolemat","10":"tag-breaking-news","11":"tag-breakingnews","12":"tag-featured-news","13":"tag-featurednews","14":"tag-fi","15":"tag-finland","16":"tag-finnish","17":"tag-headlines","18":"tag-latest-news","19":"tag-latestnews","20":"tag-main-news","21":"tag-mainnews","22":"tag-news","23":"tag-otsikot","24":"tag-paauutiset","25":"tag-paihteet","26":"tag-suomi","27":"tag-terveys","28":"tag-top-stories","29":"tag-topstories","30":"tag-uutiset"},"share_on_mastodon":{"url":"","error":""},"_links":{"self":[{"href":"https:\/\/www.europesays.com\/fi\/wp-json\/wp\/v2\/posts\/62411","targetHints":{"allow":["GET"]}}],"collection":[{"href":"https:\/\/www.europesays.com\/fi\/wp-json\/wp\/v2\/posts"}],"about":[{"href":"https:\/\/www.europesays.com\/fi\/wp-json\/wp\/v2\/types\/post"}],"author":[{"embeddable":true,"href":"https:\/\/www.europesays.com\/fi\/wp-json\/wp\/v2\/users\/2"}],"replies":[{"embeddable":true,"href":"https:\/\/www.europesays.com\/fi\/wp-json\/wp\/v2\/comments?post=62411"}],"version-history":[{"count":0,"href":"https:\/\/www.europesays.com\/fi\/wp-json\/wp\/v2\/posts\/62411\/revisions"}],"wp:featuredmedia":[{"embeddable":true,"href":"https:\/\/www.europesays.com\/fi\/wp-json\/wp\/v2\/media\/62412"}],"wp:attachment":[{"href":"https:\/\/www.europesays.com\/fi\/wp-json\/wp\/v2\/media?parent=62411"}],"wp:term":[{"taxonomy":"category","embeddable":true,"href":"https:\/\/www.europesays.com\/fi\/wp-json\/wp\/v2\/categories?post=62411"},{"taxonomy":"post_tag","embeddable":true,"href":"https:\/\/www.europesays.com\/fi\/wp-json\/wp\/v2\/tags?post=62411"}],"curies":[{"name":"wp","href":"https:\/\/api.w.org\/{rel}","templated":true}]}}