{"id":62417,"date":"2025-10-15T04:18:10","date_gmt":"2025-10-15T04:18:10","guid":{"rendered":"https:\/\/www.europesays.com\/fi\/62417\/"},"modified":"2025-10-15T04:18:10","modified_gmt":"2025-10-15T04:18:10","slug":"tapparan-veivaus-hatkahdyttaa-asiantuntijaa-valtavat-valmentajauutiset-kertovat-suomi-kiekon-pahimmasta-ongelmasta-urheilua-lyhyesti","status":"publish","type":"post","link":"https:\/\/www.europesays.com\/fi\/62417\/","title":{"rendered":"Tapparan veivaus h\u00e4tk\u00e4hdytt\u00e4\u00e4 asiantuntijaa \u2013 valtavat valmentaja\u00aduutiset kertovat Suomi-kiekon pahimmasta ongelmasta | Urheilua lyhyesti"},"content":{"rendered":"<p class=\"aw-1gybjub aw-1p7kakr ghpEtB jtovHP yle__article__paragraph\">J\u00e4\u00e4kiekkokausi on vasta saatu vauhtiin, mutta valmentajarintamalta on kuultu useita suuria uutisia.<\/p>\n<p class=\"aw-1gybjub aw-1p7kakr ghpEtB jtovHP yle__article__paragraph\">Toki seurat usein tiedottavat tai vuotavat seuraavan kauden p\u00e4\u00e4valmentajansa varhain julkisuuteen, koska se vaikuttaa joukkueen rakentamiseen.<\/p>\n<p class=\"aw-1gybjub aw-1p7kakr ghpEtB jtovHP yle__article__paragraph\">Tuore jymypaukku kuultiin tiistaina, kun Vaasan Sport palkkasi Leijoniakin luotsanneen <strong class=\"aw-ak79eh KyCXm yle__article__strong\">Doug Sheddenin<\/strong>.<\/p>\n<p class=\"aw-1gybjub aw-1p7kakr ghpEtB jtovHP yle__article__paragraph\">Niputimme Ylen j\u00e4\u00e4kiekkoasiantuntijan <strong class=\"aw-ak79eh KyCXm yle__article__strong\">Ismo Lehkosen<\/strong> kanssa muutkin isot suomalaiset valmentajauutiset.<\/p>\n<p>Jussi Tapola<\/p>\n<p class=\"aw-1gybjub aw-1p7kakr ghpEtB jtovHP yle__article__paragraph\">Tapparassa niin apuvalmentajana, p\u00e4\u00e4valmentajana kuin urheilupomona mainetta niitt\u00e4nyt <strong class=\"aw-ak79eh KyCXm yle__article__strong\">Jussi Tapola<\/strong> <a class=\"aw-iao6s4 iHOxEa yle__article__link\" href=\"https:\/\/yle.fi\/a\/74-20186054\" role=\"link\" rel=\"nofollow noopener\" target=\"_blank\">sai kenk\u00e4\u00e4<\/a> Sveitsin suurseurasta Bernist\u00e4 kolmannen Sveitsin-kautensa alussa.<\/p>\n<p class=\"aw-1gybjub aw-1p7kakr ghpEtB jtovHP yle__article__paragraph\">Ensimm\u00e4isell\u00e4 kaudellaan Tapola johdatti Bernin runkosarjan viidenneksi ja toisellaan kolmanneksi. Kaudet kuitenkin p\u00e4\u00e4ttyiv\u00e4t puoliv\u00e4lieriin.<\/p>\n<p class=\"aw-1gybjub aw-1p7kakr ghpEtB jtovHP yle__article__paragraph\">Nyt Tapola sai l\u00e4hte\u00e4, kun Bern oli napannut yhdeks\u00e4st\u00e4 ottelusta kaksi varsinaisen peliajan voittoa.<\/p>\n<p><img decoding=\"async\" alt=\"Jussi Tapola Bernin p\u00e4\u00e4valmentajana syksyll\u00e4 2025.\" src=\"https:\/\/www.europesays.com\/fi\/wp-content\/uploads\/2025\/10\/39-153832468ee861630afe.jpeg\" loading=\"lazy\" class=\"aw-1l9m598 hKVVvP\"\/><\/p>\n<p>Avaa kuvien katselu<\/p>\n<p>Jussi Tapola vei p\u00e4\u00e4valmentajana Tapparan nelj\u00e4 kertaa Suomen mestariksi. Kuva: Imago \/ Pius Koller \/ All Over Press<\/p>\n<p class=\"aw-1gybjub aw-1p7kakr ghpEtB jtovHP yle__article__paragraph\">Potkut eiv\u00e4t yll\u00e4tt\u00e4neet Lehkosta lainkaan.<\/p>\n<p class=\"aw-1gybjub aw-1p7kakr ghpEtB jtovHP yle__article__paragraph\">\u2013 Bern on kuitenkin joukkue, jonka on vuodesta toiseen pelattava mestaruudesta tuolla materiaalillaan, budjetillaan ja fanipohjallaan. Se oli viime vuonnakin takkuilevaa.<\/p>\n<p class=\"aw-1gybjub aw-1p7kakr ghpEtB jtovHP yle__article__paragraph\">\u2013 Tapola oli kuitenkin aika vaikeassa paikassa, koska h\u00e4nen piti yritt\u00e4\u00e4 ajaa omia junnuja sis\u00e4\u00e4n ja silti tehd\u00e4 tulosta.<\/p>\n<p><img decoding=\"async\" alt=\"Heinz Ehlers EHC Vispin p\u00e4\u00e4valmentajana.\" src=\"https:\/\/www.europesays.com\/fi\/wp-content\/uploads\/2025\/10\/39-153834768eeacea7d963.jpeg\" loading=\"lazy\" class=\"aw-1l9m598 hKVVvP\"\/><\/p>\n<p>Avaa kuvien katselu<\/p>\n<p>Mittavan valmentajauran Sveitsin kahdella ylimm\u00e4ll\u00e4 sarjatasolla tehnyt Heinz Ehlers on Bernin uusi luotsi. H\u00e4n on Tanskan supert\u00e4htihy\u00f6kk\u00e4\u00e4j\u00e4n, Carolina Hurricanesia edustavan Nikolaj Ehlersin is\u00e4. Kuva: Pascal von B\u00fcren \/ SPP \/ AOP<\/p>\n<p class=\"aw-1gybjub aw-1p7kakr ghpEtB jtovHP yle__article__paragraph\">Tapola saa viel\u00e4 nostella rauhassa palkkaa Sveitsiss\u00e4, mutta on kiinnostava nimi SM-liigaakin ajatellen.<\/p>\n<p class=\"aw-1gybjub aw-1p7kakr ghpEtB jtovHP yle__article__paragraph\">H\u00e4n on Leijonien apuvalmentaja, mutta h\u00e4nen sijastaan olympialaisissa Leijonien valmennustiimiin kuuluu <strong class=\"aw-ak79eh KyCXm yle__article__strong\">Ville Peltonen<\/strong>. Tilanne voi viel\u00e4 keikahtaa, koska Tapolalla on aikaa, kun taas Peltonen on nyt p\u00e4\u00e4valmentaja.<\/p>\n<p>Ville Peltonen<\/p>\n<p class=\"aw-1gybjub aw-1p7kakr ghpEtB jtovHP yle__article__paragraph\">Geneve-Servetten apuvalmentajana kauden aloittanut Peltonen <a class=\"aw-iao6s4 iHOxEa yle__article__link\" href=\"https:\/\/yle.fi\/a\/74-20188162\" role=\"link\" rel=\"nofollow noopener\" target=\"_blank\">nousi p\u00e4\u00e4valmentajaksi<\/a>, kun <a class=\"aw-iao6s4 iHOxEa yle__article__link\" href=\"https:\/\/yle.fi\/a\/74-20186855\" role=\"link\" rel=\"nofollow noopener\" target=\"_blank\">seura erotti<\/a> <strong class=\"aw-ak79eh KyCXm yle__article__strong\">Yorick Treillen<\/strong>. Ensi kaudeksi Geneven p\u00e4\u00e4valmentajaksi tulee Ruotsin maajoukkueen nykyinen p\u00e4\u00e4valmentaja <strong class=\"aw-ak79eh KyCXm yle__article__strong\">Sam Hallam<\/strong>.<\/p>\n<p><img decoding=\"async\" alt=\"Ville Peltonen Geneven p\u00e4\u00e4valmentajana.\" src=\"https:\/\/www.europesays.com\/fi\/wp-content\/uploads\/2025\/10\/39-153834868eeae5934cf6.jpeg\" loading=\"lazy\" class=\"aw-1l9m598 hKVVvP\"\/><\/p>\n<p>Avaa kuvien katselu<\/p>\n<p>Ville Peltonen sai kev\u00e4\u00e4ll\u00e4 potkut HIFK:sta. H\u00e4n siirtyi Sveitsiin, jossa nousikin yll\u00e4tt\u00e4en nyt p\u00e4\u00e4valmentajaksi. Kuva: Imago \/ Pius Koller \/ All Over Press<\/p>\n<p class=\"aw-1gybjub aw-1p7kakr ghpEtB jtovHP yle__article__paragraph\">Lehkonen on seuraillut seuran otteita kiinnostuneena. Pelaahan Genevess\u00e4 suomalaisista puolustaja <strong class=\"aw-ak79eh KyCXm yle__article__strong\">Vili Saarij\u00e4rvi<\/strong> sek\u00e4 ykk\u00f6sketjun miehet <strong class=\"aw-ak79eh KyCXm yle__article__strong\">Jesse Puljuj\u00e4rvi<\/strong>, <strong class=\"aw-ak79eh KyCXm yle__article__strong\">Sakari Manninen<\/strong> ja <strong class=\"aw-ak79eh KyCXm yle__article__strong\">Markus Granlund<\/strong>.<\/p>\n<p class=\"aw-1gybjub aw-1p7kakr ghpEtB jtovHP yle__article__paragraph\">Ranskalaisp\u00e4\u00e4valmentajan potkuihin vaikuttivat kaksi murskatappiota, jotka saivat seurajohdon ajattelemaan, ett\u00e4 jotain on teht\u00e4v\u00e4. Geneve h\u00e4visi Lausannelle 0\u201311 ja Bielille 0\u20138.<\/p>\n<p class=\"aw-1gybjub aw-1p7kakr ghpEtB jtovHP yle__article__paragraph\">Esimerkiksi alivoima ja oman alueen puolustuspelaaminen eiv\u00e4t ole toimineet. Ajoittain joukkue vaikutti luovuttavan helposti, Lehkonen n\u00e4kee.<\/p>\n<p class=\"aw-1gybjub aw-1p7kakr ghpEtB jtovHP yle__article__paragraph\">\u2013 Kyll\u00e4 se sitten yll\u00e4tti, ett\u00e4 he laittoivat Peltosen p\u00e4\u00e4valmentajaksi. On mielenkiintoista n\u00e4hd\u00e4, miten h\u00e4n saa joukkueen pelaamaan rakenteellisesti ehj\u00e4sti 60 minuuttia illasta toiseen.<\/p>\n<p class=\"aw-1gybjub aw-1p7kakr ghpEtB jtovHP yle__article__paragraph\">Lehkonen n\u00e4kee, ett\u00e4 Genevess\u00e4 voisi olla suomalaisittain \u201djytky-yll\u00e4tyksen\u201d mahdollisuus, koska materiaaliltaan kasassa on vahva joukkue, joka parhaimmillaan esitt\u00e4\u00e4 hienoa flow-kiekkoa.<\/p>\n<p class=\"aw-1gybjub aw-1p7kakr ghpEtB jtovHP yle__article__paragraph\">\u2013 Villen kaksi ensimm\u00e4ist\u00e4 p\u00e4\u00e4valmentajaottelua olivat ehj\u00e4\u00e4 pelaamista. Koko joukkue oli selv\u00e4sti vakavoitunut.<\/p>\n<p>Rikard Gr\u00f6nborg<\/p>\n<p class=\"aw-1gybjub aw-1p7kakr ghpEtB jtovHP yle__article__paragraph\"><strong class=\"aw-ak79eh KyCXm yle__article__strong\">Rikard Gr\u00f6nborg<\/strong> palkattiin Tapparaan kolmevuotisella sopimuksella toukokuussa 2023. Kolmeen kauteen projekti my\u00f6s j\u00e4\u00e4. <a class=\"aw-iao6s4 iHOxEa yle__article__link\" href=\"https:\/\/yle.fi\/a\/74-20188260\" role=\"link\" rel=\"nofollow noopener\" target=\"_blank\">Gr\u00f6nborg palaa<\/a> Ruotsin p\u00e4\u00e4valmentajaksi.<\/p>\n<p class=\"aw-1gybjub aw-1p7kakr ghpEtB jtovHP yle__article__paragraph\">Se, ett\u00e4 tilanne on jo tiedossa, vaikuttaa Tapparan kauteen vain positiivisesti, Lehkonen uskoo.<\/p>\n<p><img decoding=\"async\" alt=\"Gr\u00f6nborg huutaa. \" src=\"https:\/\/www.europesays.com\/fi\/wp-content\/uploads\/2025\/10\/39-143688267d80a73cccf0.jpeg\" loading=\"lazy\" class=\"aw-1l9m598 hKVVvP\"\/><\/p>\n<p>Avaa kuvien katselu<\/p>\n<p>Tappara voitti Rikard Gr\u00f6nborgin ensimm\u00e4isell\u00e4 kaudella mestaruuden, mutta viime kaudella romahduksen kruunasi puoliv\u00e4lierien tappio Ilvekselle tylysti voitoin 0\u20134.<\/p>\n<p class=\"aw-1gybjub aw-1p7kakr ghpEtB jtovHP yle__article__paragraph\">\u2013 N\u00e4in heti alkukaudesta, ett\u00e4 Gr\u00f6nborg oli rauhoittunut hirve\u00e4sti. Edellisest\u00e4 vuodesta oli tehty kylm\u00e4t laskelmat, mit\u00e4 pit\u00e4\u00e4 korjata, Lehkonen kehuu Tapparaa.<\/p>\n<p class=\"aw-1gybjub aw-1p7kakr ghpEtB jtovHP yle__article__paragraph\">\u2013 Tappara on juuri sellainen joukko, jolla on aidosti mahdollisuudet p\u00e4rj\u00e4t\u00e4, kun pelaajat saavat ty\u00f6rauhan. Gr\u00f6nborgin t\u00e4m\u00e4nhetkinen toiminta takaa ty\u00f6rauhan. Ylim\u00e4\u00e4r\u00e4inen kiihkoilu on j\u00e4tetty pois.<\/p>\n<p><img decoding=\"async\" alt=\"Tapparan Henrik Haapala hymyilee.\" src=\"https:\/\/www.europesays.com\/fi\/wp-content\/uploads\/2025\/10\/39-153834968eeaf6f53f21.jpeg\" loading=\"lazy\" class=\"aw-1l9m598 hKVVvP\"\/><\/p>\n<p>Avaa kuvien katselu<\/p>\n<p>Tapparan pelaajistoon on tuotu vahvasti lis\u00e4\u00e4 paikallisuutta, kuten Henrik Haapala, kun taas naapuriseura Ilves on nyt liigan ulkomaalaispitoisin. Kuva: Vesa P\u00f6pp\u00f6nen \/ AOP<\/p>\n<p class=\"aw-1gybjub aw-1p7kakr ghpEtB jtovHP yle__article__paragraph\">\u2013 Kaksinkamppailupelaaminen, irtokiekkopelaaminen, kontaktihakuisuus, mutta ennen kaikkea tamperelainen syd\u00e4n puuttuivat edelliskaudella.<\/p>\n<p class=\"aw-1gybjub aw-1p7kakr ghpEtB jtovHP yle__article__paragraph\">Lehkonen oli kuulemiensa huhujen perusteella ajatellut, ett\u00e4 Gr\u00f6nborg palaa Ruotsiin, mutta Luulajan p\u00e4\u00e4valmentajaksi. Se yll\u00e4tti asiantuntijan, ett\u00e4 Gr\u00f6nborg palaa juuri maajoukkueeseen.<\/p>\n<p class=\"aw-1gybjub aw-1p7kakr ghpEtB jtovHP yle__article__paragraph\">\u2013 Sitten toisaalta ei yll\u00e4t\u00e4, koska Gr\u00f6nborg on voittanut maailmanmestaruuden. Ruotsin j\u00e4\u00e4kiekkoliitto halusi sellaisen valmentajan, joka on sen tehnyt aiemminkin. Ruotsin j\u00e4\u00e4kiekkoliiton t\u00e4ytyy kiillottaa kilpe\u00e4\u00e4n kovaa vauhtia.<\/p>\n<p class=\"aw-1gybjub aw-1p7kakr ghpEtB jtovHP yle__article__paragraph\">Ruotsin edellinen arvokisavoitto on vuoden 2018 MM-kulta \u2013 Gr\u00f6nborgin johdolla.<\/p>\n<p>Kari Jalonen<\/p>\n<p class=\"aw-1gybjub aw-1p7kakr ghpEtB jtovHP yle__article__paragraph\"><a class=\"aw-iao6s4 iHOxEa yle__article__link\" href=\"https:\/\/open.spotify.com\/show\/3Bza9iLXTdaGvyxPGUDyBe\" role=\"link\" rel=\"nofollow noopener\" target=\"_blank\">Urheilucast<\/a> ja <a class=\"aw-iao6s4 iHOxEa yle__article__link\" href=\"https:\/\/www.hs.fi\/urheilu\/art-2000011557494.html\" role=\"link\" rel=\"nofollow noopener\" target=\"_blank\">Sanoma<\/a> uutisoivat, ett\u00e4 legendaarinen <strong class=\"aw-ak79eh KyCXm yle__article__strong\">Kari Jalonen<\/strong> on ensi kaudella Tapparan p\u00e4\u00e4valmentaja.<\/p>\n<p><img decoding=\"async\" alt=\"Kari Jalonen valmentamassa K\u00f6lner Haieta.\" src=\"https:\/\/www.europesays.com\/fi\/wp-content\/uploads\/2025\/10\/39-145189467fe72983862e.jpeg\" loading=\"lazy\" class=\"aw-1l9m598 hKVVvP\"\/><\/p>\n<p>Avaa kuvien katselu<\/p>\n<p>Tappara saa kaiken n\u00e4hneen voittajan, mutta silti Ismo Lehkonen pit\u00e4\u00e4 t\u00e4t\u00e4kin yll\u00e4tysuutisena. Kuva: Maximilian Koch \/ AOP<\/p>\n<p class=\"aw-1gybjub aw-1p7kakr ghpEtB jtovHP yle__article__paragraph\">\u2013 No t\u00e4m\u00e4 on aika hauska, koska <strong class=\"aw-ak79eh KyCXm yle__article__strong\">Jukka Rautakorven<\/strong> ja Tapolan ajoista, turvallisesta prosenttil\u00e4tk\u00e4st\u00e4 haluttiin eroon Gr\u00f6nborgin kautta.<\/p>\n<p class=\"aw-1gybjub aw-1p7kakr ghpEtB jtovHP yle__article__paragraph\">Tappara-pomo <strong class=\"aw-ak79eh KyCXm yle__article__strong\">Mikko Leinonen<\/strong> hommasi Gr\u00f6nborgin, koska seurasta haluttiin vauhdikkaampi ja v\u00e4rikk\u00e4\u00e4mpi. Pelk\u00e4t mestaruudet eiv\u00e4t viihteeksi riitt\u00e4neet.<\/p>\n<p class=\"aw-1gybjub aw-1p7kakr ghpEtB jtovHP yle__article__paragraph\">Jalonen on paluuta vanhaan.<\/p>\n<p class=\"aw-1gybjub aw-1p7kakr ghpEtB jtovHP yle__article__paragraph\">\u2013 Jalonen valmentaa tietynlaista meid\u00e4n peli\u00e4. Ollaan huolellisia kiekollisesti ja kaikki ylily\u00f6nnit ovat pannassa.<\/p>\n<p class=\"aw-1gybjub aw-1p7kakr ghpEtB jtovHP yle__article__paragraph\">\u2013 Oli t\u00e4m\u00e4 pieni yll\u00e4tys, koska ajattelin, ett\u00e4 Tappara haluaa sellaisesta pelaamisesta poisp\u00e4in, mutta Tapparassa tehd\u00e4\u00e4n kaikki ratkaisut pitk\u00e4j\u00e4nteisell\u00e4 mietinn\u00e4ll\u00e4. Ovat tulleet tulokseen, ett\u00e4 Jalonen tuo pelillisen j\u00e4m\u00e4kkyyden, jolla runkosarjan heilahtelut h\u00e4ipyv\u00e4t.<\/p>\n<p><img decoding=\"async\" alt=\"Kari Jalonen Tshekin vaihtoaitiossa\" src=\"https:\/\/www.europesays.com\/fi\/wp-content\/uploads\/2025\/10\/39-959198628be0e34c58f.jpeg\" loading=\"lazy\" class=\"aw-1l9m598 hKVVvP\"\/><\/p>\n<p>Avaa kuvien katselu<\/p>\n<p>\u2013 Mutta voittavasta valmentajastahan on kyse, hei, Ismo Lehkonen summaa Kari Jalosen hankintaa. Kuva: Tomi H\u00e4nninen<\/p>\n<p class=\"aw-1gybjub aw-1p7kakr ghpEtB jtovHP yle__article__paragraph\">Uutta, vuoteen 2030 ulottuvaa urheilustrategiaa kehitellyt Tappara reivasi johtoaan elokuussa. Leinonen j\u00e4tt\u00e4ytyi hallituksen erityisasiantuntijaksi, <a class=\"aw-iao6s4 iHOxEa yle__article__link\" href=\"https:\/\/www.tappara.fi\/fi-fi\/article\/uutiset\/tappara-uudistaa-johtoaan-seuraavaan-strategiakauteen-entista-vahvempana\/6814\/\" role=\"link\" rel=\"nofollow noopener\" target=\"_blank\">puheenjohtajaksi tuli<\/a> <strong class=\"aw-ak79eh KyCXm yle__article__strong\">Lasse Aho<\/strong>. Toimitusjohtaja <strong class=\"aw-ak79eh KyCXm yle__article__strong\">Mika Aron<\/strong> <a class=\"aw-iao6s4 iHOxEa yle__article__link\" href=\"https:\/\/www.tappara.fi\/fi-fi\/article\/uutiset\/ari-penttila-nimitetty-tamhockey-oyn-toimitusjohtajaksi\/6842\/\" role=\"link\" rel=\"nofollow noopener\" target=\"_blank\">korvasi<\/a> <strong class=\"aw-ak79eh KyCXm yle__article__strong\">Ari Penttil\u00e4<\/strong>.<\/p>\n<p class=\"aw-1gybjub aw-1p7kakr ghpEtB jtovHP yle__article__paragraph\">Kes\u00e4ll\u00e4 urheilupomoksi saapui <strong class=\"aw-ak79eh KyCXm yle__article__strong\">Janne Vuorinen<\/strong> Porin \u00c4ssist\u00e4.<\/p>\n<p>Kokemus<\/p>\n<p class=\"aw-1gybjub aw-1p7kakr ghpEtB jtovHP yle__article__paragraph\">Kokemus on j\u00e4lleen valmentajamarkkinoilla arvossaan, toisin kuin viel\u00e4 jokunen vuosi sitten SM-liigan trendi vaikutti olevan.<\/p>\n<p class=\"aw-1gybjub aw-1p7kakr ghpEtB jtovHP yle__article__paragraph\">\u2013 No ei kyll\u00e4 yll\u00e4t\u00e4. Sit\u00e4 olen jo kaivannut, Lehkonen pamauttaa ja alkaa puhua SM-liigan sarjataulukosta.<\/p>\n<p class=\"aw-1gybjub aw-1p7kakr ghpEtB jtovHP yle__article__paragraph\">\u2013 Sellaisia valmentajia, etteiv\u00e4t pienet jutut tai yksitt\u00e4iset ottelut henkisesti heilauta.<\/p>\n<p><img decoding=\"async\" alt=\"Jarno Pikkarainen valmentajana.\" src=\"https:\/\/www.europesays.com\/fi\/wp-content\/uploads\/2025\/10\/39-153541368e679630e6f4.jpeg\" loading=\"lazy\" class=\"aw-1l9m598 hKVVvP\"\/><\/p>\n<p>Avaa kuvien katselu<\/p>\n<p>SM-liigan k\u00e4rjess\u00e4 on \u201dkokeneen soturin\u201d Jarno Pikkaraisen \u00c4ss\u00e4t. Sitten taulukosta l\u00f6ytyv\u00e4t Petri Matikaisen JYP, Raimo Helmisen SaiPa ja Jouko Myrr\u00e4n KooKoo.  Kuva: All Over Press<\/p>\n<p class=\"aw-1gybjub aw-1p7kakr ghpEtB jtovHP yle__article__paragraph\">Lehkonen korostaa kokeneiden valmentajien pelitapapankkeja ja niiden viemist\u00e4 harjoitteluun, mutta paaluttaa lopuksi kauan tunnistettuja Suomi-kiekon ongelmakohtia.<\/p>\n<p class=\"aw-1gybjub aw-1p7kakr ghpEtB jtovHP yle__article__paragraph\">\u2013 Suomen j\u00e4\u00e4kiekon isoimpia ongelmia on ollut suljettu liiga. Sit\u00e4 kautta Mestis ei ole pystynyt tuottamaan meille uusia valmentajia, eik\u00e4 A-junnut ei ole pystynyt tuottamaan.<\/p>\n<p class=\"aw-1gybjub aw-1p7kakr ghpEtB jtovHP yle__article__paragraph\">Lehkonen kuvailee Mestist\u00e4 ja A-junnuja \u201dpuhelinsarjoiksi\u201d.<\/p>\n<p class=\"aw-1gybjub aw-1p7kakr ghpEtB jtovHP yle__article__paragraph\">\u2013 Eli soitat puhelimella koko ajan itsellesi pelaajia, eik\u00e4 voittamisella tai h\u00e4vi\u00e4misell\u00e4 ole merkityst\u00e4.<\/p>\n<p class=\"aw-1gybjub aw-1p7kakr ghpEtB jtovHP yle__article__paragraph\">\u2013 Meilt\u00e4 puuttuu monta sukupolvea nuoria valmentajia. Kun sitten heit\u00e4 jostain kumman syyst\u00e4 nostetaan, he eiv\u00e4t ole tottuneet pelaamaan paineen alla. Sen takia nuoret valmentajat kyykk\u00e4\u00e4v\u00e4t nopeasti.<\/p>\n","protected":false},"excerpt":{"rendered":"J\u00e4\u00e4kiekkokausi on vasta saatu vauhtiin, mutta valmentajarintamalta on kuultu useita suuria uutisia. Toki seurat usein tiedottavat tai vuotavat&hellip;\n","protected":false},"author":2,"featured_media":62418,"comment_status":"","ping_status":"","sticky":false,"template":"","format":"standard","meta":{"footnotes":""},"categories":[158],"tags":[33,31,30,1143,14369,2973,159,4686,32,160],"class_list":{"0":"post-62417","1":"post","2":"type-post","3":"status-publish","4":"format-standard","5":"has-post-thumbnail","7":"category-urheilu","8":"tag-fi","9":"tag-finland","10":"tag-finnish","11":"tag-jaakiekko","12":"tag-jaakiekkovalmentajat","13":"tag-sm-liiga","14":"tag-sports","15":"tag-suomen-jaakiekko","16":"tag-suomi","17":"tag-urheilu"},"share_on_mastodon":{"url":"","error":""},"_links":{"self":[{"href":"https:\/\/www.europesays.com\/fi\/wp-json\/wp\/v2\/posts\/62417","targetHints":{"allow":["GET"]}}],"collection":[{"href":"https:\/\/www.europesays.com\/fi\/wp-json\/wp\/v2\/posts"}],"about":[{"href":"https:\/\/www.europesays.com\/fi\/wp-json\/wp\/v2\/types\/post"}],"author":[{"embeddable":true,"href":"https:\/\/www.europesays.com\/fi\/wp-json\/wp\/v2\/users\/2"}],"replies":[{"embeddable":true,"href":"https:\/\/www.europesays.com\/fi\/wp-json\/wp\/v2\/comments?post=62417"}],"version-history":[{"count":0,"href":"https:\/\/www.europesays.com\/fi\/wp-json\/wp\/v2\/posts\/62417\/revisions"}],"wp:featuredmedia":[{"embeddable":true,"href":"https:\/\/www.europesays.com\/fi\/wp-json\/wp\/v2\/media\/62418"}],"wp:attachment":[{"href":"https:\/\/www.europesays.com\/fi\/wp-json\/wp\/v2\/media?parent=62417"}],"wp:term":[{"taxonomy":"category","embeddable":true,"href":"https:\/\/www.europesays.com\/fi\/wp-json\/wp\/v2\/categories?post=62417"},{"taxonomy":"post_tag","embeddable":true,"href":"https:\/\/www.europesays.com\/fi\/wp-json\/wp\/v2\/tags?post=62417"}],"curies":[{"name":"wp","href":"https:\/\/api.w.org\/{rel}","templated":true}]}}