{"id":62427,"date":"2025-10-15T04:25:12","date_gmt":"2025-10-15T04:25:12","guid":{"rendered":"https:\/\/www.europesays.com\/fi\/62427\/"},"modified":"2025-10-15T04:25:12","modified_gmt":"2025-10-15T04:25:12","slug":"viro-valmistelee-poikkeustoimia-itarajallaan","status":"publish","type":"post","link":"https:\/\/www.europesays.com\/fi\/62427\/","title":{"rendered":"Viro valmistelee poikkeustoimia it\u00e4rajallaan"},"content":{"rendered":"<p>Viro suunnittelee ohitustiet\u00e4 Saatse Bootin alueelle, jossa virolaiset ovat joutuneet ajamaan l\u00e4hes kilometrin matkan Ven\u00e4j\u00e4n alueen l\u00e4pi.<\/p>\n<p><img decoding=\"async\" class=\"image image-show image-preview\" src=\"https:\/\/www.europesays.com\/fi\/wp-content\/uploads\/2025\/10\/0c6ade751d4269394b947763a71548c87dfd3d9bea1ad55a2569ae26ec18f2ce.jpg\" alt=\"\"\/><img decoding=\"async\" class=\"image image-show\" src=\"https:\/\/www.europesays.com\/fi\/wp-content\/uploads\/2025\/10\/1760502312_783_0c6ade751d4269394b947763a71548c87dfd3d9bea1ad55a2569ae26ec18f2ce.jpg\" alt=\"\"\/><\/p>\n<p>Saatse Bootin, suomennettuna Saatsen saappaan ylityspaikka Viron ja Ven\u00e4j\u00e4n rajalla. Arkistokuva.<br \/>\n Jussi Laine<\/p>\n<p class=\"paragraph\">Viikonloppuna Viron poliisi- ja rajavartiolaitos PPA sulki V\u00e4rskan ja Saatsen v\u00e4lisen rajanylityspaikan. P\u00e4\u00e4t\u00f6s tehtiin sen j\u00e4lkeen, kun Ven\u00e4j\u00e4n alueen l\u00e4pi kulkevalle Saatse Bootin tieosuudelle ilmestyi aseistettu ven\u00e4l\u00e4inen yksikk\u00f6.<\/p>\n<p class=\"paragraph\">Hallitus harkitsee nyt lakimuutoksia, jotka mahdollistaisivat ohitustien nopeutetun rakentamisen kansallisen turvallisuuden nimiss\u00e4. Ymp\u00e4rist\u00f6vaikutusten arviointi on viiv\u00e4stytt\u00e4nyt jo viime vuonna alulle pantua tiehanketta.<\/p>\n<p class=\"paragraph\">Viron yleisradioyhti\u00f6 <a href=\"https:\/\/news.err.ee\/1609828299\/government-may-waive-bureaucracy-to-speed-up-saatse-boot-bypass-minister-says\" target=\"_blank\" rel=\"noopener nofollow\">ERR:n<\/a> mukaan maan hallitus aikoo nyt keskustella nopeutetusta k\u00e4sittelyst\u00e4, jonka avulla ohitustie saataisiin valmiiksi mahdollisesti jo vuoden 2026 syksyksi.<\/p>\n<p class=\"paragraph\">Virolaiset ovat saaneet k\u00e4ytt\u00e4\u00e4 Ven\u00e4j\u00e4n alueen l\u00e4pi kulkevaa tiet\u00e4, kunhan ajoneuvot eiv\u00e4t pys\u00e4hdy matkan aikana. Saatse Boot on Ven\u00e4j\u00e4n maa-alue, joka l\u00e4p\u00e4isee saapasmaisesti osan Viron Setomaan kunnasta.<\/p>\n<p class=\"paragraph\">T\u00e4h\u00e4n asti k\u00e4yt\u00f6ss\u00e4 ollut tie Viron kylien v\u00e4lill\u00e4 on vienyt Saatse Bootin l\u00e4pi, jolloin virolaiset ovat ajaneet l\u00e4hes kilometrin mittaisen matkan Ven\u00e4j\u00e4n alueella. Kyseinen V\u00e4rska\u2013Ulitina-tie on ainoa p\u00e4\u00e4llystetty reitti Saatseen. Vaihtoehtoina ovat useiden kymmenien kilometrien mittainen kiertotie kapealla mets\u00e4polulla tai soratiell\u00e4.<\/p>\n<p>Tarve lakimuutoksille<\/p>\n<p class=\"paragraph\">Viron hallitus hyv\u00e4ksyi ohitustien rakentamisen toukokuussa 2024. Maan liikennevirasto aloitti ohitustien alustavat suunnittelut pian t\u00e4m\u00e4n j\u00e4lkeen. Rahoitus ohitustiehankkeelle my\u00f6nnettiin t\u00e4n\u00e4 vuonna.<\/p>\n<p class=\"paragraph\">Rakennusty\u00f6t viiv\u00e4styiv\u00e4t t\u00e4m\u00e4n vuoden toukokuussa, kun maan ymp\u00e4rist\u00f6lautakunta p\u00e4\u00e4tti, ett\u00e4 kiertotien rakentaminen vaatii t\u00e4ydellisen kartoituksen ymp\u00e4rist\u00f6vaikutuksista.<\/p>\n<p class=\"paragraph\">Suunnitellulta reitilt\u00e4 l\u00f6ydettiin muun muassa suojeltuja kasvilajeja. Ymp\u00e4rist\u00f6vaikutusten arvioinnin on m\u00e4\u00e4r\u00e4 valmistua elokuussa 2026, jolloin lupa hankkeelle voitaisiin my\u00f6nt\u00e4\u00e4. Rakennusty\u00f6t olisi mahdollista aloittaa vasta sen j\u00e4lkeen.<\/p>\n<p class=\"paragraph\">Infrastruktuuriministeri <strong>Kuldar Leis<\/strong> kertoi ERR:n haastattelussa, ett\u00e4 viikonlopun tapaus ven\u00e4l\u00e4isyksik\u00f6n kanssa on avannut tarpeen keskustella ratkaisujen nopeuttamisesta.<\/p>\n<p class=\"paragraph\">Leis esitti mahdolliseksi ratkaisuksi, ett\u00e4 ymp\u00e4rist\u00f6nsuojelulakeja muutettaisiin siten, ett\u00e4 ohitustien rakentaminen olisi mahdollista kansallisen turvallisuuden nimiss\u00e4. Sellainen p\u00e4\u00e4t\u00f6s vaatii parlamentin hyv\u00e4ksynn\u00e4n.<\/p>\n<p class=\"paragraph\">\u2013 T\u00e4h\u00e4n asti olemme k\u00e4sitelleet Saatse Bootin ohitustiet\u00e4 tavallisena tiehankkeena. Nyt kanta on, ett\u00e4 k\u00e4sittelemme sit\u00e4 kansallisen turvallisuuden edellytt\u00e4m\u00e4n\u00e4 rakentamisena, Leis sanoi ERR:ll\u00e4.<\/p>\n<p class=\"paragraph\">Leisin mukaan Viron ministereiden v\u00e4lill\u00e4 vallitsee yksimielisyys siit\u00e4, ett\u00e4 tilanne on ratkaistava pikaisesti. Hallitus aikoo keskustella lakimuutoksesta torstaina. Kokouksessa poliisi- ja rajavartiolaitos PPA:n on m\u00e4\u00e4r\u00e4 esitell\u00e4 hallitukselle turvallisuusarvio, jonka perusteella hallitus p\u00e4\u00e4tt\u00e4\u00e4, voidaanko rajanylityspaikka mahdollisesti avata uudelleen.<\/p>\n","protected":false},"excerpt":{"rendered":"Viro suunnittelee ohitustiet\u00e4 Saatse Bootin alueelle, jossa virolaiset ovat joutuneet ajamaan l\u00e4hes kilometrin matkan Ven\u00e4j\u00e4n alueen l\u00e4pi. Saatse&hellip;\n","protected":false},"author":2,"featured_media":62428,"comment_status":"","ping_status":"","sticky":false,"template":"","format":"standard","meta":{"footnotes":""},"categories":[5],"tags":[35,22,23,26,27,33,31,30,863,17,24,25,121,28,29,15,18,21,4281,637,5667,32,19,20,16],"class_list":{"0":"post-62427","1":"post","2":"type-post","3":"status-publish","4":"format-standard","5":"has-post-thumbnail","7":"category-otsikot","8":"tag-24h","9":"tag-breaking-news","10":"tag-breakingnews","11":"tag-featured-news","12":"tag-featurednews","13":"tag-fi","14":"tag-finland","15":"tag-finnish","16":"tag-hallitus","17":"tag-headlines","18":"tag-latest-news","19":"tag-latestnews","20":"tag-liikenne-ja-kuljetus","21":"tag-main-news","22":"tag-mainnews","23":"tag-news","24":"tag-otsikot","25":"tag-paauutiset","26":"tag-poliisitoimi-ja-rajojen-vartiointi","27":"tag-politiikka","28":"tag-rajojen-vartiointi-ja-vaestonsuojelu","29":"tag-suomi","30":"tag-top-stories","31":"tag-topstories","32":"tag-uutiset"},"share_on_mastodon":{"url":"","error":""},"_links":{"self":[{"href":"https:\/\/www.europesays.com\/fi\/wp-json\/wp\/v2\/posts\/62427","targetHints":{"allow":["GET"]}}],"collection":[{"href":"https:\/\/www.europesays.com\/fi\/wp-json\/wp\/v2\/posts"}],"about":[{"href":"https:\/\/www.europesays.com\/fi\/wp-json\/wp\/v2\/types\/post"}],"author":[{"embeddable":true,"href":"https:\/\/www.europesays.com\/fi\/wp-json\/wp\/v2\/users\/2"}],"replies":[{"embeddable":true,"href":"https:\/\/www.europesays.com\/fi\/wp-json\/wp\/v2\/comments?post=62427"}],"version-history":[{"count":0,"href":"https:\/\/www.europesays.com\/fi\/wp-json\/wp\/v2\/posts\/62427\/revisions"}],"wp:featuredmedia":[{"embeddable":true,"href":"https:\/\/www.europesays.com\/fi\/wp-json\/wp\/v2\/media\/62428"}],"wp:attachment":[{"href":"https:\/\/www.europesays.com\/fi\/wp-json\/wp\/v2\/media?parent=62427"}],"wp:term":[{"taxonomy":"category","embeddable":true,"href":"https:\/\/www.europesays.com\/fi\/wp-json\/wp\/v2\/categories?post=62427"},{"taxonomy":"post_tag","embeddable":true,"href":"https:\/\/www.europesays.com\/fi\/wp-json\/wp\/v2\/tags?post=62427"}],"curies":[{"name":"wp","href":"https:\/\/api.w.org\/{rel}","templated":true}]}}