{"id":62431,"date":"2025-10-15T04:40:09","date_gmt":"2025-10-15T04:40:09","guid":{"rendered":"https:\/\/www.europesays.com\/fi\/62431\/"},"modified":"2025-10-15T04:40:09","modified_gmt":"2025-10-15T04:40:09","slug":"tanaan-tvssa-kotimainen-uutuuselokuva-vuodelta-2024-satu-tuuli-karhu-ja-koko-nayttelijakaarti-palkittiin-jussi-pystilla","status":"publish","type":"post","link":"https:\/\/www.europesays.com\/fi\/62431\/","title":{"rendered":"T\u00e4n\u00e4\u00e4n tv:ss\u00e4: Kotimainen uutuuselokuva vuodelta 2024 \u2013 Satu Tuuli Karhu ja koko n\u00e4yttelij\u00e4kaarti palkittiin Jussi-pystill\u00e4"},"content":{"rendered":"<p>T\u00e4n\u00e4\u00e4n n\u00e4hd\u00e4\u00e4n televisiossa vuonna 2024 valmistunut Omenavarkaat.<\/p>\n<p><strong>Samppa Batalin<\/strong> ohjaama ja k\u00e4sikirjoittama hipsteridraamakomedia sijoittuu keskelle pandemian tyhjent\u00e4m\u00e4\u00e4 Helsinki\u00e4 er\u00e4\u00e4n\u00e4 talvisena p\u00e4iv\u00e4n\u00e4 ja y\u00f6n\u00e4 vuonna 2021. Elokuvan p\u00e4\u00e4osissa ovat <strong>Joel Hirvonen<\/strong> ja <strong>Satu Tuuli Karhu<\/strong>, jotka esitt\u00e4v\u00e4t Sebastiania ja Satua, sattumalta toisensa tapaavia suhteidensa vaurioittamia nuoria.<\/p>\n<p>Sebastian on juuri eronnut ja muuttanut omaan itsariyksi\u00f6\u00f6ns\u00e4 pohtimaan el\u00e4m\u00e4ns\u00e4 lopettamista, kun h\u00e4nen kaverinsa houkuttelevat miehen mukaan viett\u00e4m\u00e4\u00e4n kosteaa iltaa. Satu on kirpparin myyj\u00e4, jonka el\u00e4\u00e4 toksisessa suhteessa, eik\u00e4 oikein tied\u00e4 paremmastakaan. Kumpaisenkin el\u00e4m\u00e4 on l\u00e4hinn\u00e4 mustavalkoista tarpomista masennuksen kourissa.<\/p>\n<p>Lue my\u00f6s: <a href=\"https:\/\/www.episodi.fi\/uutiset\/myrskyluodon-maija-oli-vuoden-2025-jussi-rohmu-tiina-lymin-elokuva-voitti-6-pystia\/\" title=\"Myrskyluodon Maija oli vuoden 2025 Jussi-rohmu \u2013 Tiina Lymin elokuva voitti 6 pysti\u00e4\" class=\"underline-custom !font-montserrat !font-bold !underline-offset-4 !decoration-4 !decoration-episodi-blue !text-md\" rel=\"nofollow noopener\" target=\"_blank\">Myrskyluodon Maija oli vuoden 2025 Jussi-rohmu \u2013 Tiina Lymin elokuva voitti 6 pysti\u00e4<\/a><\/p>\n<p>Sebastian kamuineen pelmahtaa kirpparille hakemaan bailukuteita, ja muutaman k\u00e4\u00e4nteen j\u00e4lkeen he t\u00f6rm\u00e4\u00e4v\u00e4t Satuun sek\u00e4 h\u00e4nen porukkaansa baarissa. Seuraa dokaamista, sammumista, iloa ja surua, r\u00e4hin\u00e4\u00e4, k\u00e4hin\u00e4\u00e4 ja hauskanpitoa, sek\u00e4 ehk\u00e4 my\u00f6s uusien ihmissuhteiden solmimisia. L\u00f6yt\u00e4v\u00e4tk\u00f6 Sebastian ja Satu viel\u00e4 v\u00e4ri\u00e4 el\u00e4m\u00e4\u00e4ns\u00e4?<\/p>\n<p>Hirvosen ja Karhun lis\u00e4ksi elokuvassa n\u00e4hd\u00e4\u00e4n muun muassa <strong>Mikko Kouki<\/strong>, <strong>Jaana Saarinen<\/strong>, <strong>Sami Lalou<\/strong>, <strong>Alex Anton<\/strong>, <strong>Isla Mustanoja<\/strong>, <strong>Asta Sveholm<\/strong> ja laulaja-lauluntekij\u00e4 <strong>Antti Autio<\/strong>.<\/p>\n<p>Omenavarkaat on hyvin pitk\u00e4lti improvisoitu, ja sen huomaa pienin\u00e4 omituisuuksina tarinan edetess\u00e4. Paletti ei aivan pysy k\u00e4siss\u00e4, mutta kaiken kaikkiaan kyseess\u00e4 on oikein pirtsakka indieleffa.<\/p>\n<p>Elokuva voitti vuoden 2025 Jussi-gaalassa maaliskuun lopulla kaksi palkintoa. Satu Tuuli Karhu palkittiin parhaasta sivuroolista, ja lis\u00e4ksi elokuvan n\u00e4yttelij\u00e4kaarti sai Vuoden ensemble -palkinnon.<\/p>\n<p>Omenavarkaat esitet\u00e4\u00e4n Teemalla keskiviikkona 15.10.2025 klo 22.45. Elokuva on katsottavissa Areenassa 15.3.2030 saakka. Katso traileri alta.<\/p>\n<p>Arvio: Niko Ikonen<\/p>\n<p><img loading=\"lazy\" decoding=\"async\" alt=\"YouTube video\" width=\"480\" height=\"360\" data-pin-nopin=\"true\" nopin=\"nopin\" class=\"perfmatters-lazy\" src=\"https:\/\/www.europesays.com\/fi\/wp-content\/uploads\/2025\/08\/1755323828_662_hqdefault.jpg\"\/><\/p>\n<p>Lue my\u00f6s: <a href=\"https:\/\/www.episodi.fi\/uutiskirje\/?uutiskirjemainos=tekstilinkkimainos\" title=\"Tilaa Episodin uutiskirje ja voit voittaa leffalippuja! Nappaa tv-vinkit suoraan s\u00e4hk\u00f6postiin t\u00e4st\u00e4.\" class=\"underline-custom !font-montserrat !font-bold !underline-offset-4 !decoration-4 !decoration-episodi-blue !text-md\" rel=\"nofollow noopener\" target=\"_blank\">Tilaa Episodin uutiskirje ja voit voittaa leffalippuja! Nappaa katseluvinkit suoraan s\u00e4hk\u00f6postiin t\u00e4st\u00e4.<\/a><\/p>\n","protected":false},"excerpt":{"rendered":"T\u00e4n\u00e4\u00e4n n\u00e4hd\u00e4\u00e4n televisiossa vuonna 2024 valmistunut Omenavarkaat. Samppa Batalin ohjaama ja k\u00e4sikirjoittama hipsteridraamakomedia sijoittuu keskelle pandemian tyhjent\u00e4m\u00e4\u00e4 Helsinki\u00e4&hellip;\n","protected":false},"author":2,"featured_media":62432,"comment_status":"","ping_status":"","sticky":false,"template":"","format":"standard","meta":{"footnotes":""},"categories":[133],"tags":[137,33,31,30,32,206,139,156,109,913],"class_list":{"0":"post-62431","1":"post","2":"type-post","3":"status-publish","4":"format-standard","5":"has-post-thumbnail","7":"category-televisiot","8":"tag-entertainment","9":"tag-fi","10":"tag-finland","11":"tag-finnish","12":"tag-suomi","13":"tag-televisiot","14":"tag-tv-ohjelmat","15":"tag-tv","16":"tag-viihde","17":"tag-yle-areena"},"share_on_mastodon":{"url":"","error":""},"_links":{"self":[{"href":"https:\/\/www.europesays.com\/fi\/wp-json\/wp\/v2\/posts\/62431","targetHints":{"allow":["GET"]}}],"collection":[{"href":"https:\/\/www.europesays.com\/fi\/wp-json\/wp\/v2\/posts"}],"about":[{"href":"https:\/\/www.europesays.com\/fi\/wp-json\/wp\/v2\/types\/post"}],"author":[{"embeddable":true,"href":"https:\/\/www.europesays.com\/fi\/wp-json\/wp\/v2\/users\/2"}],"replies":[{"embeddable":true,"href":"https:\/\/www.europesays.com\/fi\/wp-json\/wp\/v2\/comments?post=62431"}],"version-history":[{"count":0,"href":"https:\/\/www.europesays.com\/fi\/wp-json\/wp\/v2\/posts\/62431\/revisions"}],"wp:featuredmedia":[{"embeddable":true,"href":"https:\/\/www.europesays.com\/fi\/wp-json\/wp\/v2\/media\/62432"}],"wp:attachment":[{"href":"https:\/\/www.europesays.com\/fi\/wp-json\/wp\/v2\/media?parent=62431"}],"wp:term":[{"taxonomy":"category","embeddable":true,"href":"https:\/\/www.europesays.com\/fi\/wp-json\/wp\/v2\/categories?post=62431"},{"taxonomy":"post_tag","embeddable":true,"href":"https:\/\/www.europesays.com\/fi\/wp-json\/wp\/v2\/tags?post=62431"}],"curies":[{"name":"wp","href":"https:\/\/api.w.org\/{rel}","templated":true}]}}