{"id":62451,"date":"2025-10-15T05:10:08","date_gmt":"2025-10-15T05:10:08","guid":{"rendered":"https:\/\/www.europesays.com\/fi\/62451\/"},"modified":"2025-10-15T05:10:08","modified_gmt":"2025-10-15T05:10:08","slug":"wilma-murto-puhuu-me-naisille-kihlatustaan","status":"publish","type":"post","link":"https:\/\/www.europesays.com\/fi\/62451\/","title":{"rendered":"Wilma Murto puhuu Me Naisille kihlatustaan"},"content":{"rendered":"<p>Wilma Murto puhuu Me Naisten tuoreessa jutussa kihlatustaan ja lopettamisajatuksistaan.<\/p>\n<p><img decoding=\"async\" class=\"image image-show image-preview\" src=\"https:\/\/www.europesays.com\/fi\/wp-content\/uploads\/2025\/10\/2f6f3587f630f963661a8bd4a5002edfdc4a4121e7a6043530dd2a87b4474575.jpg\" alt=\"\"\/><img decoding=\"async\" class=\"image image-show\" src=\"https:\/\/www.europesays.com\/fi\/wp-content\/uploads\/2025\/10\/1760505008_458_2f6f3587f630f963661a8bd4a5002edfdc4a4121e7a6043530dd2a87b4474575.jpg\" alt=\"\"\/><\/p>\n<p>Wilma Murto harkitsi lopettamista. Jenni G\u00e4stgivar<\/p>\n<p class=\"paragraph\">Seiv\u00e4shypyn Euroopan mestari ja MM-mitalisti <strong>Wilma Murto<\/strong> puhuu Me Naisten tuoreessa haastattelussa puolisostaan ja kertoo, ett\u00e4 harkitsi jopa uransa lopettamista.<\/p>\n<p class=\"paragraph\">Psykiatri m\u00e4\u00e4r\u00e4si Murron viime vuoden lopussa kuusi viikkoa pitk\u00e4lle sairauslomalle. Urheilijalla diagnosoitiin masennus. Murto vietti sairausloman p\u00e4\u00e4osin Helsingiss\u00e4 muusikkopoikayst\u00e4v\u00e4ns\u00e4 ja parin koiran luona.<\/p>\n<p class=\"paragraph\">Jatkoon oli kolme vaihtoehtoa: jatkaa uraa vanhaan malliin, kehitt\u00e4\u00e4 uusi tapa urheilla tai lopettaa ura kokonaan.<\/p>\n<p class=\"paragraph\">\u2013 Harkitsin tosissani my\u00f6s sit\u00e4 vaihtoehtoa, ett\u00e4 p\u00e4\u00e4t\u00e4n urani. Mit\u00e4 sitten tapahtuisi? Ehk\u00e4 jatkaisin journalistiikan ja viestinn\u00e4n opintoja ammattikorkeakoulussa. Se ei tuntunut yht\u00e4\u00e4n pelottavalta, Murto kertoo Me Naisille.<\/p>\n<p class=\"paragraph\">Murto kuitenkin p\u00e4\u00e4tyi toiseen vaihtoehtoon. H\u00e4n jatkoi uraansa, mutta lopetti pitk\u00e4aikaisen valmennussuhteensa <strong>Jarno Koivusen<\/strong> kanssa. Keih\u00e4\u00e4nheitt\u00e4j\u00e4legenda <strong>Tero Pitk\u00e4m\u00e4est\u00e4<\/strong> tuli Murron fysiikkavalmentaja ja neuvonantaja.<\/p>\n<p>Ankkuri myrskyss\u00e4<\/p>\n<p>Kihlattu halasi Murtoa Tokion MM-karsinnan j\u00e4lkeen. Jenni G\u00e4stgivar<\/p>\n<p class=\"paragraph\">Murto puhuu jutussa kauniisti my\u00f6s puolisostaan, jonka kanssa on mennyt kihloihin. H\u00e4n n\u00e4kee, ett\u00e4 pariskunta voisi tulevaisuudessa el\u00e4\u00e4 urbaania kaupunkiel\u00e4m\u00e4\u00e4 tai remontoida maalla vanhaa kyl\u00e4koulua k\u00e4ytt\u00f6\u00f6ns\u00e4.<\/p>\n<p class=\"paragraph\">Joka tapauksessa el\u00e4m\u00e4 on hyv\u00e4\u00e4 ilman urheiluakin.<\/p>\n<p class=\"paragraph\">\u2013 Tapasimme silloin, kun myr\u00e4kk\u00e4 alkoi. H\u00e4n on ollut ankkurini t\u00e4ss\u00e4 myrskyss\u00e4. Pelottaa ajatella, kuinka raskasta kaikki olisi ollut ilman h\u00e4nt\u00e4.<\/p>\n<p class=\"paragraph\">Murto k\u00e4vi psykiatrin m\u00e4\u00e4r\u00e4\u00e4m\u00e4st\u00e4 sairauslomasta toipumisen j\u00e4lkeen polvileikkauksessa ja sairastui flunssaan ennen Tokion MM-kisoja. H\u00e4n ei karsinnassa p\u00e4\u00e4ssyt yli aloituskorkeutta. Silti urheilija kuvailee olevansa onnellinen juuri nyt.<\/p>\n","protected":false},"excerpt":{"rendered":"Wilma Murto puhuu Me Naisten tuoreessa jutussa kihlatustaan ja lopettamisajatuksistaan. Wilma Murto harkitsi lopettamista. Jenni G\u00e4stgivar Seiv\u00e4shypyn Euroopan&hellip;\n","protected":false},"author":2,"featured_media":62452,"comment_status":"","ping_status":"","sticky":false,"template":"","format":"standard","meta":{"footnotes":""},"categories":[158],"tags":[35,13046,33,31,30,41,159,32,167,160,161,162],"class_list":{"0":"post-62451","1":"post","2":"type-post","3":"status-publish","4":"format-standard","5":"has-post-thumbnail","7":"category-urheilu","8":"tag-24h","9":"tag-ammattiurheilijat","10":"tag-fi","11":"tag-finland","12":"tag-finnish","13":"tag-liikunta-ja-urheilu","14":"tag-sports","15":"tag-suomi","16":"tag-terveys","17":"tag-urheilu","18":"tag-urheilutapahtumat","19":"tag-yleisurheilu"},"share_on_mastodon":{"url":"","error":""},"_links":{"self":[{"href":"https:\/\/www.europesays.com\/fi\/wp-json\/wp\/v2\/posts\/62451","targetHints":{"allow":["GET"]}}],"collection":[{"href":"https:\/\/www.europesays.com\/fi\/wp-json\/wp\/v2\/posts"}],"about":[{"href":"https:\/\/www.europesays.com\/fi\/wp-json\/wp\/v2\/types\/post"}],"author":[{"embeddable":true,"href":"https:\/\/www.europesays.com\/fi\/wp-json\/wp\/v2\/users\/2"}],"replies":[{"embeddable":true,"href":"https:\/\/www.europesays.com\/fi\/wp-json\/wp\/v2\/comments?post=62451"}],"version-history":[{"count":0,"href":"https:\/\/www.europesays.com\/fi\/wp-json\/wp\/v2\/posts\/62451\/revisions"}],"wp:featuredmedia":[{"embeddable":true,"href":"https:\/\/www.europesays.com\/fi\/wp-json\/wp\/v2\/media\/62452"}],"wp:attachment":[{"href":"https:\/\/www.europesays.com\/fi\/wp-json\/wp\/v2\/media?parent=62451"}],"wp:term":[{"taxonomy":"category","embeddable":true,"href":"https:\/\/www.europesays.com\/fi\/wp-json\/wp\/v2\/categories?post=62451"},{"taxonomy":"post_tag","embeddable":true,"href":"https:\/\/www.europesays.com\/fi\/wp-json\/wp\/v2\/tags?post=62451"}],"curies":[{"name":"wp","href":"https:\/\/api.w.org\/{rel}","templated":true}]}}