{"id":62466,"date":"2025-10-15T05:29:07","date_gmt":"2025-10-15T05:29:07","guid":{"rendered":"https:\/\/www.europesays.com\/fi\/62466\/"},"modified":"2025-10-15T05:29:07","modified_gmt":"2025-10-15T05:29:07","slug":"riku-nieminen-paljastaa-uuden-kirjaprojektinsa-omaelamankerta-tulossa","status":"publish","type":"post","link":"https:\/\/www.europesays.com\/fi\/62466\/","title":{"rendered":"Riku Nieminen paljastaa uuden kirjaprojektinsa \u2013 omael\u00e4m\u00e4nkerta tulossa"},"content":{"rendered":"<p>            ATTE KAJOVA\n        <\/p>\n<p class=\"subtitle \">Riku arvelee uuden puuhan olevan h\u00e4nelle ensikertalaisuudesta huolimatta jotenkin tuttua.<\/p>\n<p class=\"article-content article-content-width !bg-background\">N\u00e4yttelij\u00e4  yll\u00e4tti tiistaina (14.10.) julkaisemalla Instagramissa hyvin paljastavan kuvan. Voisi luulla, ett\u00e4 kyseess\u00e4 on kahden keski-ik\u00e4isen miehen p\u00f6n\u00f6tys, mutta tilanne lupaa jotain aivan muuta.<\/p>\n<p class=\"font-weight-bold m-font-weight-bold article-content article-content-width !bg-background\">Arkistovideo: kaksi vuotta sitten Riku teki Spede-elokuvan<\/p>\n<p class=\"article-content article-content-width !bg-background\">Riku pohjustaa teksti\u00e4\u00e4n kertaamalla joskus muinoin saamansa neuvon, joka on helppo tajuta noudattamisen arvoiseksi.<\/p>\n<p class=\"article-content article-content-width !bg-background\">\u2013\u00a0Mahdollisuudet, joihin et voi ostaa p\u00e4\u00e4sylippua, kannattanee usein katsoa l\u00e4pi, sanoi er\u00e4s viisas henkil\u00f6 minulle taannoin.<\/p>\n<p class=\"article-content article-content-width !bg-background\">Taustalla on siis aivan uusi aluevaltaus.<\/p>\n<p>S\u00f6dikan talliin<\/p>\n<p class=\"article-content article-content-width !bg-background\">Kuvassa Rikun kanssa kuohuvia maljoja kohottelee kustannusyhti\u00f6 WSOY:n tiloissa talon tietokirjojen kustannusp\u00e4\u00e4llikk\u00f6  hienoine viiksineen.<\/p>\n<p class=\"article-content article-content-width !bg-background\">Riku on n\u00e4et tehnyt kustannussopimuksen.<\/p>\n<p class=\"article-content article-content-width !bg-background\">\u2013\u00a0Arkipuheeseeni saapui perheen parissa siis uusi ilmaus: Menen nyt kirjoittamaan, heippa! <\/p>\n<p>        <a itemprop=\"url\" href=\"https:\/\/www.seiska.fi\/kotimaa\/riku-nieminen-yllatti-kaksoset\/1924669\" rel=\"nofollow noopener\" target=\"_blank\"><\/p>\n<p>\nRiku Nieminen\n<\/p>\n<p class=\"section-date\">\n        <strong class=\"article-section\" data-section=\"kotimaa\"><br \/>\n            kotimaa<br \/>\n        <\/strong><br \/>\n        9.9. 07:10\n    <\/p>\n<p>Riku Nieminen yll\u00e4tti: Kaksoset!\n    <\/p>\n<p itemprop=\"description\" class=\"subtitle \">\n    N\u00e4yttelij\u00e4 paljastaa saaneensa perheenlis\u00e4yst\u00e4.\n<\/p>\n<p>        <\/a><\/p>\n<p class=\"article-content article-content-width !bg-background\">Ja Rikun hyppysiss\u00e4 ei ole muotoutumassa romaania tai runoja, vaan aivan muun tyyppist\u00e4 kirjallisuutta.<\/p>\n<p class=\"article-content article-content-width !bg-background\">Teos, jollaista ei yleens\u00e4 aivan nuorilta miehilt\u00e4 ilmesty.<\/p>\n<p class=\"article-content article-content-width !bg-background\">\u2013 P\u00e4\u00e4st\u00e4 kirjoittamaan omael\u00e4m\u00e4nkerrallinen teksti t\u00e4h\u00e4n menness\u00e4 koetuista vuosista kirjan kansien v\u00e4liin taitaa olla sellainen, Riku sanoo viitaten harvinaisiin tilaisuuksiin, joihin ei voi ostaa lippua.<\/p>\n<p>Koomikko, poliitikko&#8230;<\/p>\n<p class=\"article-content article-content-width !bg-background\">Koomikkonakin taitavaksi tiedetty Riku ilmaisee asiansa kautta rantain.<\/p>\n<p class=\"article-content article-content-width !bg-background\">\u2013\u00a0Muodollista p\u00e4tevyytt\u00e4h\u00e4n asian hoitamiseen minulla ei ole. Ei l\u00f6ydy tutkintoa perstaskusta, h\u00e4n toteaa.<\/p>\n<p>        <a itemprop=\"url\" href=\"https:\/\/www.seiska.fi\/kotimaa\/hs-karu-totuus-riku-niemisen-tyotilanteesta-paljastui\/1891388\" rel=\"nofollow noopener\" target=\"_blank\"><\/p>\n<p>\nHS:\n<\/p>\n<p class=\"section-date\">\n        <strong class=\"article-section\" data-section=\"kotimaa\"><br \/>\n            kotimaa<br \/>\n        <\/strong><br \/>\n        6.8. 13:00\n    <\/p>\n<p>HS: Karu totuus Riku Niemisen ty\u00f6tilanteesta paljastui\n    <\/p>\n<p itemprop=\"description\" class=\"subtitle \">\n    Riku paljasti n\u00e4yttelij\u00f6iden ty\u00f6llisyystilanteen karun totuuden.\n<\/p>\n<p>        <\/a><\/p>\n<p class=\"article-content article-content-width !bg-background\">Riku toisaalta arvelee, ett\u00e4 t\u00e4h\u00e4n astiset puuhat, kuten &#8221;sketsien, poliittisten viestien ja somepakinoiden v\u00e4s\u00e4\u00e4minen&#8221;, antaisivat jonkinlaista osaamista asiaan.<\/p>\n<p class=\"article-content article-content-width !bg-background\">Riku t\u00e4ytt\u00e4\u00e4 ensi kuun alussa 39 vuotta. Koko kansan syd\u00e4miin kajaanilaisl\u00e4ht\u00f6inen monitaituri nousi Putouksen klassikkokausilla 1.\u20135. yli vuosikymmen sitten.<\/p>\n<p class=\"article-content article-content-width !bg-background\">Poliittisilla viesteill\u00e4 Riku viittaa siihen, ett\u00e4 h\u00e4n istuu maan suurimman kaupungin Helsingin valtuustossa vasemmistoliiton listoilla. Lis\u00e4ksi Riku on ansioitunut my\u00f6s tanssijana ja muusikkona.<\/p>\n<p>        <a itemprop=\"url\" href=\"https:\/\/www.seiska.fi\/katso\/nain-vahan-tuotanto-antaa-erikoisjoukoissa-ruokaa-yksi-kananmuna\/1836519\" rel=\"nofollow noopener\" target=\"_blank\"><\/p>\n<p>\nErikoisjoukot\n<\/p>\n<p class=\"section-date\">\n        <strong class=\"article-section\" data-section=\"katso\"><br \/>\n            katso<br \/>\n        <\/strong><br \/>\n        13.6. 16:15\n    <\/p>\n<p>N\u00e4in v\u00e4h\u00e4n tuotanto antaa Erikoisjoukoissa ruokaa: &#8221;Yksi kananmuna&#8221;\n    <\/p>\n<p itemprop=\"description\" class=\"subtitle \">\n    Viljami Harjuniemi teki paljastuksia Erikoisjoukkojen tuotannosta.\n<\/p>\n<p>        <\/a><\/p>\n","protected":false},"excerpt":{"rendered":"ATTE KAJOVA Riku arvelee uuden puuhan olevan h\u00e4nelle ensikertalaisuudesta huolimatta jotenkin tuttua. N\u00e4yttelij\u00e4 yll\u00e4tti tiistaina (14.10.) julkaisemalla Instagramissa&hellip;\n","protected":false},"author":2,"featured_media":62467,"comment_status":"","ping_status":"","sticky":false,"template":"","format":"standard","meta":{"footnotes":""},"categories":[136],"tags":[407,2298,137,5899,33,31,30,408,2636,2612,14373,14372,212,2549,1181,9070,32,4179,109,9837],"class_list":{"0":"post-62466","1":"post","2":"type-post","3":"status-publish","4":"format-standard","5":"has-post-thumbnail","7":"category-julkkikset","8":"tag-celebrities","9":"tag-elamakerta","10":"tag-entertainment","11":"tag-esikoiskirjailija","12":"tag-fi","13":"tag-finland","14":"tag-finnish","15":"tag-julkkikset","16":"tag-kirja","17":"tag-kirjailija","18":"tag-kirjapaljastus","19":"tag-kustannussopimus","20":"tag-lifestyle","21":"tag-muistelmat","22":"tag-omaelamakerta","23":"tag-riku-nieminen","24":"tag-suomi","25":"tag-uusi-aluevaltaus","26":"tag-viihde","27":"tag-wsoy"},"share_on_mastodon":{"url":"","error":""},"_links":{"self":[{"href":"https:\/\/www.europesays.com\/fi\/wp-json\/wp\/v2\/posts\/62466","targetHints":{"allow":["GET"]}}],"collection":[{"href":"https:\/\/www.europesays.com\/fi\/wp-json\/wp\/v2\/posts"}],"about":[{"href":"https:\/\/www.europesays.com\/fi\/wp-json\/wp\/v2\/types\/post"}],"author":[{"embeddable":true,"href":"https:\/\/www.europesays.com\/fi\/wp-json\/wp\/v2\/users\/2"}],"replies":[{"embeddable":true,"href":"https:\/\/www.europesays.com\/fi\/wp-json\/wp\/v2\/comments?post=62466"}],"version-history":[{"count":0,"href":"https:\/\/www.europesays.com\/fi\/wp-json\/wp\/v2\/posts\/62466\/revisions"}],"wp:featuredmedia":[{"embeddable":true,"href":"https:\/\/www.europesays.com\/fi\/wp-json\/wp\/v2\/media\/62467"}],"wp:attachment":[{"href":"https:\/\/www.europesays.com\/fi\/wp-json\/wp\/v2\/media?parent=62466"}],"wp:term":[{"taxonomy":"category","embeddable":true,"href":"https:\/\/www.europesays.com\/fi\/wp-json\/wp\/v2\/categories?post=62466"},{"taxonomy":"post_tag","embeddable":true,"href":"https:\/\/www.europesays.com\/fi\/wp-json\/wp\/v2\/tags?post=62466"}],"curies":[{"name":"wp","href":"https:\/\/api.w.org\/{rel}","templated":true}]}}