{"id":62519,"date":"2025-10-15T06:34:08","date_gmt":"2025-10-15T06:34:08","guid":{"rendered":"https:\/\/www.europesays.com\/fi\/62519\/"},"modified":"2025-10-15T06:34:08","modified_gmt":"2025-10-15T06:34:08","slug":"keski-suomen-hyvinvointialue-etsii-jattisaastoja-ja-karsii-vapaaehtoisilta-kahvit-nain-paljon-kuppi-kuumaa-maksaa-keski-suomi","status":"publish","type":"post","link":"https:\/\/www.europesays.com\/fi\/62519\/","title":{"rendered":"Keski-Suomen hyvinvointialue etsii j\u00e4ttis\u00e4\u00e4st\u00f6j\u00e4 ja karsii vapaaehtoisilta kahvit \u2013 n\u00e4in paljon kuppi kuumaa maksaa | Keski-Suomi"},"content":{"rendered":"<p>Juttu tiivistettyn\u00e4<\/p>\n<ul class=\"aw-1jjocuh iJTSwP yle__article__list yle__article__list--ul\">\n<li class=\"aw-1j7gwms eEeLbO\">Keski-Suomen hyvinvointialue on vaikeassa taloustilanteessa ja etsii s\u00e4\u00e4st\u00f6j\u00e4 kaikesta ei v\u00e4ltt\u00e4m\u00e4tt\u00f6m\u00e4st\u00e4.<\/li>\n<li class=\"aw-1j7gwms eEeLbO\">Hyvinvointialue on lopettamassa esimerkiksi kahvien tarjoamisen hoivakodeissa esiintyville vapaaehtoisille laulajille.<\/li>\n<li class=\"aw-1j7gwms eEeLbO\">Asia on her\u00e4tt\u00e4nyt runsaasti keskustelua somessa.<\/li>\n<li class=\"aw-1j7gwms eEeLbO\">Hyvinvointialueen mukaan kahvituokioita voi edelleen j\u00e4rjest\u00e4\u00e4, jos kahvin saa lahjoituksena.<\/li>\n<li class=\"aw-1j7gwms eEeLbO\">Hyvinvointialue voi jatkossakin k\u00e4ytt\u00e4\u00e4 kahvitarjoilussa tilannekohtaista harkintaa.<\/li>\n<\/ul>\n<p class=\"aw-1gybjub aw-1p7kakr ghpEtB jtovHP yle__article__paragraph\">T\u00e4m\u00e4 on teko\u00e4lyn avulla tuotettu, toimittajan tarkistama tiivistelm\u00e4.<\/p>\n<p class=\"aw-1gybjub aw-1p7kakr ghpEtB jtovHP yle__article__paragraph\">Keski-Suomen hyvinvointialue ei n\u00e4ill\u00e4 n\u00e4kymin en\u00e4\u00e4 kustanna kahveja esimerkiksi hoivakodeissa esiintyville laulajille. Tiukka linja on her\u00e4tt\u00e4nyt kummastusta.<\/p>\n<p class=\"aw-1gybjub aw-1p7kakr ghpEtB jtovHP yle__article__paragraph\">Asia nousi julkisuuteen suolahtelaisten <strong class=\"aw-ak79eh KyCXm yle__article__strong\">Timo Paanasen<\/strong> somekirjoituksen ja <a class=\"aw-iao6s4 iHOxEa yle__article__link\" href=\"https:\/\/www.sisasuomenlehti.fi\/paikalliset\/8903526\" role=\"link\" rel=\"nofollow noopener\" target=\"_blank\">Sis\u00e4-Suomen lehden<\/a> jutun my\u00f6t\u00e4.<\/p>\n<p class=\"aw-1gybjub aw-1p7kakr ghpEtB jtovHP yle__article__paragraph\">Paananen kuuluu Kartano Kievarin laulajiin. Ryhm\u00e4n j\u00e4seni\u00e4 on vieraillut jo vuosia vapaaehtoisina \u00c4\u00e4nekoskella useissa vanhusten palvelutaloissa.<\/p>\n<p class=\"aw-1gybjub aw-1p7kakr ghpEtB jtovHP yle__article__paragraph\">Muutamalle laulajalle on keitetty palvelutaloissa musiikkituokioiden j\u00e4lkeen kiitokseksi kahvit hyvinvointialueen piikkiin.<\/p>\n<p class=\"aw-1gybjub aw-1p7kakr ghpEtB jtovHP yle__article__paragraph\">\u2013 Laulukaverille kerrottiin, ett\u00e4 hoivakotien virikevastaavalta on tullut ilmoitus, ettei h\u00e4n voi en\u00e4\u00e4 kahviakaan tarjota. Kerroimme, ettei se vaikuta vierailuihimme, sill\u00e4 ei t\u00e4ss\u00e4 kahvista ole kysymys, sanoo Paananen.<\/p>\n<p class=\"aw-1gybjub aw-1p7kakr ghpEtB jtovHP yle__article__paragraph\">Uudesta linjauksesta tuli Paanaselle kuitenkin v\u00e4h\u00e4n ep\u00e4uskoinen olo.<\/p>\n<p class=\"aw-1gybjub aw-1p7kakr ghpEtB jtovHP yle__article__paragraph\">H\u00e4n kertoo, ett\u00e4 laulajista on tullut monille vanhuksille jo v\u00e4h\u00e4n kuin tuttuja, kun kohtaamisia on pari kolme kertaa vuodessa. Laulujen j\u00e4lkeen on puolin ja toisin j\u00e4\u00e4ty juttusille.<\/p>\n<p class=\"aw-1gybjub aw-1p7kakr ghpEtB jtovHP yle__article__paragraph\">\u2013 Vapaaehtoiset uhraavat omaa aikaansa ja ajavat kymmenien, jopa sadan kilometrin matkan laulutuokioita vet\u00e4m\u00e4\u00e4n. Yhteiset kahvitteluhetket ovat tuntuneet kiitokselta esiintymisist\u00e4, kuvailee Paananen.<\/p>\n<p>Tarkastelussa kaikki kulut<\/p>\n<p class=\"aw-1gybjub aw-1p7kakr ghpEtB jtovHP yle__article__paragraph\">Keski-Suomen hyvinvointialue etsii <a class=\"aw-iao6s4 iHOxEa yle__article__link\" href=\"https:\/\/yle.fi\/a\/74-20186775\" role=\"link\" rel=\"nofollow noopener\" target=\"_blank\">parhaillaan miljoonas\u00e4\u00e4st\u00f6j\u00e4<\/a>.<\/p>\n<p class=\"aw-1gybjub aw-1p7kakr ghpEtB jtovHP yle__article__paragraph\">Hyvinvointialueen ik\u00e4\u00e4ntyneiden ja vammaisten palveluiden vastuualuejohtaja <strong class=\"aw-ak79eh KyCXm yle__article__strong\">Tuija Koivisto<\/strong> sanoo, ett\u00e4 ty\u00f6ntekij\u00f6ille on annettu syyskuussa entist\u00e4 selke\u00e4mm\u00e4t ohjeet siit\u00e4, ett\u00e4 s\u00e4\u00e4st\u00f6j\u00e4 etsit\u00e4\u00e4n kaikesta mahdollisesta, mik\u00e4 ei ole v\u00e4ltt\u00e4m\u00e4t\u00f6nt\u00e4.<\/p>\n<p class=\"aw-1gybjub aw-1p7kakr ghpEtB jtovHP yle__article__paragraph\">\u2013 L\u00e4ht\u00f6kohtaisesti tilaamme elintarvikkeet ja tarjoilut vain asukkaiden k\u00e4ytt\u00f6\u00f6n. Kaikkia kulueri\u00e4 on pakko tarkastella. Henkil\u00f6st\u00f6 on noudattanut t\u00e4ss\u00e4 annettuja ohjeita.<\/p>\n<p class=\"aw-1gybjub aw-1p7kakr ghpEtB jtovHP yle__article__paragraph\">Koivistolla ei ole tarkkaa laskelmaa siit\u00e4, kuinka suuri kuluer\u00e4 pelkk\u00e4 kahvi palvelutaloissa on ollut tai kuinka paljon sit\u00e4 tarjottu.<\/p>\n<p class=\"aw-1gybjub aw-1p7kakr ghpEtB jtovHP yle__article__paragraph\">\u2013 Meill\u00e4 on yli sata asumisyksikk\u00f6\u00e4. Jos n\u00e4iss\u00e4 k\u00e4visi kerran viikossa useita esiintyji\u00e4 ja kaikille maksettaisiin vaikka euron tarjoilut, niin kyll\u00e4h\u00e4n siit\u00e4 kertyisi, sanoo Koivisto.<\/p>\n<p class=\"aw-1gybjub aw-1p7kakr ghpEtB jtovHP yle__article__paragraph\">Koivisto harmittelee, ett\u00e4 mediassa on otsikoitu <a class=\"aw-iao6s4 iHOxEa yle__article__link\" href=\"https:\/\/www.is.fi\/kotimaa\/art-2000011555302.html\" role=\"link\" rel=\"nofollow noopener\" target=\"_blank\">\u201dkahvikiellosta\u201d<\/a>. Hyvinvointialue ei ole kahvikieltoa antanut, vaan ohjeet hankinnoista ja rahank\u00e4yt\u00f6st\u00e4, h\u00e4n painottaa.<\/p>\n<p>T\u00e4llaisia ovat kahvittelun kulut<\/p>\n<p class=\"aw-1gybjub aw-1p7kakr ghpEtB jtovHP yle__article__paragraph\">Puolen kilon paketti Juhlamokkaa maksaa kaupassa noin kympin.<\/p>\n<p class=\"aw-1gybjub aw-1p7kakr ghpEtB jtovHP yle__article__paragraph\">Paketillisesta kahvia keitt\u00e4\u00e4 noin 70 kupillista.<\/p>\n<p class=\"aw-1gybjub aw-1p7kakr ghpEtB jtovHP yle__article__paragraph\">Yhden kahvikupin raaka-ainekulut ovat noin 14 sentti\u00e4. P\u00e4\u00e4lle pit\u00e4\u00e4 kuitenkin laskea viel\u00e4 kahvinkeittimen ja astianpesukoneen s\u00e4hk\u00f6nkulutus sek\u00e4 kahvimaito ja sokeri.<\/p>\n<p class=\"aw-1gybjub aw-1p7kakr ghpEtB jtovHP yle__article__paragraph\">Kahvinkeitin kuluttaa tunnissa s\u00e4hk\u00f6\u00e4 noin 1,5 kilowattituntia. Jos kWh maksaa 15 sentti\u00e4, maksaa puoli tuntia noin 10\u201311 sentti\u00e4 eli karkeasti sentin kuppia kohden.<\/p>\n<p class=\"aw-1gybjub aw-1p7kakr ghpEtB jtovHP yle__article__paragraph\">Astianpesukone kuluttaa s\u00e4hk\u00f6\u00e4 noin 2 kilowattituntia\/pesukerta. Lasku on noin 30 sentti\u00e4. Yhden kupin pesulle kertyy siis hintaa ehk\u00e4 sentin verran.<\/p>\n<p class=\"aw-1gybjub aw-1p7kakr ghpEtB jtovHP yle__article__paragraph\">Kahvimaito maksaa 1-2 euroa litralta. Kuppia kohden kustannus on 3-5 sentti\u00e4. Sokeri mahtuu samaan haarukkaan.<\/p>\n<p class=\"aw-1gybjub aw-1p7kakr ghpEtB jtovHP yle__article__paragraph\">Kun kaikki kulut lasketaan yhteen, maksaa yksi kahvikupillinen noin 20 sentti\u00e4.<\/p>\n<p class=\"aw-1gybjub aw-1p7kakr ghpEtB jtovHP yle__article__paragraph\">Henkil\u00f6kunnan palkkakuluja ei t\u00e4ss\u00e4 huomioida, koska tilaisuuden aikana on paikalla joka tapauksessa joku, keitettiinp\u00e4 esiintyjille kahvia tai ei.<\/p>\n<p class=\"aw-1gybjub aw-1p7kakr ghpEtB jtovHP yle__article__paragraph\">\u2013 T\u00e4ss\u00e4 saatetaan kokea, ettei vapaaehtoisia arvosteta, mutta siit\u00e4 ei ole miss\u00e4\u00e4n tapauksessa kyse ja toki meill\u00e4 on jatkossakin mahdollisuus tilannekohtaiseen harkintaan.<\/p>\n<p>Paras kiitos on hyv\u00e4 mieli<\/p>\n<p class=\"aw-1gybjub aw-1p7kakr ghpEtB jtovHP yle__article__paragraph\">Koiviston mukaan mik\u00e4\u00e4n ei est\u00e4 j\u00e4rjest\u00e4m\u00e4st\u00e4 vapaaehtoisille kahvituokioita talkoilla ja lahjoituskahvein.<\/p>\n<p class=\"aw-1gybjub aw-1p7kakr ghpEtB jtovHP yle__article__paragraph\">Paananen toteaa, ett\u00e4 somessa moni onkin jo ilmoittanut h\u00e4nelle, ett\u00e4 voisi kahvia lahjoittaa.<\/p>\n<p class=\"aw-1gybjub aw-1p7kakr ghpEtB jtovHP yle__article__paragraph\">\u2013 T\u00e4m\u00e4 on v\u00e4h\u00e4n kiusallista, koska emme ole kahvin takia olleet liikkeell\u00e4. Tekem\u00e4mme vapaaehtoisty\u00f6 tuo hyvinvointia vanhuksille.<\/p>\n<p class=\"aw-1gybjub aw-1p7kakr ghpEtB jtovHP yle__article__paragraph\">Paananen muistelee, ettei t\u00e4llaisia kahvikeskusteluja ole k\u00e4yty silloin, kun kunnat j\u00e4rjestiv\u00e4t sosiaali- ja terveyspalveluja.<\/p>\n<p class=\"aw-1gybjub aw-1p7kakr ghpEtB jtovHP yle__article__paragraph\">Paanasen mukaan laulajat eiv\u00e4t ole viel\u00e4 p\u00e4\u00e4tt\u00e4neet, ottavatko jatkossa omat kahvit palvelutalokeikoille mukaan.<\/p>\n<p class=\"aw-1gybjub aw-1p7kakr ghpEtB jtovHP yle__article__paragraph\">\u2013 Olen leikill\u00e4ni miettinyt, ett\u00e4 pit\u00e4\u00e4k\u00f6 kysy\u00e4 hyvinvointialueelta, ett\u00e4 saako p\u00f6yd\u00e4n p\u00e4\u00e4t\u00e4 vuokrata, ett\u00e4 saa juoda omat kahvit. Ymm\u00e4rr\u00e4n, ett\u00e4 hoitohenkil\u00f6kunta haluaisi kahvit keitt\u00e4\u00e4 ja he ovat t\u00e4ss\u00e4 puun ja kuoren v\u00e4liss\u00e4.<\/p>\n<p class=\"aw-1gybjub aw-1p7kakr ghpEtB jtovHP yle__article__paragraph\">Paras palaute laulutuokioista on Paanasen mukaan kuitenkin hyv\u00e4 mieli.<\/p>\n<p class=\"aw-1gybjub aw-1p7kakr ghpEtB jtovHP yle__article__paragraph\">\u2013 Se, kun viimeisen yhteisen laulun j\u00e4lkeen vanhukset j\u00e4\u00e4v\u00e4t juttelemaan ja kiitt\u00e4m\u00e4\u00e4n siit\u00e4, ett\u00e4 tulimme ja kysyv\u00e4t, koska tulette uudelleen?<\/p>\n<p class=\"aw-1gybjub aw-1p7kakr ghpEtB jtovHP yle__article__paragraph\"><strong class=\"aw-ak79eh KyCXm yle__article__strong\">Suomalaiset ovat tunnetusti kahvikansaa, mutta mitk\u00e4 kahviin liitetyist\u00e4 terveysv\u00e4itt\u00e4mist\u00e4 pit\u00e4v\u00e4t paikkansa? Tiedeykk\u00f6nen kertoo kahvista:<\/strong><\/p>\n<p><img decoding=\"async\" alt=\"\" src=\"https:\/\/www.europesays.com\/fi\/wp-content\/uploads\/2025\/08\/13-1-1403833-1635400033845.jpeg\" class=\"aw-1l9m598 hKVVvP\"\/><\/p>\n","protected":false},"excerpt":{"rendered":"Juttu tiivistettyn\u00e4 Keski-Suomen hyvinvointialue on vaikeassa taloustilanteessa ja etsii s\u00e4\u00e4st\u00f6j\u00e4 kaikesta ei v\u00e4ltt\u00e4m\u00e4tt\u00f6m\u00e4st\u00e4. Hyvinvointialue on lopettamassa esimerkiksi kahvien&hellip;\n","protected":false},"author":2,"featured_media":62520,"comment_status":"","ping_status":"","sticky":false,"template":"","format":"standard","meta":{"footnotes":""},"categories":[12],"tags":[12845,7138,22,23,26,27,33,31,30,17,2218,14377,1380,474,71,24,25,28,29,15,18,21,13907,32,19,20,16],"class_list":{"0":"post-62519","1":"post","2":"type-post","3":"status-publish","4":"format-standard","5":"has-post-thumbnail","7":"category-suomi","8":"tag-aanekosken-seutukunta","9":"tag-aanekoski","10":"tag-breaking-news","11":"tag-breakingnews","12":"tag-featured-news","13":"tag-featurednews","14":"tag-fi","15":"tag-finland","16":"tag-finnish","17":"tag-headlines","18":"tag-hyvinvointialueet","19":"tag-kahvittelu","20":"tag-keski-suomen-hyvinvointialue","21":"tag-keski-suomi","22":"tag-kotimaa","23":"tag-latest-news","24":"tag-latestnews","25":"tag-main-news","26":"tag-mainnews","27":"tag-news","28":"tag-otsikot","29":"tag-paauutiset","30":"tag-suolahti","31":"tag-suomi","32":"tag-top-stories","33":"tag-topstories","34":"tag-uutiset"},"share_on_mastodon":{"url":"","error":""},"_links":{"self":[{"href":"https:\/\/www.europesays.com\/fi\/wp-json\/wp\/v2\/posts\/62519","targetHints":{"allow":["GET"]}}],"collection":[{"href":"https:\/\/www.europesays.com\/fi\/wp-json\/wp\/v2\/posts"}],"about":[{"href":"https:\/\/www.europesays.com\/fi\/wp-json\/wp\/v2\/types\/post"}],"author":[{"embeddable":true,"href":"https:\/\/www.europesays.com\/fi\/wp-json\/wp\/v2\/users\/2"}],"replies":[{"embeddable":true,"href":"https:\/\/www.europesays.com\/fi\/wp-json\/wp\/v2\/comments?post=62519"}],"version-history":[{"count":0,"href":"https:\/\/www.europesays.com\/fi\/wp-json\/wp\/v2\/posts\/62519\/revisions"}],"wp:featuredmedia":[{"embeddable":true,"href":"https:\/\/www.europesays.com\/fi\/wp-json\/wp\/v2\/media\/62520"}],"wp:attachment":[{"href":"https:\/\/www.europesays.com\/fi\/wp-json\/wp\/v2\/media?parent=62519"}],"wp:term":[{"taxonomy":"category","embeddable":true,"href":"https:\/\/www.europesays.com\/fi\/wp-json\/wp\/v2\/categories?post=62519"},{"taxonomy":"post_tag","embeddable":true,"href":"https:\/\/www.europesays.com\/fi\/wp-json\/wp\/v2\/tags?post=62519"}],"curies":[{"name":"wp","href":"https:\/\/api.w.org\/{rel}","templated":true}]}}