{"id":62543,"date":"2025-10-15T06:57:14","date_gmt":"2025-10-15T06:57:14","guid":{"rendered":"https:\/\/www.europesays.com\/fi\/62543\/"},"modified":"2025-10-15T06:57:14","modified_gmt":"2025-10-15T06:57:14","slug":"motorola-moto-x70-air-julkaistiin-vain-599-mm-paksu-mutta-tarjoaa-silti-4800-milliampeeritunnin-akun","status":"publish","type":"post","link":"https:\/\/www.europesays.com\/fi\/62543\/","title":{"rendered":"Motorola Moto X70 Air julkaistiin \u2013 vain 5,99 mm paksu, mutta tarjoaa silti 4800 milliampeeritunnin akun"},"content":{"rendered":"<p><img loading=\"lazy\" decoding=\"async\" class=\"alignnone size-large wp-image-147321\" src=\"https:\/\/www.europesays.com\/fi\/wp-content\/uploads\/2025\/10\/moto-x70-air-1024x712.png\" alt=\"\" width=\"1024\" height=\"712\"\/><\/p>\n<p>Motorola on esitellyt Kiinassa uuden Moto X70 Air -\u00e4lypuhelimen, joka vie ohuen rakenteen \u00e4\u00e4rimmilleen ilman kompromisseja akun suhteen. <\/p>\n<p>Uutuus on vain 5,99 millimetri\u00e4 paksu ja painaa 159 grammaa. Puhelimen rakenne on valmistettu ilmailutason alumiinista, ja se on vahvistettu kest\u00e4m\u00e4\u00e4n pudotuksia jopa 26 eri kulmasta. Lis\u00e4ksi laite on saanut IP68- ja IP69-luokitukset, mik\u00e4 tarkoittaa t\u00e4ytt\u00e4 p\u00f6lyn- ja vedenkest\u00e4vyytt\u00e4 sek\u00e4 suojaa my\u00f6s kuumaa vett\u00e4 vastaan. Motorola lupaa, ett\u00e4 X70 Air on suunniteltu \u201dkest\u00e4m\u00e4\u00e4n arjen \u00e4\u00e4rirajoilla\u201d.<\/p>\n<p>\n\t\t\tArtikkeli jatkuu mainoksen j\u00e4lkeen\n\t\t<\/p>\n<p><img loading=\"lazy\" decoding=\"async\" class=\"wp-image-147319 aligncenter\" src=\"https:\/\/www.europesays.com\/fi\/wp-content\/uploads\/2025\/10\/4DTg0z9hrNdB8jAMQ7FEhiSNL-7558.jpg\" alt=\"\" width=\"522\" height=\"522\"\/><\/p>\n<p>Moto X70 Air tulee tarjolle kolmessa Pantone-v\u00e4riss\u00e4, joita ovat Gadget Gray, Lily Pad ja Bronze Green, joissa on yhteensopivat korostev\u00e4rit kameroiden ja virtapainikkeen ymp\u00e4rill\u00e4. Takakuori on p\u00e4\u00e4llystetty nano-nahkamateriaalilla, joka viimeistelee puhelimen kevyen mutta ylellisen tuntuman.<\/p>\n<p>Etupuolella on 6,7 tuuman OLED-n\u00e4ytt\u00f6, joka tarjoaa 2712 x 1220 pikselin resoluution ja 120 hertsin virkistystaajuuden. N\u00e4yt\u00f6n kirkkaus ylt\u00e4\u00e4 jopa 4500 nitiin, ja yl\u00e4reunasta l\u00f6ytyy 50 megapikselin etukamera pienen kamerarei\u00e4n sis\u00e4\u00e4n sijoitettuna. Sormenj\u00e4lkitunnistin on integroitu n\u00e4ytt\u00f6\u00f6n.<\/p>\n<p>\n\t\t\tArtikkeli jatkuu mainoksen j\u00e4lkeen\n\t\t<\/p>\n<p><img loading=\"lazy\" decoding=\"async\" class=\" wp-image-147318 aligncenter\" src=\"https:\/\/www.europesays.com\/fi\/wp-content\/uploads\/2025\/10\/OzMv67DKfJ2yVjdpbEwzT1ACk-1162.jpg\" alt=\"\" width=\"423\" height=\"423\"\/><\/p>\n<p>Kamerapuolella Motorola luottaa kahteen 50 megapikselin kameraan, eli p\u00e4\u00e4kameraan ja 120 asteen ultralaajakulmakameraan. Takakameramoduuli on viimeistelty erottuvilla renkuloilla, joiden v\u00e4rit vaihtelevat rungon s\u00e4vyn mukaan.<\/p>\n<p>Tehoa laitteeseen tuo Snapdragon 7 Gen 4, jonka j\u00e4\u00e4hdytyksest\u00e4 huolehtii 3D VC -h\u00f6yrykammio. Mukana on 12 gigatavua LPDDR5X RAM -muistia ja 256 tai 512 gigatavun UFS 3.1 -tallennustila. Muistikorttipaikkaa tai kuulokeliit\u00e4nt\u00e4\u00e4 ei ole, mutta kaksikaiutinj\u00e4rjestelm\u00e4 ja NFC kuuluvat varusteluun.<\/p>\n<p>\n\t\t\tArtikkeli jatkuu mainoksen j\u00e4lkeen\n\t\t<\/p>\n<p><img loading=\"lazy\" decoding=\"async\" class=\"wp-image-147317 aligncenter\" src=\"https:\/\/www.europesays.com\/fi\/wp-content\/uploads\/2025\/10\/sGIAIjSM16r00a0eZb2DaxGhF-5683.jpg\" alt=\"\" width=\"526\" height=\"526\"\/><\/p>\n<p>Akun osalta Motorola ei ole tinkinyt, sill\u00e4 mukana on edelleen kookas 4800 milliampeeritunnin kokoinen pii-hiiliakku. Lis\u00e4ksi 68 watin pikalataus t\u00e4ytt\u00e4\u00e4 akun nopeasti, ja mukana on my\u00f6s 15 watin langaton lataus. K\u00e4ytt\u00f6j\u00e4rjestelm\u00e4n\u00e4 toimii tuore Android 16.<\/p>\n<p>Toistaiseksi Moto X70 Air on listattuna vain Lenovon Kiinan verkkokaupassa, eik\u00e4 hinnasta ole viel\u00e4 tietoa. Globaalisti laite on kuitenkin tulossa myyntiin pian, todenn\u00e4k\u00f6isesti Motorola Edge 70 -nimell\u00e4.<\/p>\n<p><strong>L\u00e4hde<\/strong>: <a href=\"https:\/\/item.lenovo.com.cn\/product\/1049830.html?pmf_group=lenovo&amp;pmf_medium=xpfbpcd&amp;pmf_source=Z00049495T000\" target=\"_blank\" rel=\"noopener nofollow\">Motorola\u00a0<\/a><\/p>\n","protected":false},"excerpt":{"rendered":"Motorola on esitellyt Kiinassa uuden Moto X70 Air -\u00e4lypuhelimen, joka vie ohuen rakenteen \u00e4\u00e4rimmilleen ilman kompromisseja akun suhteen.&hellip;\n","protected":false},"author":2,"featured_media":62544,"comment_status":"","ping_status":"","sticky":false,"template":"","format":"standard","meta":{"footnotes":""},"categories":[84],"tags":[33,31,30,510,2431,14385,32,91,92],"class_list":{"0":"post-62543","1":"post","2":"type-post","3":"status-publish","4":"format-standard","5":"has-post-thumbnail","7":"category-teknologia","8":"tag-fi","9":"tag-finland","10":"tag-finnish","11":"tag-kiina","12":"tag-motorola","13":"tag-motorola-moto-x70-air","14":"tag-suomi","15":"tag-technology","16":"tag-teknologia"},"share_on_mastodon":{"url":"","error":""},"_links":{"self":[{"href":"https:\/\/www.europesays.com\/fi\/wp-json\/wp\/v2\/posts\/62543","targetHints":{"allow":["GET"]}}],"collection":[{"href":"https:\/\/www.europesays.com\/fi\/wp-json\/wp\/v2\/posts"}],"about":[{"href":"https:\/\/www.europesays.com\/fi\/wp-json\/wp\/v2\/types\/post"}],"author":[{"embeddable":true,"href":"https:\/\/www.europesays.com\/fi\/wp-json\/wp\/v2\/users\/2"}],"replies":[{"embeddable":true,"href":"https:\/\/www.europesays.com\/fi\/wp-json\/wp\/v2\/comments?post=62543"}],"version-history":[{"count":0,"href":"https:\/\/www.europesays.com\/fi\/wp-json\/wp\/v2\/posts\/62543\/revisions"}],"wp:featuredmedia":[{"embeddable":true,"href":"https:\/\/www.europesays.com\/fi\/wp-json\/wp\/v2\/media\/62544"}],"wp:attachment":[{"href":"https:\/\/www.europesays.com\/fi\/wp-json\/wp\/v2\/media?parent=62543"}],"wp:term":[{"taxonomy":"category","embeddable":true,"href":"https:\/\/www.europesays.com\/fi\/wp-json\/wp\/v2\/categories?post=62543"},{"taxonomy":"post_tag","embeddable":true,"href":"https:\/\/www.europesays.com\/fi\/wp-json\/wp\/v2\/tags?post=62543"}],"curies":[{"name":"wp","href":"https:\/\/api.w.org\/{rel}","templated":true}]}}