{"id":62556,"date":"2025-10-15T07:15:21","date_gmt":"2025-10-15T07:15:21","guid":{"rendered":"https:\/\/www.europesays.com\/fi\/62556\/"},"modified":"2025-10-15T07:15:21","modified_gmt":"2025-10-15T07:15:21","slug":"rebecca-yarrosin-romanttisen-fantasian-paahenkilo-on-kroonisesti-sairas","status":"publish","type":"post","link":"https:\/\/www.europesays.com\/fi\/62556\/","title":{"rendered":"Rebecca Yarrosin romanttisen fantasian p\u00e4\u00e4henkil\u00f6 on kroonisesti sairas"},"content":{"rendered":"<p class=\"hs-section-removal article-ingress--medium\">Kirjat|Rebecca Yarrosin romantasiakirjat ovat valtavan suosittuja. H\u00e4n on yksi kolmesta suuresta romantasian kuningattaresta.<\/p>\n<p><img decoding=\"async\" src=\"https:\/\/www.europesays.com\/fi\/wp-content\/uploads\/2025\/10\/1760512521_467_468.jpg\" alt=\"Rebecca Yarros kirjamessuilla Washingtonissa elokuussa 2024. Armeijassa ty\u00f6skentelev\u00e4ss\u00e4 perheess\u00e4 kasvanut Yarros on kertonut ajattelevansa sotaa jatkuvasti.\" class=\"_Img_1rerz_1\" style=\"aspect-ratio:0.6666666666666666\" loading=\"eager\"\/><\/p>\n<p class=\"article-picture-caption\">Rebecca Yarros kirjamessuilla Washingtonissa elokuussa 2024. Armeijassa ty\u00f6skentelev\u00e4ss\u00e4 perheess\u00e4 kasvanut Yarros on kertonut ajattelevansa sotaa jatkuvasti. Kuva:\u00a0Fuzheado \/ Wikimedia Commons<\/p>\n<p><a href=\"https:\/\/www.hs.fi\/haku\/?query=Arla+Kanerva+HS\" rel=\"nofollow noopener\" target=\"_blank\"><\/p>\n<p>Arla Kanerva HS<\/p>\n<p><\/a><\/p>\n<p>25.6. 6:30 | P\u00e4ivitetty 30.6. 10:13<\/p>\n<p class=\"article-body mb-nof-24 px-nof-16\">Kirjakaupoissa erityisen paljon innostusta on t\u00e4n\u00e4 kev\u00e4\u00e4n\u00e4 her\u00e4tt\u00e4nyt yhdysvaltalaisen <a class=\"article-personlink\" href=\"https:\/\/www.hs.fi\/haku\/?query=Rebecca%20Yarrosin\" rel=\"nofollow noopener\" target=\"_blank\">Rebecca Yarrosin<\/a> Myrskynsilm\u00e4 (Onyx Storm), Empyreum-sarjan kolmas osa. Englanniksi teos ilmestyi jo tammikuussa, <a class=\"article-personlink\" href=\"https:\/\/www.hs.fi\/haku\/?query=Laura%20Haaviston\" rel=\"nofollow noopener\" target=\"_blank\">Laura Haaviston<\/a> suomennos julkaistiin toukokuun alussa.<\/p>\n<p>KommentoiIlmoita asiavirheest\u00e4KommentoiIlmoita asiavirheest\u00e4<\/p>\n","protected":false},"excerpt":{"rendered":"Kirjat|Rebecca Yarrosin romantasiakirjat ovat valtavan suosittuja. H\u00e4n on yksi kolmesta suuresta romantasian kuningattaresta. Rebecca Yarros kirjamessuilla Washingtonissa elokuussa&hellip;\n","protected":false},"author":2,"featured_media":62557,"comment_status":"","ping_status":"","sticky":false,"template":"","format":"standard","meta":{"footnotes":""},"categories":[134],"tags":[377,137,33,31,30,46,378,32,109],"class_list":{"0":"post-62556","1":"post","2":"type-post","3":"status-publish","4":"format-standard","5":"has-post-thumbnail","7":"category-kirjat","8":"tag-books","9":"tag-entertainment","10":"tag-fi","11":"tag-finland","12":"tag-finnish","13":"tag-helsingin-sanomat","14":"tag-kirjat","15":"tag-suomi","16":"tag-viihde"},"share_on_mastodon":{"url":"","error":""},"_links":{"self":[{"href":"https:\/\/www.europesays.com\/fi\/wp-json\/wp\/v2\/posts\/62556","targetHints":{"allow":["GET"]}}],"collection":[{"href":"https:\/\/www.europesays.com\/fi\/wp-json\/wp\/v2\/posts"}],"about":[{"href":"https:\/\/www.europesays.com\/fi\/wp-json\/wp\/v2\/types\/post"}],"author":[{"embeddable":true,"href":"https:\/\/www.europesays.com\/fi\/wp-json\/wp\/v2\/users\/2"}],"replies":[{"embeddable":true,"href":"https:\/\/www.europesays.com\/fi\/wp-json\/wp\/v2\/comments?post=62556"}],"version-history":[{"count":0,"href":"https:\/\/www.europesays.com\/fi\/wp-json\/wp\/v2\/posts\/62556\/revisions"}],"wp:featuredmedia":[{"embeddable":true,"href":"https:\/\/www.europesays.com\/fi\/wp-json\/wp\/v2\/media\/62557"}],"wp:attachment":[{"href":"https:\/\/www.europesays.com\/fi\/wp-json\/wp\/v2\/media?parent=62556"}],"wp:term":[{"taxonomy":"category","embeddable":true,"href":"https:\/\/www.europesays.com\/fi\/wp-json\/wp\/v2\/categories?post=62556"},{"taxonomy":"post_tag","embeddable":true,"href":"https:\/\/www.europesays.com\/fi\/wp-json\/wp\/v2\/tags?post=62556"}],"curies":[{"name":"wp","href":"https:\/\/api.w.org\/{rel}","templated":true}]}}