{"id":62613,"date":"2025-10-15T08:19:08","date_gmt":"2025-10-15T08:19:08","guid":{"rendered":"https:\/\/www.europesays.com\/fi\/62613\/"},"modified":"2025-10-15T08:19:08","modified_gmt":"2025-10-15T08:19:08","slug":"paikallispoliitikkoa-syytetaan-torkeasta-rikoksesta-jatti-jalleen-saapumatta-oikeuteen","status":"publish","type":"post","link":"https:\/\/www.europesays.com\/fi\/62613\/","title":{"rendered":"Paikallispoliitikkoa syytet\u00e4\u00e4n t\u00f6rke\u00e4st\u00e4 rikoksesta \u2013 J\u00e4tti j\u00e4lleen saapumatta oikeuteen"},"content":{"rendered":"<p>Paikallispoliitikko ei saapunut oikeuden eteen keskiviikkonakaan. Kyseess\u00e4 oli jo toinen kerta, kun asian k\u00e4sittely on yritetty aloittaa.<\/p>\n<p><img decoding=\"async\" class=\"image image-show image-preview\" src=\"https:\/\/www.europesays.com\/fi\/wp-content\/uploads\/2025\/10\/4351675db2e28b3479d8b0abcceb648da81e1e618dd7671e3d6a4ea028ead312.png\" alt=\"\"\/><img decoding=\"async\" class=\"image image-show\" src=\"https:\/\/www.europesays.com\/fi\/wp-content\/uploads\/2025\/10\/1760516348_257_4351675db2e28b3479d8b0abcceb648da81e1e618dd7671e3d6a4ea028ead312.png\" alt=\"\"\/><\/p>\n<p>Pekka \u00c4ik\u00e4s (kok) oli ehdolla kev\u00e4\u00e4n 2025 kunta- ja aluevaaleissa. vantaan kokoomus<\/p>\n<p class=\"paragraph\">Paikallispoliitikko <strong>Pekka \u00c4ik\u00e4s<\/strong>, 61, ei saapunut k\u00e4r\u00e4j\u00e4oikeuteen t\u00e4n\u00e4\u00e4nk\u00e4\u00e4n. \u00c4ik\u00e4kselle oli m\u00e4\u00e4r\u00e4 lukea keskiviikkona syyte t\u00f6rke\u00e4st\u00e4 petoksesta ja luottamusaseman v\u00e4\u00e4rink\u00e4yt\u00f6st\u00e4.<\/p>\n<p class=\"paragraph\">Istunto kuitenkin peruuntui, sill\u00e4 \u00c4ik\u00e4s ilmoitti tiistaina iltap\u00e4iv\u00e4ll\u00e4 olevansa estynyt. Saman syyn \u00c4ik\u00e4s antoi viime huhtikuussa, kun h\u00e4nen piti edellisen kerran saapua k\u00e4r\u00e4j\u00e4oikeuteen.<\/p>\n<p class=\"paragraph\">V\u00e4itetyt rikokset ovat tapahtuneet 25.1.2021\u201322.9.2022. \u00c4ik\u00e4s ty\u00f6skenteli tuolloin operatiivisena johtajana korkeakoulujen omistamassa IT-talossa. T\u00e4t\u00e4 nyky\u00e4 h\u00e4n ty\u00f6skentelee Autoliiton teknologiajohtajana.<\/p>\n<p class=\"paragraph\">Iltalehti uutisoi rikossyytteist\u00e4 <a href=\"https:\/\/www.iltalehti.fi\/politiikka\/a6587424-d6e0-43a0-81b3-41b1fa8f146a\" rel=\"nofollow noopener\" target=\"_blank\">viime huhtikuussa<\/a>. \u00c4ik\u00e4s oli tuolloin kokoomuksen ehdokkaana kunta- ja aluevaaleissa. \u00c4\u00e4nisaalis j\u00e4i lopulta varsin pieneksi eik\u00e4 h\u00e4nt\u00e4 valittu.<\/p>\n<p class=\"paragraph\">Vantaalainen \u00c4ik\u00e4s kertoi vaalien alla olleensa kokoomuksen toiminnassa mukana jo parikymment\u00e4 vuotta. Viime kev\u00e4\u00e4n\u00e4 h\u00e4n oli toista kertaa ehdolla kunnallisvaaleissa.<\/p>\n<p class=\"paragraph\">\u00c4ik\u00e4s on toiminut my\u00f6s lautamiehen\u00e4 It\u00e4-Uudenmaan k\u00e4r\u00e4j\u00e4oikeudessa. Helsingin Sanomat kertoi kev\u00e4\u00e4lle, ettei k\u00e4r\u00e4j\u00e4oikeus ei ole kutsunut \u00c4ik\u00e4st\u00e4 istuntoihin lokakuusta 2024 l\u00e4htien. Syytteet nostettiin tuolloin.<\/p>\n","protected":false},"excerpt":{"rendered":"Paikallispoliitikko ei saapunut oikeuden eteen keskiviikkonakaan. Kyseess\u00e4 oli jo toinen kerta, kun asian k\u00e4sittely on yritetty aloittaa. Pekka&hellip;\n","protected":false},"author":2,"featured_media":62614,"comment_status":"","ping_status":"","sticky":false,"template":"","format":"standard","meta":{"footnotes":""},"categories":[5],"tags":[35,22,23,26,27,33,31,30,17,53,24,25,28,29,15,18,21,637,886,38,32,19,20,16,2196],"class_list":{"0":"post-62613","1":"post","2":"type-post","3":"status-publish","4":"format-standard","5":"has-post-thumbnail","7":"category-otsikot","8":"tag-24h","9":"tag-breaking-news","10":"tag-breakingnews","11":"tag-featured-news","12":"tag-featurednews","13":"tag-fi","14":"tag-finland","15":"tag-finnish","16":"tag-headlines","17":"tag-laki-oikeus-ja-rikos","18":"tag-latest-news","19":"tag-latestnews","20":"tag-main-news","21":"tag-mainnews","22":"tag-news","23":"tag-otsikot","24":"tag-paauutiset","25":"tag-politiikka","26":"tag-puolueet","27":"tag-rikos","28":"tag-suomi","29":"tag-top-stories","30":"tag-topstories","31":"tag-uutiset","32":"tag-vaalit"},"share_on_mastodon":{"url":"","error":""},"_links":{"self":[{"href":"https:\/\/www.europesays.com\/fi\/wp-json\/wp\/v2\/posts\/62613","targetHints":{"allow":["GET"]}}],"collection":[{"href":"https:\/\/www.europesays.com\/fi\/wp-json\/wp\/v2\/posts"}],"about":[{"href":"https:\/\/www.europesays.com\/fi\/wp-json\/wp\/v2\/types\/post"}],"author":[{"embeddable":true,"href":"https:\/\/www.europesays.com\/fi\/wp-json\/wp\/v2\/users\/2"}],"replies":[{"embeddable":true,"href":"https:\/\/www.europesays.com\/fi\/wp-json\/wp\/v2\/comments?post=62613"}],"version-history":[{"count":0,"href":"https:\/\/www.europesays.com\/fi\/wp-json\/wp\/v2\/posts\/62613\/revisions"}],"wp:featuredmedia":[{"embeddable":true,"href":"https:\/\/www.europesays.com\/fi\/wp-json\/wp\/v2\/media\/62614"}],"wp:attachment":[{"href":"https:\/\/www.europesays.com\/fi\/wp-json\/wp\/v2\/media?parent=62613"}],"wp:term":[{"taxonomy":"category","embeddable":true,"href":"https:\/\/www.europesays.com\/fi\/wp-json\/wp\/v2\/categories?post=62613"},{"taxonomy":"post_tag","embeddable":true,"href":"https:\/\/www.europesays.com\/fi\/wp-json\/wp\/v2\/tags?post=62613"}],"curies":[{"name":"wp","href":"https:\/\/api.w.org\/{rel}","templated":true}]}}