{"id":62654,"date":"2025-10-15T09:08:10","date_gmt":"2025-10-15T09:08:10","guid":{"rendered":"https:\/\/www.europesays.com\/fi\/62654\/"},"modified":"2025-10-15T09:08:10","modified_gmt":"2025-10-15T09:08:10","slug":"finnair-peruu-lisaa-lentoja-naita-kohteita-se-koskee","status":"publish","type":"post","link":"https:\/\/www.europesays.com\/fi\/62654\/","title":{"rendered":"Finnair peruu lis\u00e4\u00e4 lentoja \u2013 N\u00e4it\u00e4 kohteita se koskee"},"content":{"rendered":"<p>Finnairin kahdeksan lentokonetta on edelleen lentokiellossa. <\/p>\n<p><img decoding=\"async\" class=\"image image-show image-preview\" src=\"https:\/\/www.europesays.com\/fi\/wp-content\/uploads\/2025\/08\/5ede0155da61e347a97a0a8ff7e08e9d2b5c38156b95aab61c6728d79372b234.jpg\" alt=\"\"\/><img decoding=\"async\" class=\"image image-show\" src=\"https:\/\/www.europesays.com\/fi\/wp-content\/uploads\/2025\/08\/1756630088_514_5ede0155da61e347a97a0a8ff7e08e9d2b5c38156b95aab61c6728d79372b234.jpg\" alt=\"\"\/><\/p>\n<p>Finnair peruu keskiviikolta kahdeksan lentoa.  Jani Korpela<\/p>\n<p class=\"paragraph\">Lentoyhti\u00f6 Finnair on joutunut perumaan lis\u00e4\u00e4 lentoja.<\/p>\n<p class=\"paragraph\">Asian Iltalehdelle vahvistaa Finnairin viestint\u00e4p\u00e4\u00e4llikk\u00f6 <strong>Suvi Aaltonen<\/strong>. Keskiviikolta on peruttu 8 lentoa.<\/p>\n<p class=\"paragraph\">Syyn\u00e4 lentojen peruuntumiselle ovat <a href=\"https:\/\/www.iltalehti.fi\/kotimaa\/c2f7e449-a86d-4970-850d-02982e1cc063\" rel=\"nofollow noopener\" target=\"_blank\">istuinten vesipesu<\/a>. Perutut lennot koskevat kahdeksaa A320-laivaston lentokonetta, joiden operointi on keskeytetty toistaiseksi.<\/p>\n<p class=\"paragraph\">\u2013 Keskiviikon osalta peruttujen lentojen kohteina ovat olleet Oulu, Lontoo, Z\u00fcrich ja Tukholma, Aaltonen kertoo.<\/p>\n<p class=\"paragraph\">Aaltosen mukaan suurin osa asiakkaista on jo saatu reititetty\u00e4 uusiksi saman p\u00e4iv\u00e4n lennoille.<\/p>\n<p>Peruutuksia viel\u00e4 tulossa lis\u00e4\u00e4<\/p>\n<p class=\"paragraph\">Finnairilla on yh\u00e4 8 lentokonetta lentokiellossa. Aaltonen ei osaa viel\u00e4 sanoa, kuinka kauan tilanne kest\u00e4\u00e4.<\/p>\n<p class=\"paragraph\">\u2013 Joitakin lentoja tullaan viel\u00e4 p\u00e4ivitt\u00e4in perumaan. Lentojen m\u00e4\u00e4r\u00e4 voi olla jotain 2\u201320 kappaleen v\u00e4lilt\u00e4. Finnair kuitenkin lent\u00e4\u00e4 300 lentoa p\u00e4ivitt\u00e4in, joten peruttujen lentojen m\u00e4\u00e4r\u00e4 on suhteellisen pieni, Aaltonen tarkentaa.<\/p>\n<p class=\"paragraph\">Finnair on saanut yhteisty\u00f6kumppaniltaan tanskalaiselta DAT-lentoyhti\u00f6lt\u00e4 kaksi konetta  k\u00e4ytt\u00f6\u00f6ns\u00e4 v\u00e4liaikaisesti.<\/p>\n<p class=\"paragraph\">\u2013 Lentokiellossa olevien koneiden suhteen katsomme l\u00e4pi t\u00e4ll\u00e4 hetkell\u00e4 useita erilaisia ratkaisuvaihtoehtoja. Etsimme ratkaisuja yhdess\u00e4 asiantuntijoiden, penkkien ja verhoilun valmistajien kanssa. Toivomme l\u00f6yt\u00e4v\u00e4mme pikaisen ratkaisun, Aaltonen sanoo.<\/p>\n","protected":false},"excerpt":{"rendered":"Finnairin kahdeksan lentokonetta on edelleen lentokiellossa. Finnair peruu keskiviikolta kahdeksan lentoa. Jani Korpela Lentoyhti\u00f6 Finnair on joutunut perumaan&hellip;\n","protected":false},"author":2,"featured_media":21453,"comment_status":"","ping_status":"","sticky":false,"template":"","format":"standard","meta":{"footnotes":""},"categories":[76],"tags":[35,79,77,2110,33,31,30,2910,121,32,78,822,3006],"class_list":{"0":"post-62654","1":"post","2":"type-post","3":"status-publish","4":"format-standard","5":"has-post-thumbnail","7":"category-talous","8":"tag-24h","9":"tag-business","10":"tag-economy","11":"tag-elamantapa-ja-vapaa-aika","12":"tag-fi","13":"tag-finland","14":"tag-finnish","15":"tag-lentoliikenne-ilmaliikenne","16":"tag-liikenne-ja-kuljetus","17":"tag-suomi","18":"tag-talous","19":"tag-teollisuustuotteet-ja-palvelut-sektori","20":"tag-yhdistynyt-kuningaskunta"},"share_on_mastodon":{"url":"","error":""},"_links":{"self":[{"href":"https:\/\/www.europesays.com\/fi\/wp-json\/wp\/v2\/posts\/62654","targetHints":{"allow":["GET"]}}],"collection":[{"href":"https:\/\/www.europesays.com\/fi\/wp-json\/wp\/v2\/posts"}],"about":[{"href":"https:\/\/www.europesays.com\/fi\/wp-json\/wp\/v2\/types\/post"}],"author":[{"embeddable":true,"href":"https:\/\/www.europesays.com\/fi\/wp-json\/wp\/v2\/users\/2"}],"replies":[{"embeddable":true,"href":"https:\/\/www.europesays.com\/fi\/wp-json\/wp\/v2\/comments?post=62654"}],"version-history":[{"count":0,"href":"https:\/\/www.europesays.com\/fi\/wp-json\/wp\/v2\/posts\/62654\/revisions"}],"wp:featuredmedia":[{"embeddable":true,"href":"https:\/\/www.europesays.com\/fi\/wp-json\/wp\/v2\/media\/21453"}],"wp:attachment":[{"href":"https:\/\/www.europesays.com\/fi\/wp-json\/wp\/v2\/media?parent=62654"}],"wp:term":[{"taxonomy":"category","embeddable":true,"href":"https:\/\/www.europesays.com\/fi\/wp-json\/wp\/v2\/categories?post=62654"},{"taxonomy":"post_tag","embeddable":true,"href":"https:\/\/www.europesays.com\/fi\/wp-json\/wp\/v2\/tags?post=62654"}],"curies":[{"name":"wp","href":"https:\/\/api.w.org\/{rel}","templated":true}]}}