{"id":62659,"date":"2025-10-15T09:11:08","date_gmt":"2025-10-15T09:11:08","guid":{"rendered":"https:\/\/www.europesays.com\/fi\/62659\/"},"modified":"2025-10-15T09:11:08","modified_gmt":"2025-10-15T09:11:08","slug":"koira-hyokkasi-lapsen-kimppuun-lapsi-sairaalaan","status":"publish","type":"post","link":"https:\/\/www.europesays.com\/fi\/62659\/","title":{"rendered":"Koira hy\u00f6kk\u00e4si lapsen kimppuun \u2013 Lapsi sairaalaan"},"content":{"rendered":"<p>Loukkaantunut lapsi on alakouluik\u00e4inen. Asiaa tutkitaan el\u00e4imen vartioimatta j\u00e4tt\u00e4misen\u00e4 ja t\u00f6rke\u00e4n\u00e4 vammantuottamuksena.<\/p>\n<p><img decoding=\"async\" class=\"image image-show image-preview\" src=\"https:\/\/www.europesays.com\/fi\/wp-content\/uploads\/2025\/10\/a27ed61a08d6c3e36ed154b33ca4d0cbaccaa1e00c37d4a1b0e2cd230fcfc82e.jpg\" alt=\"\"\/><img decoding=\"async\" class=\"image image-show\" src=\"https:\/\/www.europesays.com\/fi\/wp-content\/uploads\/2025\/10\/1760519468_163_a27ed61a08d6c3e36ed154b33ca4d0cbaccaa1e00c37d4a1b0e2cd230fcfc82e.jpg\" alt=\"\"\/><\/p>\n<p>Komisario Jarno V\u00e4liaho ei kommentoi koiran rotua tai kokoa. Kuvan koira ei liity tapaukseen. Mostphotos<\/p>\n<p class=\"paragraph\">Poliisi tutkii Raahessa tapahtunutta koiran hy\u00f6kk\u00e4yst\u00e4 lapsen kimppuun, tiedottaa Oulun poliisilaitos.<\/p>\n<p class=\"paragraph\">Poliisi sai tiistai-iltana teht\u00e4v\u00e4n tilanteesta, jossa irti ollut koira oli hy\u00f6k\u00e4nnyt py\u00f6r\u00e4ilev\u00e4n lapsen kimppuun toistaiseksi tuntemattomasta syyst\u00e4. Koira puri lasta useita kertoja ja aiheutti t\u00e4lle sairaalahoitoa vaativia vammoja.<\/p>\n<p class=\"paragraph\">Tapahtumapaikalla tavoitettiin koirasta huolehtinut henkil\u00f6, jolta se oli p\u00e4\u00e4ssyt karkaamaan. V\u00e4litt\u00f6m\u00e4sti aloitetun esitutkinnan my\u00f6t\u00e4 selvisi, ett\u00e4 koira on aiemminkin k\u00e4ynyt ihmisten kimppuun.<\/p>\n<p class=\"paragraph\">Poliisin mukaan tilanteessa olisi voinut k\u00e4yd\u00e4 viel\u00e4 pahemmin, elleiv\u00e4t paikalle osuneet sivulliset olisivat saaneet keskeytetty\u00e4 koiran hy\u00f6kk\u00e4yst\u00e4. He kutsuivat my\u00f6s lis\u00e4apua paikalle.<\/p>\n<p>Lapsi alakouluik\u00e4inen<\/p>\n<p class=\"paragraph\">Komisario <strong>Jarno V\u00e4liahon<\/strong> mukaan loukkaantunut lapsi on alakouluik\u00e4inen.<\/p>\n<p class=\"paragraph\">V\u00e4liaho ei kommentoi, mihin koira puri lasta, mutta h\u00e4nen ymm\u00e4rt\u00e4\u00e4kseen t\u00e4m\u00e4n vammat eiv\u00e4t ole hengenvaarallisia.<\/p>\n<p class=\"paragraph\">\u2013 Sivulliset eiv\u00e4t loukkaantuneet tilanteessa, h\u00e4n sanoo Iltalehdelle.<\/p>\n<p class=\"paragraph\">Tiedotteessa poliisi kiitt\u00e4\u00e4 auttajia hyv\u00e4st\u00e4 toiminnasta.<\/p>\n<p class=\"paragraph\">\u2013 Ilman heid\u00e4n toimintaansa lopputulosta pystyy vain arvailemaan.<\/p>\n<p>Tutkitaan nopeutetusti<\/p>\n<p class=\"paragraph\">Asiaa tutkitaan el\u00e4imen vartioimatta j\u00e4tt\u00e4misen\u00e4 ja t\u00f6rke\u00e4n\u00e4 vammantuottamuksena. Tiedotteen mukaan asiaa tullaan k\u00e4sittelem\u00e4\u00e4n poliisissa nopeutetusti, koska vahingon uhri on lapsi.<\/p>\n<p class=\"paragraph\">Koira on t\u00e4ll\u00e4 hetkell\u00e4 poliisin takavarikoimana. Poliisi on m\u00e4\u00e4r\u00e4nnyt koiran lopetettavaksi sen varsinaisen omistajan suostumuksella.<\/p>\n<p class=\"paragraph\">Poliisi ei kommentoi koiran rotua eik\u00e4 sit\u00e4, mink\u00e4 kokoinen se on.<\/p>\n","protected":false},"excerpt":{"rendered":"Loukkaantunut lapsi on alakouluik\u00e4inen. Asiaa tutkitaan el\u00e4imen vartioimatta j\u00e4tt\u00e4misen\u00e4 ja t\u00f6rke\u00e4n\u00e4 vammantuottamuksena. Komisario Jarno V\u00e4liaho ei kommentoi koiran&hellip;\n","protected":false},"author":2,"featured_media":62660,"comment_status":"","ping_status":"","sticky":false,"template":"","format":"standard","meta":{"footnotes":""},"categories":[5],"tags":[35,22,23,404,26,27,33,31,30,17,3434,3726,24,25,931,28,29,15,785,18,21,32,19,20,16],"class_list":{"0":"post-62659","1":"post","2":"type-post","3":"status-publish","4":"format-standard","5":"has-post-thumbnail","7":"category-otsikot","8":"tag-24h","9":"tag-breaking-news","10":"tag-breakingnews","11":"tag-elaimet","12":"tag-featured-news","13":"tag-featurednews","14":"tag-fi","15":"tag-finland","16":"tag-finnish","17":"tag-headlines","18":"tag-koira","19":"tag-koiraelaimet","20":"tag-latest-news","21":"tag-latestnews","22":"tag-lemmikkielaimet","23":"tag-main-news","24":"tag-mainnews","25":"tag-news","26":"tag-nisakkaat","27":"tag-otsikot","28":"tag-paauutiset","29":"tag-suomi","30":"tag-top-stories","31":"tag-topstories","32":"tag-uutiset"},"share_on_mastodon":{"url":"","error":""},"_links":{"self":[{"href":"https:\/\/www.europesays.com\/fi\/wp-json\/wp\/v2\/posts\/62659","targetHints":{"allow":["GET"]}}],"collection":[{"href":"https:\/\/www.europesays.com\/fi\/wp-json\/wp\/v2\/posts"}],"about":[{"href":"https:\/\/www.europesays.com\/fi\/wp-json\/wp\/v2\/types\/post"}],"author":[{"embeddable":true,"href":"https:\/\/www.europesays.com\/fi\/wp-json\/wp\/v2\/users\/2"}],"replies":[{"embeddable":true,"href":"https:\/\/www.europesays.com\/fi\/wp-json\/wp\/v2\/comments?post=62659"}],"version-history":[{"count":0,"href":"https:\/\/www.europesays.com\/fi\/wp-json\/wp\/v2\/posts\/62659\/revisions"}],"wp:featuredmedia":[{"embeddable":true,"href":"https:\/\/www.europesays.com\/fi\/wp-json\/wp\/v2\/media\/62660"}],"wp:attachment":[{"href":"https:\/\/www.europesays.com\/fi\/wp-json\/wp\/v2\/media?parent=62659"}],"wp:term":[{"taxonomy":"category","embeddable":true,"href":"https:\/\/www.europesays.com\/fi\/wp-json\/wp\/v2\/categories?post=62659"},{"taxonomy":"post_tag","embeddable":true,"href":"https:\/\/www.europesays.com\/fi\/wp-json\/wp\/v2\/tags?post=62659"}],"curies":[{"name":"wp","href":"https:\/\/api.w.org\/{rel}","templated":true}]}}