{"id":62705,"date":"2025-10-15T10:15:09","date_gmt":"2025-10-15T10:15:09","guid":{"rendered":"https:\/\/www.europesays.com\/fi\/62705\/"},"modified":"2025-10-15T10:15:09","modified_gmt":"2025-10-15T10:15:09","slug":"diandran-uskomaton-paljastus-lady-gagan-superfani-ja-10-konserttia","status":"publish","type":"post","link":"https:\/\/www.europesays.com\/fi\/62705\/","title":{"rendered":"Diandran uskomaton paljastus: Lady Gagan superfani ja 10 konserttia"},"content":{"rendered":"<p>\n            (270825) &#8212; Helsinki, August 27, 2025 \u2013 Diandra Flores poses for the camera during El\u00e4m\u00e4ni Biisi &#8211; Press Conference in Helsinki, Finland, 27. August 2025. (Matti Matikainen\/Aller Media)<br \/>\n            Matti Matikainen\n        <\/p>\n<p class=\"subtitle \">Artisti hehkuu onnea rakkaudent\u00e4yteisess\u00e4 ulostulossa.<\/p>\n<p class=\"article-content article-content-width !bg-background\">Laulaja  salattu puoli paljastui.<\/p>\n<p class=\"font-weight-bold m-font-weight-bold article-content article-content-width !bg-background\">Video: Diandra Seiskan haasteessa.<\/p>\n<p class=\"article-content article-content-width !bg-background\">Tarkemmin ottaen kyseess\u00e4 on se puoli artistista, jota ei ehk\u00e4 n\u00e4y arkiel\u00e4m\u00e4ss\u00e4 niin paljon. Jopa huippulahjakkailla t\u00e4hdill\u00e4 kuten Diandralla on omat idolinsa.<\/p>\n<p class=\"article-content article-content-width !bg-background\">Diandran tiedet\u00e4\u00e4n fanittavan , oikealta nimelt\u00e4\u00e4n .<\/p>\n<p class=\"article-content article-content-width !bg-background\">Jo vuonna 2012 <a href=\"https:\/\/www.mtvuutiset.fi\/artikkeli\/idols-diandra-fanitti-lady-gagaa-kahdesti\/2860926\" target=\"_blank\" rel=\"nofollow noopener\">MTV uutisoi, kuinka Idols-voittaja Diandra fanitti Gagaa kahtena iltana<\/a> Helsingiss\u00e4.<\/p>\n<p class=\"article-content article-content-width !bg-background\">Viel\u00e4 tuolloin megat\u00e4hti Lady Gaga vieraili meill\u00e4 Suomessakin. Tuolloin h\u00e4nell\u00e4 oli meneill\u00e4\u00e4n massiivinen The Born This Way Ball -kiertue, joka k\u00e4sitti kaikkiaan 98 konserttia ymp\u00e4ri maailmaa.<\/p>\n<p>Oho, mik\u00e4 superfani!<\/p>\n<p class=\"article-content article-content-width !bg-background\">Diandra on nyt <a href=\"https:\/\/www.instagram.com\/p\/DPzO-N0CC1j\/?img_index=16\" target=\"_blank\" rel=\"nofollow noopener\">jakanut Instagram-tilill\u00e4\u00e4n <\/a>uskomattoman paljastuksen fanitukseensa liittyen.<\/p>\n<p class=\"article-content article-content-width !bg-background\">H\u00e4n kertoo, ett\u00e4 h\u00e4nell\u00e4 tulee t\u00e4n\u00e4\u00e4n t\u00e4yteen kymmenes Lady Gagan konsertti, johon h\u00e4n on osallistunut. Ensimm\u00e4isest\u00e4 kerrasta tuli kuluneeksi jo 15 vuotta. Silloin Gagalla oli meneill\u00e4\u00e4n The Fame Monster Ball -kiertue.<\/p>\n<p class=\"article-content article-content-width !bg-background\">\u2013 13.10.2010 oli yks mun el\u00e4m\u00e4ni onnellisimpia p\u00e4ivi\u00e4. Olin silloin el\u00e4m\u00e4ni artistin, Lady Gagan keikalla ekaa kertaa ikin\u00e4!\u00a0<\/p>\n<p class=\"article-content article-content-width !bg-background\">\u2013 P\u00e4iv\u00e4lleen tasan 15 vuotta my\u00f6hemmin, eli eilen 13.10.2025, olin taas Lady Gagan keikalla! T\u00e4ss\u00e4 v\u00e4liss\u00e4 oon ehtinyt olla 9 kertaa Gagan konsertissa, ja huomenna tulee t\u00e4ysi 10 t\u00e4yteen t\u00e4\u00e4ll\u00e4 Tukholmassa, Diandra kertoo julkaisussaan.<\/p>\n<p>        <a itemprop=\"url\" href=\"https:\/\/www.seiska.fi\/kotimaa\/huoli-herasi-diandrasta\/1962272\" rel=\"nofollow noopener\" target=\"_blank\"><\/p>\n<p>\nN\u00e4in laulaja vastaa\n<\/p>\n<p class=\"section-date\">\n        <strong class=\"article-section\" data-section=\"kotimaa\"><br \/>\n            kotimaa<br \/>\n        <\/strong><br \/>\n        14.10. 20:00\n    <\/p>\n<p>Huoli her\u00e4si Diandrasta\n    <\/p>\n<p itemprop=\"description\" class=\"subtitle \">\n    Diandra l\u00e4htee marraskuussa eritt\u00e4in kattavalle keikkakiertueelle.\n<\/p>\n<p>        <\/a><\/p>\n<p>Syd\u00e4mi\u00e4 satelee<\/p>\n<p class=\"article-content article-content-width !bg-background\">Diandra hehkuttaa avoimesti ihailunsa kohdetta. Voisi sanoa, ett\u00e4 kyseess\u00e4 on rakkaudent\u00e4yteinen ulostulo, koska kirjoitus on h\u00f6ystetty lukuisilla punaisilla syd\u00e4mill\u00e4.<\/p>\n<p class=\"article-content article-content-width !bg-background\">\u2013 Lady Gaga on PARAS! Lady Gagan konsertit on niin ihmeellisi\u00e4, inspiroivia, upeita, yll\u00e4tt\u00e4vi\u00e4, mahtavia, parhaita, ja se fiilis mik\u00e4 siell\u00e4 tulee on sanoinkuvaamaton. Sanoin just t\u00e4n\u00e4\u00e4n kaverille puhelimessa, ett\u00e4: \u201dkaikki on aina Lady Gagan keikalla onnellisia!!\u201d, Diandra kehuu kehumistaan.<\/p>\n<p class=\"article-content article-content-width !bg-background\">Laulaja pit\u00e4\u00e4 Gagan konsertteja maailman onnellisimpana paikkana.\u00a0<\/p>\n<p class=\"article-content article-content-width !bg-background\">\u2013 En tuu IKIN\u00c4 pystyy kellekk\u00e4\u00e4n selitt\u00e4\u00e4 mit\u00e4 Lady Gaga mulle merkitsee, miten suuresti h\u00e4nt\u00e4 ihailen, ja miten h\u00e4n on mun el\u00e4m\u00e4\u00e4n vaikuttanut 14 vuotiaasta l\u00e4htien. El\u00e4m\u00e4 Little Monsterina on parasta ja sanoinko jo ett\u00e4\u2026 LADY GAGA ON PARAS! Diandra p\u00e4\u00e4tt\u00e4\u00e4.<\/p>\n<p class=\"article-content article-content-width !bg-background\">Diandra k\u00e4ytt\u00e4\u00e4 itsest\u00e4\u00e4n nimityst\u00e4 Little Monster, sill\u00e4 Gagan faneja kutsutaan &#8221;pikku hirvi\u00f6iksi&#8221;. Julkaisussa on kaikkiaan 16 kuvaa, joissa Diandra poseeraa iloisena Avicii Areenalla Tukholmassa, ja otoksissa my\u00f6s n\u00e4kyy, millaista keikalla on ollut.<\/p>\n<p>                <img decoding=\"async\" src=\"https:\/\/www.europesays.com\/fi\/wp-content\/uploads\/2025\/10\/1962830.webp\" width=\"576\" height=\"322\" alt=\"Lady Gagan uusin kiertue on saanut kiitosta sen taidokkaasta toteutuksesta ja n\u00e4ytt\u00e4vyydest\u00e4. Goottiestetiikka huokuu niin asuista kuin lavasteistakin.\" loading=\"lazy\" \/>            <\/p>\n<p>\n            Lady Gagan uusin kiertue on saanut kiitosta sen taidokkaasta toteutuksesta ja n\u00e4ytt\u00e4vyydest\u00e4. Goottiestetiikka huokuu niin asuista kuin lavasteistakin.<br \/>\n            AOP\n        <\/p>\n<p>Hehkutettu spektaakkeli<\/p>\n<p class=\"article-content article-content-width !bg-background\">Gaga esiintyy t\u00e4n\u00e4\u00e4n (15.10.) Tukholmassa Ruotsissa viimeisen kerran. Artistilla oli konsertit jo aiemmin sunnuntaina ja maanantaina.<\/p>\n<p class=\"article-content article-content-width !bg-background\">Gaga on t\u00e4ll\u00e4 hetkell\u00e4 kiertueella uuden Mayhem-levyns\u00e4 tiimoilta. Muun muassa <a href=\"https:\/\/www.hs.fi\/kulttuuri\/art-2000011533165.html\" target=\"_blank\" rel=\"nofollow noopener\">Helsingin Sanomat hehkutti l\u00e4hes kolmetuntisen tykityksen maasta taivaisiin<\/a>. Sit\u00e4 luonnehdittiin muun muassa n\u00e4ytt\u00e4v\u00e4ksi ja vaikuttavaksi taidespektaakkeliksi.<\/p>\n<p>        <a itemprop=\"url\" href=\"https:\/\/www.seiska.fi\/kotimaa\/lady-gaga-jakoi-suomalaisartistin-videon\/1950427\" rel=\"nofollow noopener\" target=\"_blank\"><\/p>\n<p>\nLady Gaga\n<\/p>\n<p class=\"section-date\">\n        <strong class=\"article-section\" data-section=\"kotimaa\"><br \/>\n            kotimaa<br \/>\n        <\/strong><br \/>\n        3.10. 12:31\n    <\/p>\n<p>Lady Gaga jakoi suomalaisartistin videon\n    <\/p>\n<p itemprop=\"description\" class=\"subtitle \">\n    T\u00e4hti tarjosi yll\u00e4tt\u00e4en yli 61 miljoonan somettajan n\u00e4kyvyyden.\n<\/p>\n<p>        <\/a><\/p>\n<p>Yksin\u00e4isyys vaivasi<\/p>\n<p class=\"article-content article-content-width !bg-background\">Diandra on <a href=\"https:\/\/www.seiska.fi\/kotimaa\/diandra-avoimena-olin-onneton-ja-yksinainen\/1215739\" target=\"_blank\" rel=\"nofollow noopener\">kertonut Seiskalle fanituksensa tausto<\/a>ista. Nuorena h\u00e4n treenasi ankarasti klassista musiikkia ja se vei paljon h\u00e4nen aikaansa. T\u00e4st\u00e4 syyst\u00e4 h\u00e4n my\u00f6s oli yksin\u00e4inen.<\/p>\n<p class=\"article-content article-content-width !bg-background\">Lady Gaga tarjosi h\u00e4nelle lohtua vaikeana aikana.<\/p>\n<p class=\"article-content article-content-width !bg-background\">\u2013 Minulla ei ollut hirve\u00e4sti kavereita, ja olin kiireinen, v\u00e4synyt ja oikeastaan v\u00e4h\u00e4n onneton. Oli niin ihanaa, ett\u00e4 oli tuollainen tyyppi, jonka maailmaan pystyi uppoutumaan. Siell\u00e4 kaikki oli hyvin ja mahtavaa. Siit\u00e4 sain itsekin rohkeutta l\u00e4hte\u00e4 unelmani per\u00e4\u00e4n, eli laulamaan poppia, Diandra muisteli Seiskalle joulukuussa 2023.<\/p>\n<p>        <a itemprop=\"url\" href=\"https:\/\/www.seiska.fi\/ulkomaat\/lady-gagalta-shokkiuutinen\/1920299\" rel=\"nofollow noopener\" target=\"_blank\"><\/p>\n<p>\nLady Gaga\n<\/p>\n<p class=\"section-date\">\n        <strong class=\"article-section\" data-section=\"ulkomaat\"><br \/>\n            ulkomaat<br \/>\n        <\/strong><br \/>\n        4.9. 11:51\n    <\/p>\n<p>Lady Gagalta shokkiuutinen\n    <\/p>\n<p itemprop=\"description\" class=\"subtitle \">\n    Laulaja perui esiintymisens\u00e4 ja kertoo nyt vakavista ongelmistaan.\n<\/p>\n<p>        <\/a><\/p>\n<p>                <img decoding=\"async\" src=\"https:\/\/www.europesays.com\/fi\/wp-content\/uploads\/2025\/10\/1962831.webp\" width=\"576\" height=\"322\" alt=\"Lady Gagan Garden of Eden -hitin aikana Mayhe-kiertueen lava v\u00e4rj\u00e4ytyy vihre\u00e4ksi.\" loading=\"lazy\" \/>            <\/p>\n<p>\n            Lady Gagan Garden of Eden -hitin aikana Mayhe-kiertueen lava v\u00e4rj\u00e4ytyy vihre\u00e4ksi.<br \/>\n            AOP\n        <\/p>\n<p><script async src=\"\/\/www.instagram.com\/embed.js\"><\/script><\/p>\n","protected":false},"excerpt":{"rendered":"(270825) &#8212; Helsinki, August 27, 2025 \u2013 Diandra Flores poses for the camera during El\u00e4m\u00e4ni Biisi &#8211; Press&hellip;\n","protected":false},"author":2,"featured_media":62706,"comment_status":"","ping_status":"","sticky":false,"template":"","format":"standard","meta":{"footnotes":""},"categories":[136],"tags":[407,6896,137,4364,10597,33,31,30,408,3829,2070,14411,14412,110,32,2693,109,9879],"class_list":{"0":"post-62705","1":"post","2":"type-post","3":"status-publish","4":"format-standard","5":"has-post-thumbnail","7":"category-julkkikset","8":"tag-celebrities","9":"tag-diandra","10":"tag-entertainment","11":"tag-fani","12":"tag-fanitus","13":"tag-fi","14":"tag-finland","15":"tag-finnish","16":"tag-julkkikset","17":"tag-konsertti","18":"tag-lady-gaga","19":"tag-mayhem","20":"tag-mayhem-areenakiertue","21":"tag-ruotsi","22":"tag-suomi","23":"tag-tukholma","24":"tag-viihde","25":"tag-yksinaisyys"},"share_on_mastodon":{"url":"","error":""},"_links":{"self":[{"href":"https:\/\/www.europesays.com\/fi\/wp-json\/wp\/v2\/posts\/62705","targetHints":{"allow":["GET"]}}],"collection":[{"href":"https:\/\/www.europesays.com\/fi\/wp-json\/wp\/v2\/posts"}],"about":[{"href":"https:\/\/www.europesays.com\/fi\/wp-json\/wp\/v2\/types\/post"}],"author":[{"embeddable":true,"href":"https:\/\/www.europesays.com\/fi\/wp-json\/wp\/v2\/users\/2"}],"replies":[{"embeddable":true,"href":"https:\/\/www.europesays.com\/fi\/wp-json\/wp\/v2\/comments?post=62705"}],"version-history":[{"count":0,"href":"https:\/\/www.europesays.com\/fi\/wp-json\/wp\/v2\/posts\/62705\/revisions"}],"wp:featuredmedia":[{"embeddable":true,"href":"https:\/\/www.europesays.com\/fi\/wp-json\/wp\/v2\/media\/62706"}],"wp:attachment":[{"href":"https:\/\/www.europesays.com\/fi\/wp-json\/wp\/v2\/media?parent=62705"}],"wp:term":[{"taxonomy":"category","embeddable":true,"href":"https:\/\/www.europesays.com\/fi\/wp-json\/wp\/v2\/categories?post=62705"},{"taxonomy":"post_tag","embeddable":true,"href":"https:\/\/www.europesays.com\/fi\/wp-json\/wp\/v2\/tags?post=62705"}],"curies":[{"name":"wp","href":"https:\/\/api.w.org\/{rel}","templated":true}]}}