{"id":62721,"date":"2025-10-15T10:27:06","date_gmt":"2025-10-15T10:27:06","guid":{"rendered":"https:\/\/www.europesays.com\/fi\/62721\/"},"modified":"2025-10-15T10:27:06","modified_gmt":"2025-10-15T10:27:06","slug":"unkarin-ulkoministeri-meita-ei-painosteta-irti-venalaisesta-energiasta-uutisia-lyhyesti","status":"publish","type":"post","link":"https:\/\/www.europesays.com\/fi\/62721\/","title":{"rendered":"Unkarin ulkoministeri: Meit\u00e4 ei painosteta irti ven\u00e4l\u00e4isest\u00e4 energiasta | Uutisia lyhyesti"},"content":{"rendered":"<p class=\"aw-1gybjub aw-1p7kakr ghpEtB jtovHP yle__article__paragraph\">Unkari ei taivu ulkoisen paineen alla, kun kyse on maan energiasta, sanoo ulkoministeri <strong class=\"aw-ak79eh KyCXm yle__article__strong\">Peter Szijjarto<\/strong>. H\u00e4n vierailee parhaillaan Moskovassa energia-alan tapahtumassa.<\/p>\n<p class=\"aw-1gybjub aw-1p7kakr ghpEtB jtovHP yle__article__paragraph\">Szijjarton mukaan Unkari k\u00e4rsisi, jos maakaasun tuonti Ven\u00e4j\u00e4lt\u00e4 katkaistaisiin. H\u00e4n katsoo, ett\u00e4 kansallinen etu on t\u00e4rkein.<\/p>\n<p class=\"aw-1gybjub aw-1p7kakr ghpEtB jtovHP yle__article__paragraph\">Unkari vastustaa kiivaasti EU:n suunnitelmia lopettaa ven\u00e4l\u00e4isen kaasun tuonti unionin alueelle vuoden 2027 loppuun menness\u00e4.<\/p>\n<p class=\"aw-1gybjub aw-1p7kakr ghpEtB jtovHP yle__article__paragraph\">L\u00e4hde: Reuters<\/p>\n","protected":false},"excerpt":{"rendered":"Unkari ei taivu ulkoisen paineen alla, kun kyse on maan energiasta, sanoo ulkoministeri Peter Szijjarto. H\u00e4n vierailee parhaillaan&hellip;\n","protected":false},"author":2,"featured_media":62722,"comment_status":"","ping_status":"","sticky":false,"template":"","format":"standard","meta":{"footnotes":""},"categories":[14],"tags":[22,23,2038,26,27,33,31,30,17,24,25,28,29,15,2536,18,21,32,19,20,56,4227,16,987,59,60,61],"class_list":{"0":"post-62721","1":"post","2":"type-post","3":"status-publish","4":"format-standard","5":"has-post-thumbnail","7":"category-ulkomaat","8":"tag-breaking-news","9":"tag-breakingnews","10":"tag-energia","11":"tag-featured-news","12":"tag-featurednews","13":"tag-fi","14":"tag-finland","15":"tag-finnish","16":"tag-headlines","17":"tag-latest-news","18":"tag-latestnews","19":"tag-main-news","20":"tag-mainnews","21":"tag-news","22":"tag-oljy-ja-kaasu","23":"tag-otsikot","24":"tag-paauutiset","25":"tag-suomi","26":"tag-top-stories","27":"tag-topstories","28":"tag-ulkomaat","29":"tag-unkari","30":"tag-uutiset","31":"tag-venajan-hyokkays","32":"tag-world","33":"tag-world-news","34":"tag-worldnews"},"share_on_mastodon":{"url":"","error":""},"_links":{"self":[{"href":"https:\/\/www.europesays.com\/fi\/wp-json\/wp\/v2\/posts\/62721","targetHints":{"allow":["GET"]}}],"collection":[{"href":"https:\/\/www.europesays.com\/fi\/wp-json\/wp\/v2\/posts"}],"about":[{"href":"https:\/\/www.europesays.com\/fi\/wp-json\/wp\/v2\/types\/post"}],"author":[{"embeddable":true,"href":"https:\/\/www.europesays.com\/fi\/wp-json\/wp\/v2\/users\/2"}],"replies":[{"embeddable":true,"href":"https:\/\/www.europesays.com\/fi\/wp-json\/wp\/v2\/comments?post=62721"}],"version-history":[{"count":0,"href":"https:\/\/www.europesays.com\/fi\/wp-json\/wp\/v2\/posts\/62721\/revisions"}],"wp:featuredmedia":[{"embeddable":true,"href":"https:\/\/www.europesays.com\/fi\/wp-json\/wp\/v2\/media\/62722"}],"wp:attachment":[{"href":"https:\/\/www.europesays.com\/fi\/wp-json\/wp\/v2\/media?parent=62721"}],"wp:term":[{"taxonomy":"category","embeddable":true,"href":"https:\/\/www.europesays.com\/fi\/wp-json\/wp\/v2\/categories?post=62721"},{"taxonomy":"post_tag","embeddable":true,"href":"https:\/\/www.europesays.com\/fi\/wp-json\/wp\/v2\/tags?post=62721"}],"curies":[{"name":"wp","href":"https:\/\/api.w.org\/{rel}","templated":true}]}}