{"id":62739,"date":"2025-10-15T10:49:09","date_gmt":"2025-10-15T10:49:09","guid":{"rendered":"https:\/\/www.europesays.com\/fi\/62739\/"},"modified":"2025-10-15T10:49:09","modified_gmt":"2025-10-15T10:49:09","slug":"gallen-kallelan-ja-edefeltin-klassikot-seka-hitlerin-kieltama-taide-kohtaavat-hameenlinnan-taidemuseossa-kulttuuri","status":"publish","type":"post","link":"https:\/\/www.europesays.com\/fi\/62739\/","title":{"rendered":"Gallen-Kallelan ja Edefeltin klassikot sek\u00e4 Hitlerin kielt\u00e4m\u00e4 taide kohtaavat H\u00e4meenlinnan taidemuseossa | Kulttuuri"},"content":{"rendered":"<p class=\"aw-1gybjub aw-5vja16 ghpEtB kjanFo yle__article__paragraph\">El\u00e4m\u00e4n n\u00e4ytt\u00e4m\u00f6lle -kokoelman vanhimmat teokset ovat 1700-luvulta. Uusimmat teokset ovat puolestaan syntyneet 2020-luvulla.<\/p>\n<p><img decoding=\"async\" alt=\"Maassa on ruskea puinen suorakaiteen muotoinen levy. Sen vieress\u00e4 on ruskea puusta tehty veistos.\" src=\"https:\/\/www.europesays.com\/fi\/wp-content\/uploads\/2025\/10\/39-153819368ee4ac28983a.jpeg\" class=\"aw-1l9m598 hKVVvP\"\/><\/p>\n<p>Avaa kuvien katselu<\/p>\n<p>Pauno Pohjolaisen Lasarus, tule ulos- teos kuuluu H\u00e4meenlinnan taidemuseon Niemist\u00f6-kokoelmaan. Taustalla n\u00e4kyv\u00e4t Aurora Reinhardin omakuvat Lucretia ja Madonna. Kuva: Anne-Maria Niskanen \/ Yle<\/p>\n<p>Juttu tiivistettyn\u00e4<\/p>\n<ul class=\"aw-1jjocuh iJTSwP yle__article__list yle__article__list--ul\">\n<li class=\"aw-1j7gwms eEeLbO\">H\u00e4meenlinnan taidemuseossa avattiin El\u00e4m\u00e4n n\u00e4ytt\u00e4m\u00f6ll\u00e4 -n\u00e4yttely, joka on kokoelman\u00e4yttelysarjan kolmas ja viimeinen osa.<\/li>\n<li class=\"aw-1j7gwms eEeLbO\">N\u00e4yttelyss\u00e4 esitell\u00e4\u00e4n teoksia 1700-luvulta nykyp\u00e4iv\u00e4\u00e4n, mukaan lukien Gallen-Kallelan ja Edelfeltin klassikoita.<\/li>\n<li class=\"aw-1j7gwms eEeLbO\">Esill\u00e4 on noin 90 teosta l\u00e4hes 40 taiteilijalta, mukaan lukien Vexi Salmen ja Viipuri-s\u00e4\u00e4ti\u00f6n kokoelmista.<\/li>\n<li class=\"aw-1j7gwms eEeLbO\">N\u00e4yttely on avoinna huhtikuun 2026 alkuun asti ja keskittyy suurten kertomusten ja poseerausten esittelemiseen.<\/li>\n<\/ul>\n<p class=\"aw-1gybjub aw-1p7kakr ghpEtB jtovHP yle__article__paragraph\">T\u00e4m\u00e4 on teko\u00e4lyn avulla tuotettu, toimittajan tarkistama tiivistelm\u00e4.<\/p>\n<p class=\"aw-1gybjub aw-1p7kakr ghpEtB jtovHP yle__article__paragraph\">H\u00e4meenlinnan taidemuseon Lohrmann-rakennuksessa avautuu merkitt\u00e4v\u00e4 kokoelman\u00e4yttely, jossa on esill\u00e4 rakastettuja klassikoita ja piilossa olleita aarteita.<\/p>\n<p class=\"aw-1gybjub aw-1p7kakr ghpEtB jtovHP yle__article__paragraph\"><strong class=\"aw-ak79eh KyCXm yle__article__strong\">Akseli Gallen-Kallelan<\/strong> ja <strong class=\"aw-ak79eh KyCXm yle__article__strong\">Albert Edelfeltin<\/strong> klassikot kohtaavat saksalaisen taiteen teoksia, jotka <strong class=\"aw-ak79eh KyCXm yle__article__strong\">Hitler<\/strong> luokitteli rappiotaiteeksi. \u201dEl\u00e4m\u00e4n n\u00e4ytt\u00e4m\u00f6ll\u00e4\u201d -n\u00e4yttely kokoaa yhteen l\u00e4hes 90 teosta 1700-luvulta nykyp\u00e4iv\u00e4\u00e4n.<\/p>\n<p class=\"aw-1gybjub aw-1p7kakr ghpEtB jtovHP yle__article__paragraph\">N\u00e4yttelysarja esittelee taidemuseon oman kokoelman sek\u00e4 museoon talletettujen <strong class=\"aw-ak79eh KyCXm yle__article__strong\">Vexi Salmen<\/strong> kokoelman ja <strong class=\"aw-ak79eh KyCXm yle__article__strong\">Niemist\u00f6<\/strong>-kokoelman teoksia.<\/p>\n<p><img decoding=\"async\" alt=\"Mies seisoo yl\u00e4vartalo paljaana paksujen oksien vieress\u00e4.\" src=\"https:\/\/www.europesays.com\/fi\/wp-content\/uploads\/2025\/10\/39-153816768ee445489f08.jpeg\" loading=\"lazy\" class=\"aw-1l9m598 hKVVvP\"\/><\/p>\n<p>Avaa kuvien katselu<\/p>\n<p>N\u00e4yttelyss\u00e4 on esill\u00e4 useita teoksia Suomen taiteen kultakaudelta. Yksi niist\u00e4 on Eero J\u00e4rnefeltin Id\u00e4n myrskyss\u00e4 (omakuva) vuodelta 1894. Kuva: Anne-Maria Niskanen \/ Yle<\/p>\n<p class=\"aw-1gybjub aw-1p7kakr ghpEtB jtovHP yle__article__paragraph\">Kokoelman\u00e4yttelysarjan kolmas ja viimeinen osa, tutustuttaa vierailijoita ihmiskunnan suuriin kertomuksiin ja taiteen roolihahmoihin.<\/p>\n<p class=\"aw-1gybjub aw-1p7kakr ghpEtB jtovHP yle__article__paragraph\">H\u00e4meenlinnan taidemuseon merkitt\u00e4vimpi\u00e4 ja vanhimpia teoksia ovat Akseli Gallen-Kallelan V\u00e4in\u00e4m\u00f6isen l\u00e4ht\u00f6 ja Albert Edelfeltin Larin Paraske.<\/p>\n<p class=\"aw-1gybjub aw-1p7kakr ghpEtB jtovHP yle__article__paragraph\">\u2013 Nyt esill\u00e4 on rakastettuja klassikoita, joita on kauan kaivattu, sek\u00e4 teoksia nykytaiteen kokoelmistamme, kiteytt\u00e4\u00e4 n\u00e4yttelyn kuratoinut H\u00e4meenlinnan taidemuseon amanuenssi <strong class=\"aw-ak79eh KyCXm yle__article__strong\">Tanja P\u00e4\u00e4skynen<\/strong>.<\/p>\n<p><img decoding=\"async\" alt=\"Valkoisella sein\u00e4ll\u00e4 on nelj\u00e4 v\u00e4rik\u00e4st\u00e4 maalausta kehyksiss\u00e4.\" src=\"https:\/\/www.europesays.com\/fi\/wp-content\/uploads\/2025\/10\/39-153827168ee5671b57a0.jpeg\" loading=\"lazy\" class=\"aw-1l9m598 hKVVvP\"\/><\/p>\n<p>Avaa kuvien katselu<\/p>\n<p>Unto Koistisen Ilvelij\u00e4 sopii hyvin Taisto Ahtolan teosten kylkeen. Ahtolan ty\u00f6t ovat Taiteen takapirut, Pierrot sek\u00e4 Taiteilija (Jonathan). Kuva: Anne-Maria Niskanen \/ YleHogarthin Hulttio oli aikansa saippuaoopperaa<\/p>\n<p class=\"aw-1gybjub aw-1p7kakr ghpEtB jtovHP yle__article__paragraph\">N\u00e4yttelyss\u00e4 on esill\u00e4 noin 90 teosta. Mukana on muun muassa saksalaisen taidemaalarin <strong class=\"aw-ak79eh KyCXm yle__article__strong\">Franz M. Jansenin<\/strong> teoksia sarjasta Sota. Ne kuuluvat <strong class=\"aw-ak79eh KyCXm yle__article__strong\">Vexi Salmen<\/strong> kokoelmaan ja olivat Hitlerin mielest\u00e4 rappiotaidetta.<\/p>\n<p class=\"aw-1gybjub aw-1p7kakr ghpEtB jtovHP yle__article__paragraph\">Viipuri-s\u00e4\u00e4ti\u00f6n kokoelmasta esill\u00e4 on englantilaisen taidemaalarin ja graafikon <strong class=\"aw-ak79eh KyCXm yle__article__strong\">William Hogarthin<\/strong> kuparipiirroksia, joissa h\u00e4n kuvasi el\u00e4m\u00e4nmenoa 1700-luvun puoliv\u00e4liss\u00e4. Yksi kuvasarjoista esittelee Hulttion el\u00e4m\u00e4kertaa.<\/p>\n<p class=\"aw-1gybjub aw-1p7kakr ghpEtB jtovHP yle__article__paragraph\">\u2013 Hogarthin teoksia odotettiin kovasti ja sen ajan ihmiset osasivat hyvin tulkita, mink\u00e4 tarinan taiteilija oli tehnyt kuhunkin piirrokseen. Teokset olivat aikansa saippuaoopperaa, kertoo amanuenssi Tanja P\u00e4\u00e4skynen.<\/p>\n<p>Helene Schjerfbeckin Rigoletto on amanuenssin suosikki<img decoding=\"async\" alt=\"Nainen istuu jakkaralla ja h\u00e4nen takanaan on keltaisella sein\u00e4ll\u00e4 taulu. Taulussa on punavaatteinen mies.\" src=\"https:\/\/www.europesays.com\/fi\/wp-content\/uploads\/2025\/10\/39-153816268ee42b5df010.jpeg\" loading=\"lazy\" class=\"aw-1l9m598 hKVVvP\"\/><\/p>\n<p>Avaa kuvien katselu<\/p>\n<p>Helene Schjerfbeckin maalaama Rigoletto on amanuenssi Tanja P\u00e4\u00e4skysen suosikki El\u00e4m\u00e4n n\u00e4ytt\u00e4m\u00f6ll\u00e4 -n\u00e4yttelyss\u00e4. Kuva: Anne-Maria Niskanen \/ Yle<\/p>\n<p class=\"aw-1gybjub aw-1p7kakr ghpEtB jtovHP yle__article__paragraph\">N\u00e4yttelysarjan kokoaminen taidemuseon laajasta kokoelmasta oli haasteellista, sill\u00e4 materiaalia oli runsaasti ja teoslistat olivat pitk\u00e4t. T\u00e4ss\u00e4 auttaa P\u00e4\u00e4skysen mukaan se, ett\u00e4 n\u00e4yttelyn rakentaja tuntee teokset ja kokoelmat hyvin.<\/p>\n<p class=\"aw-1gybjub aw-1p7kakr ghpEtB jtovHP yle__article__paragraph\">\u2013 N\u00e4yttelyn rakentamisessa ei voi l\u00e4hte\u00e4 ensin ideasta ja sitten valita siihen kuvitusta. N\u00e4yttely syntyy siit\u00e4, mit\u00e4 teokset itse ehdottavat ja miten ne toimivat kesken\u00e4\u00e4n.<\/p>\n<p class=\"aw-1gybjub aw-1p7kakr ghpEtB jtovHP yle__article__paragraph\">P\u00e4\u00e4skynen my\u00f6nt\u00e4\u00e4, ett\u00e4 v\u00e4lill\u00e4 iskee ep\u00e4toivo.<\/p>\n<p class=\"aw-1gybjub aw-1p7kakr ghpEtB jtovHP yle__article__paragraph\">\u2013 Tuntuu, ett\u00e4 mist\u00e4\u00e4n ei tule mit\u00e4\u00e4n. Kun pit\u00e4\u00e4 taukoa ja tekee jotain muuta, teokset asettuvat itse paikoilleen.<\/p>\n<p>Pieni kurkistus El\u00e4m\u00e4n n\u00e4ytt\u00e4m\u00f6ll\u00e4 n\u00e4yttelyyn.<\/p>\n<p class=\"aw-1gybjub aw-1p7kakr ghpEtB jtovHP yle__article__paragraph\">Museon amanuenssi Tanja P\u00e4\u00e4skynen valitsi n\u00e4yttelyyn suuria kertomuksia, poseerauksia ja asentoja, jotka liittyiv\u00e4t \u201dEl\u00e4m\u00e4n n\u00e4ytt\u00e4m\u00f6ll\u00e4\u201d -teemaan.<\/p>\n<p class=\"aw-1gybjub aw-1p7kakr ghpEtB jtovHP yle__article__paragraph\">\u2013 Joskus tuntuu silt\u00e4, ett\u00e4 suomalaisessa taiteessa ollaan aika lailla surumielisi\u00e4 ja hartiat lysyss\u00e4. Sellaiset j\u00e4tin pois, mutta teokset, joissa on asennetta, kuten Gallen-Kallelan V\u00e4in\u00e4m\u00f6inen, halusin mukaan n\u00e4yttelyyn.<\/p>\n<p><img decoding=\"async\" alt=\"Kaksi v\u00e4rik\u00e4st\u00e4 valokuvaa. Toisessa istuu naamioitunut hahmo ja toisess\u00e4 hahmo seisoo.\" src=\"https:\/\/www.europesays.com\/fi\/wp-content\/uploads\/2025\/10\/39-153818268ee4780b29e2.jpeg\" loading=\"lazy\" class=\"aw-1l9m598 hKVVvP\"\/><\/p>\n<p>Avaa kuvien katselu<\/p>\n<p>El\u00e4m\u00e4n n\u00e4ytt\u00e4m\u00f6ll\u00e4 kokonaisuuteen sopivat hyvin Marjukka Vainion teokset, jotka kuvaavat Venetsian naamiohuvien juhlaa.  Kuva: Anne-Maria Niskanen \/ Yle<\/p>\n<p class=\"aw-1gybjub aw-1p7kakr ghpEtB jtovHP yle__article__paragraph\">H\u00e4meenlinnan taidemuseon El\u00e4m\u00e4n n\u00e4ytt\u00e4m\u00f6ll\u00e4 \u2013 Kohtauksia ja rooleja kokoelmissa -n\u00e4yttely jatkuu huhtikuun 2026 alkuun asti.<\/p>\n<p>Taidemuseon kokoelmista on nostettu l\u00e4hes 40 taiteilijan teoksia<\/p>\n<p class=\"aw-1gybjub aw-1p7kakr ghpEtB jtovHP yle__article__paragraph\">Taidemuseossa ovat nyt esill\u00e4 <strong class=\"aw-ak79eh KyCXm yle__article__strong\">Aleksanteri Ahola-Valon, Kalle Carlstedtin, Anne-Karin Furunesin,<\/strong><\/p>\n<p class=\"aw-1gybjub aw-1p7kakr ghpEtB jtovHP yle__article__paragraph\"><strong class=\"aw-ak79eh KyCXm yle__article__strong\">Hannaleena Heiskan, Ester Heleniuksen, Kimmo Kaivannon, Pekka Kauhasen, Kuniyoshin,<\/strong><\/p>\n<p class=\"aw-1gybjub aw-1p7kakr ghpEtB jtovHP yle__article__paragraph\"><strong class=\"aw-ak79eh KyCXm yle__article__strong\">Marjo Lahtisen, Juhani Linnovaaran, Antti Oikarisen, Ulla Rantasen, Anni Rapinojan,<\/strong><\/p>\n<p class=\"aw-1gybjub aw-1p7kakr ghpEtB jtovHP yle__article__paragraph\"><strong class=\"aw-ak79eh KyCXm yle__article__strong\">Kimmo Schroderuksen, Hugo Simbergin, Mari Sunnan, Pilvi Takalan, Kain Tapperin, Esko Tirrosen,<\/strong><\/p>\n<p class=\"aw-1gybjub aw-1p7kakr ghpEtB jtovHP yle__article__paragraph\"><strong class=\"aw-ak79eh KyCXm yle__article__strong\">Toyokuni III (Kunisada), Viggo Wallensk\u00f6ldin<\/strong> ja <strong class=\"aw-ak79eh KyCXm yle__article__strong\">Henry Wuorila-Stenbergin<\/strong> teokset.<\/p>\n","protected":false},"excerpt":{"rendered":"El\u00e4m\u00e4n n\u00e4ytt\u00e4m\u00f6lle -kokoelman vanhimmat teokset ovat 1700-luvulta. Uusimmat teokset ovat puolestaan syntyneet 2020-luvulla. Avaa kuvien katselu Pauno Pohjolaisen&hellip;\n","protected":false},"author":2,"featured_media":62740,"comment_status":"","ping_status":"","sticky":false,"template":"","format":"standard","meta":{"footnotes":""},"categories":[130],"tags":[137,33,31,30,2109,13670,1794,108,1802,967,32,397,109],"class_list":{"0":"post-62739","1":"post","2":"type-post","3":"status-publish","4":"format-standard","5":"has-post-thumbnail","7":"category-viihde","8":"tag-entertainment","9":"tag-fi","10":"tag-finland","11":"tag-finnish","12":"tag-hameenlinna","13":"tag-hameenlinnan-taidemuseo","14":"tag-kanta-hame","15":"tag-kulttuuri","16":"tag-kulttuuritapahtumat","17":"tag-nayttelyt","18":"tag-suomi","19":"tag-taide","20":"tag-viihde"},"share_on_mastodon":{"url":"","error":""},"_links":{"self":[{"href":"https:\/\/www.europesays.com\/fi\/wp-json\/wp\/v2\/posts\/62739","targetHints":{"allow":["GET"]}}],"collection":[{"href":"https:\/\/www.europesays.com\/fi\/wp-json\/wp\/v2\/posts"}],"about":[{"href":"https:\/\/www.europesays.com\/fi\/wp-json\/wp\/v2\/types\/post"}],"author":[{"embeddable":true,"href":"https:\/\/www.europesays.com\/fi\/wp-json\/wp\/v2\/users\/2"}],"replies":[{"embeddable":true,"href":"https:\/\/www.europesays.com\/fi\/wp-json\/wp\/v2\/comments?post=62739"}],"version-history":[{"count":0,"href":"https:\/\/www.europesays.com\/fi\/wp-json\/wp\/v2\/posts\/62739\/revisions"}],"wp:featuredmedia":[{"embeddable":true,"href":"https:\/\/www.europesays.com\/fi\/wp-json\/wp\/v2\/media\/62740"}],"wp:attachment":[{"href":"https:\/\/www.europesays.com\/fi\/wp-json\/wp\/v2\/media?parent=62739"}],"wp:term":[{"taxonomy":"category","embeddable":true,"href":"https:\/\/www.europesays.com\/fi\/wp-json\/wp\/v2\/categories?post=62739"},{"taxonomy":"post_tag","embeddable":true,"href":"https:\/\/www.europesays.com\/fi\/wp-json\/wp\/v2\/tags?post=62739"}],"curies":[{"name":"wp","href":"https:\/\/api.w.org\/{rel}","templated":true}]}}