{"id":6275,"date":"2025-08-15T06:12:07","date_gmt":"2025-08-15T06:12:07","guid":{"rendered":"https:\/\/www.europesays.com\/fi\/6275\/"},"modified":"2025-08-15T06:12:07","modified_gmt":"2025-08-15T06:12:07","slug":"juomavesi-taytyy-keittaa-taavetissa-etela-karjala","status":"publish","type":"post","link":"https:\/\/www.europesays.com\/fi\/6275\/","title":{"rendered":"Juomavesi t\u00e4ytyy keitt\u00e4\u00e4 Taavetissa | Etel\u00e4-Karjala"},"content":{"rendered":"<p class=\"sc-jYczwO sc-dNFkOE bUKqJd eiHPxO yle__article__paragraph\">Taavetin keskustaajaman vesi ei t\u00e4yt\u00e4 juomaveden laatu\u00advaatimuksia.<\/p>\n<p><img decoding=\"async\" alt=\"Vesihana, tiskir\u00e4tti ja aterimien kuivausteline l\u00e4hikuvassa.\" src=\"https:\/\/www.europesays.com\/fi\/wp-content\/uploads\/2025\/08\/39-90449761ea60c90c0fa.jpeg\" class=\"sc-dntSTA iywpZY\"\/><\/p>\n<p>Avaa kuvien katselu<\/p>\n<p>Bakteerit l\u00f6ytyiv\u00e4t normaalissa vedenlaadun valvonnassa n\u00e4ytteist\u00e4, jotka oli otettu 12. elokuuta. Kuvituskuva. Kuva: Esa Syv\u00e4kuru \/ Yle<\/p>\n<p class=\"sc-jYczwO sc-ciCoXh bUKqJd cIOueB yle__article__paragraph\">Luum\u00e4ell\u00e4 Taavetin keskustaajaman vedest\u00e4 on l\u00f6ytynyt bakteereja, tiedottaa Luum\u00e4en kunta.<\/p>\n<p class=\"sc-jYczwO sc-ciCoXh bUKqJd cIOueB yle__article__paragraph\">Kunnan mukaan kyse on yksitt\u00e4isist\u00e4 bakteereista, joiden vuoksi vesi ei t\u00e4yt\u00e4 juomaveden laatuvaatimuksia.<\/p>\n<p class=\"sc-jYczwO sc-ciCoXh bUKqJd cIOueB yle__article__paragraph\">Varotoimenpiteen\u00e4 kunta <a class=\"sc-jDJeIs gotUgl yle__article__link\" href=\"https:\/\/www.luumaki.fi\/fi\/ajankohtaista\/juomavesi-on-keitettava-taavetissa\" role=\"link\" rel=\"nofollow noopener\" target=\"_blank\">kehottaa<\/a> keitt\u00e4m\u00e4\u00e4n kaikkea juoma- ja ruoanlaittovett\u00e4 v\u00e4hint\u00e4\u00e4n viiden minuutin ajan.<\/p>\n<p class=\"sc-jYczwO sc-ciCoXh bUKqJd cIOueB yle__article__paragraph\">Vedenkeittokehotus koskee Taavetin keskustaajaman aluetta, mutta ei muuta Luum\u00e4ke\u00e4.<\/p>\n<p class=\"sc-jYczwO sc-ciCoXh bUKqJd cIOueB yle__article__paragraph\">Seuraavat vesin\u00e4ytteet otetaan huomenna perjantaina, ja n\u00e4ytteenoton tulokset valmistuvat ensi maanantaina 18. elokuuta.<\/p>\n","protected":false},"excerpt":{"rendered":"Taavetin keskustaajaman vesi ei t\u00e4yt\u00e4 juomaveden laatu\u00advaatimuksia. Avaa kuvien katselu Bakteerit l\u00f6ytyiv\u00e4t normaalissa vedenlaadun valvonnassa n\u00e4ytteist\u00e4, jotka oli&hellip;\n","protected":false},"author":2,"featured_media":6276,"comment_status":"","ping_status":"","sticky":false,"template":"","format":"standard","meta":{"footnotes":""},"categories":[112],"tags":[1302,33,31,30,3509,2525,118,32,3510,119,447],"class_list":{"0":"post-6275","1":"post","2":"type-post","3":"status-publish","4":"format-standard","5":"has-post-thumbnail","7":"category-tiede","8":"tag-etela-karjala","9":"tag-fi","10":"tag-finland","11":"tag-finnish","12":"tag-juomavesi","13":"tag-luumaki","14":"tag-science","15":"tag-suomi","16":"tag-taavetti","17":"tag-tiede","18":"tag-ymparisto"},"share_on_mastodon":{"url":"","error":""},"_links":{"self":[{"href":"https:\/\/www.europesays.com\/fi\/wp-json\/wp\/v2\/posts\/6275","targetHints":{"allow":["GET"]}}],"collection":[{"href":"https:\/\/www.europesays.com\/fi\/wp-json\/wp\/v2\/posts"}],"about":[{"href":"https:\/\/www.europesays.com\/fi\/wp-json\/wp\/v2\/types\/post"}],"author":[{"embeddable":true,"href":"https:\/\/www.europesays.com\/fi\/wp-json\/wp\/v2\/users\/2"}],"replies":[{"embeddable":true,"href":"https:\/\/www.europesays.com\/fi\/wp-json\/wp\/v2\/comments?post=6275"}],"version-history":[{"count":0,"href":"https:\/\/www.europesays.com\/fi\/wp-json\/wp\/v2\/posts\/6275\/revisions"}],"wp:featuredmedia":[{"embeddable":true,"href":"https:\/\/www.europesays.com\/fi\/wp-json\/wp\/v2\/media\/6276"}],"wp:attachment":[{"href":"https:\/\/www.europesays.com\/fi\/wp-json\/wp\/v2\/media?parent=6275"}],"wp:term":[{"taxonomy":"category","embeddable":true,"href":"https:\/\/www.europesays.com\/fi\/wp-json\/wp\/v2\/categories?post=6275"},{"taxonomy":"post_tag","embeddable":true,"href":"https:\/\/www.europesays.com\/fi\/wp-json\/wp\/v2\/tags?post=6275"}],"curies":[{"name":"wp","href":"https:\/\/api.w.org\/{rel}","templated":true}]}}