{"id":62766,"date":"2025-10-15T11:22:14","date_gmt":"2025-10-15T11:22:14","guid":{"rendered":"https:\/\/www.europesays.com\/fi\/62766\/"},"modified":"2025-10-15T11:22:14","modified_gmt":"2025-10-15T11:22:14","slug":"onko-vaihtolampoisia-nisakkaita-olemassa-tieku-fi","status":"publish","type":"post","link":"https:\/\/www.europesays.com\/fi\/62766\/","title":{"rendered":"Onko vaihtol\u00e4mp\u00f6isi\u00e4 nis\u00e4kk\u00e4it\u00e4 olemassa? | tieku.fi"},"content":{"rendered":"<p>El\u00e4in voi olla tasa- tai vaihtol\u00e4mp\u00f6inen aineenvaihdunnan toiminnasta riippuen.<\/p>\n<p>Matelijat ovat esimerkiksi vaihtol\u00e4mp\u00f6isi\u00e4, mik\u00e4 tarkoittaa, ett\u00e4 niiden aineenvaihdunta ei pysty yll\u00e4pit\u00e4m\u00e4\u00e4n tasaista korkeaa ruumiinl\u00e4mp\u00f6\u00e4, vaan el\u00e4in on riippuvainen ymp\u00e4rist\u00f6n l\u00e4mm\u00f6st\u00e4.<\/p>\n<p>Sit\u00e4 vastoin kaikki nykyiset nis\u00e4kk\u00e4\u00e4t ovat tasal\u00e4mp\u00f6isi\u00e4, sill\u00e4 niiden aineenvaihdunta tuottaa riitt\u00e4v\u00e4sti l\u00e4mp\u00f6\u00e4 tasaisin ruumiinl\u00e4mp\u00f6tilan yll\u00e4pit\u00e4miseksi. N\u00e4in ei kuitenkaan ole ollut aina.<\/p>\n","protected":false},"excerpt":{"rendered":"El\u00e4in voi olla tasa- tai vaihtol\u00e4mp\u00f6inen aineenvaihdunnan toiminnasta riippuen. Matelijat ovat esimerkiksi vaihtol\u00e4mp\u00f6isi\u00e4, mik\u00e4 tarkoittaa, ett\u00e4 niiden aineenvaihdunta&hellip;\n","protected":false},"author":2,"featured_media":62767,"comment_status":"","ping_status":"","sticky":false,"template":"","format":"standard","meta":{"footnotes":""},"categories":[117],"tags":[33,31,30,72,476,118,32,119,477],"class_list":{"0":"post-62766","1":"post","2":"type-post","3":"status-publish","4":"format-standard","5":"has-post-thumbnail","7":"category-luonto","8":"tag-fi","9":"tag-finland","10":"tag-finnish","11":"tag-luonto","12":"tag-nature","13":"tag-science","14":"tag-suomi","15":"tag-tiede","16":"tag-wildlife"},"share_on_mastodon":{"url":"","error":""},"_links":{"self":[{"href":"https:\/\/www.europesays.com\/fi\/wp-json\/wp\/v2\/posts\/62766","targetHints":{"allow":["GET"]}}],"collection":[{"href":"https:\/\/www.europesays.com\/fi\/wp-json\/wp\/v2\/posts"}],"about":[{"href":"https:\/\/www.europesays.com\/fi\/wp-json\/wp\/v2\/types\/post"}],"author":[{"embeddable":true,"href":"https:\/\/www.europesays.com\/fi\/wp-json\/wp\/v2\/users\/2"}],"replies":[{"embeddable":true,"href":"https:\/\/www.europesays.com\/fi\/wp-json\/wp\/v2\/comments?post=62766"}],"version-history":[{"count":0,"href":"https:\/\/www.europesays.com\/fi\/wp-json\/wp\/v2\/posts\/62766\/revisions"}],"wp:featuredmedia":[{"embeddable":true,"href":"https:\/\/www.europesays.com\/fi\/wp-json\/wp\/v2\/media\/62767"}],"wp:attachment":[{"href":"https:\/\/www.europesays.com\/fi\/wp-json\/wp\/v2\/media?parent=62766"}],"wp:term":[{"taxonomy":"category","embeddable":true,"href":"https:\/\/www.europesays.com\/fi\/wp-json\/wp\/v2\/categories?post=62766"},{"taxonomy":"post_tag","embeddable":true,"href":"https:\/\/www.europesays.com\/fi\/wp-json\/wp\/v2\/tags?post=62766"}],"curies":[{"name":"wp","href":"https:\/\/api.w.org\/{rel}","templated":true}]}}