{"id":62973,"date":"2025-10-15T16:06:08","date_gmt":"2025-10-15T16:06:08","guid":{"rendered":"https:\/\/www.europesays.com\/fi\/62973\/"},"modified":"2025-10-15T16:06:08","modified_gmt":"2025-10-15T16:06:08","slug":"kreikan-hallitus-vie-lapi-lakia-13-tuntisista-tyopaivista-uutisia-lyhyesti","status":"publish","type":"post","link":"https:\/\/www.europesays.com\/fi\/62973\/","title":{"rendered":"Kreikan hallitus vie l\u00e4pi lakia 13-tuntisista ty\u00f6p\u00e4ivist\u00e4 | Uutisia lyhyesti"},"content":{"rendered":"<p class=\"aw-1gybjub aw-1p7kakr ghpEtB jtovHP yle__article__paragraph\">Kreikan hallitus ajaa l\u00e4pi lakia, joka sallisi 13-tuntisen ty\u00f6p\u00e4iv\u00e4n poikkeustilanteissa. Hallitus on korostanut, ett\u00e4 13-tuntinen ty\u00f6p\u00e4iv\u00e4 on vapaaehtoinen ja edellytt\u00e4\u00e4 ty\u00f6ntekij\u00e4n suostumusta.<\/p>\n<p class=\"aw-1gybjub aw-1p7kakr ghpEtB jtovHP yle__article__paragraph\">Uudistuksen on n\u00e4hty vaikuttavan erityisesti palvelualoihin kesien vilkkaan lomasesongin aikana.<\/p>\n<p class=\"aw-1gybjub aw-1p7kakr ghpEtB jtovHP yle__article__paragraph\">Laki on kirvoittanut paljon vastustusta ammattiliitoilta ja oppositiopuolueilta. Ne katsovat, ett\u00e4 ty\u00f6ntekij\u00e4t joutuisivat irtisanomisuhan alle, jos he kielt\u00e4ytyisiv\u00e4t pidemmist\u00e4 ty\u00f6p\u00e4ivist\u00e4.<\/p>\n<p class=\"aw-1gybjub aw-1p7kakr ghpEtB jtovHP yle__article__paragraph\">Kreikan parlamentin on m\u00e4\u00e4r\u00e4 \u00e4\u00e4nest\u00e4\u00e4 laista torstaina.<\/p>\n<p class=\"aw-1gybjub aw-1p7kakr ghpEtB jtovHP yle__article__paragraph\">EU:n tilastotoimisto Eurostatin mukaan kreikkalaiset ty\u00f6skentelev\u00e4t keskim\u00e4\u00e4rin 39,8 tuntia viikossa, kun EU:n keskiarvo on 35,8 tuntia.<\/p>\n","protected":false},"excerpt":{"rendered":"Kreikan hallitus ajaa l\u00e4pi lakia, joka sallisi 13-tuntisen ty\u00f6p\u00e4iv\u00e4n poikkeustilanteissa. Hallitus on korostanut, ett\u00e4 13-tuntinen ty\u00f6p\u00e4iv\u00e4 on vapaaehtoinen&hellip;\n","protected":false},"author":2,"featured_media":62974,"comment_status":"","ping_status":"","sticky":false,"template":"","format":"standard","meta":{"footnotes":""},"categories":[14],"tags":[22,23,26,27,33,31,30,17,3351,24,25,28,29,15,18,21,32,19,20,860,56,16,59,60,61],"class_list":{"0":"post-62973","1":"post","2":"type-post","3":"status-publish","4":"format-standard","5":"has-post-thumbnail","7":"category-ulkomaat","8":"tag-breaking-news","9":"tag-breakingnews","10":"tag-featured-news","11":"tag-featurednews","12":"tag-fi","13":"tag-finland","14":"tag-finnish","15":"tag-headlines","16":"tag-kreikka","17":"tag-latest-news","18":"tag-latestnews","19":"tag-main-news","20":"tag-mainnews","21":"tag-news","22":"tag-otsikot","23":"tag-paauutiset","24":"tag-suomi","25":"tag-top-stories","26":"tag-topstories","27":"tag-tyoelama","28":"tag-ulkomaat","29":"tag-uutiset","30":"tag-world","31":"tag-world-news","32":"tag-worldnews"},"share_on_mastodon":{"url":"","error":""},"_links":{"self":[{"href":"https:\/\/www.europesays.com\/fi\/wp-json\/wp\/v2\/posts\/62973","targetHints":{"allow":["GET"]}}],"collection":[{"href":"https:\/\/www.europesays.com\/fi\/wp-json\/wp\/v2\/posts"}],"about":[{"href":"https:\/\/www.europesays.com\/fi\/wp-json\/wp\/v2\/types\/post"}],"author":[{"embeddable":true,"href":"https:\/\/www.europesays.com\/fi\/wp-json\/wp\/v2\/users\/2"}],"replies":[{"embeddable":true,"href":"https:\/\/www.europesays.com\/fi\/wp-json\/wp\/v2\/comments?post=62973"}],"version-history":[{"count":0,"href":"https:\/\/www.europesays.com\/fi\/wp-json\/wp\/v2\/posts\/62973\/revisions"}],"wp:featuredmedia":[{"embeddable":true,"href":"https:\/\/www.europesays.com\/fi\/wp-json\/wp\/v2\/media\/62974"}],"wp:attachment":[{"href":"https:\/\/www.europesays.com\/fi\/wp-json\/wp\/v2\/media?parent=62973"}],"wp:term":[{"taxonomy":"category","embeddable":true,"href":"https:\/\/www.europesays.com\/fi\/wp-json\/wp\/v2\/categories?post=62973"},{"taxonomy":"post_tag","embeddable":true,"href":"https:\/\/www.europesays.com\/fi\/wp-json\/wp\/v2\/tags?post=62973"}],"curies":[{"name":"wp","href":"https:\/\/api.w.org\/{rel}","templated":true}]}}