{"id":63011,"date":"2025-10-15T16:58:08","date_gmt":"2025-10-15T16:58:08","guid":{"rendered":"https:\/\/www.europesays.com\/fi\/63011\/"},"modified":"2025-10-15T16:58:08","modified_gmt":"2025-10-15T16:58:08","slug":"nuorten-uusi-somevillitys-kutsua-asunnottomia-pesulle-leviaa-maailmalla-ei-ole-sita-mita-luulet","status":"publish","type":"post","link":"https:\/\/www.europesays.com\/fi\/63011\/","title":{"rendered":"Nuorten uusi somevillitys kutsua asunnottomia pesulle levi\u00e4\u00e4 maailmalla \u2013 Ei ole sit\u00e4 mit\u00e4 luulet"},"content":{"rendered":"<p>Uudessa somevillityksess\u00e4 lapset l\u00e4hett\u00e4v\u00e4t vanhemmilleen kuvia kotiin kutsutusta asunnottomasta henkil\u00f6st\u00e4. Henkil\u00f6 ei kuitenkaan ole todellinen, vaan teko\u00e4lyll\u00e4 tehty.<\/p>\n<p><img decoding=\"async\" class=\"image image-show image-preview\" src=\"https:\/\/www.europesays.com\/fi\/wp-content\/uploads\/2025\/10\/560c150b191f6bf5408c20064e3b10f1c8dbff05ea8fe75fb84867f9fe888db5.jpg\" alt=\"\"\/><img decoding=\"async\" class=\"image image-show\" src=\"https:\/\/www.europesays.com\/fi\/wp-content\/uploads\/2025\/10\/1760547488_957_560c150b191f6bf5408c20064e3b10f1c8dbff05ea8fe75fb84867f9fe888db5.jpg\" alt=\"\"\/><\/p>\n<p>Poliisi huomautti, ett\u00e4 jekku ep\u00e4inhimillist\u00e4\u00e4 asunnottomia. Kuvituskuva. Sami Kuusivirta<\/p>\n<p class=\"paragraph\">Maailmalla levi\u00e4\u00e4 somevillitys, jossa lapset l\u00e4hett\u00e4v\u00e4t vanhemmilleen kuvaviestej\u00e4 kotiin kutsumastaan asunnottoman oloisesta henkil\u00f6st\u00e4. Joissain tapauksissa vanhemmat ovat kauhistuneet asiasta niin paljon, ett\u00e4 siit \u00e4 on tehty ilmoitus virkavallalle. Asiasta kertoo <a href=\"https:\/\/www.theverge.com\/news\/798681\/police-stop-pulling-ai-homeless-man-tiktok-prank\" rel=\"noopener nofollow\" target=\"_blank\">Verge<\/a>.<\/p>\n<p class=\"paragraph\">Kyseisest\u00e4 villityksest\u00e4 liikkuu videoita ja kuvia sosiaalisessa mediassa, kuten Tiktokissa ja Instagramissa.<\/p>\n<p class=\"paragraph\">Mik\u00e4li upotus ei n\u00e4y, voit n\u00e4hd\u00e4 sen <a href=\"https:\/\/www.instagram.com\/reel\/DPhMWsnjoid\/?utm_source=ig_web_copy_link\" rel=\"noopener nofollow\" target=\"_blank\">t\u00e4\u00e4lt\u00e4<\/a>.<\/p>\n<p class=\"paragraph\">Vergen mukaan kuvat tehd\u00e4\u00e4n usein Snapchatin teko\u00e4lyty\u00f6kaluilla. Kuvissa kyseinen henkil\u00f6 n\u00e4ytt\u00e4isi useimmiten joko peseytyv\u00e4n, ottavan nokosia tai saavan lasillisen vett\u00e4 juotavakseen. Viesteiss\u00e4 lapsi saattaa my\u00f6s kertoa, ett\u00e4 kyseinen henkil\u00f6 on kertonut tuntevansa vanhemmat joko ty\u00f6el\u00e4m\u00e4st\u00e4 tai koulusta, mink\u00e4 perusteella henkil\u00f6 on p\u00e4\u00e4stetty sis\u00e4\u00e4n.<\/p>\n<p class=\"paragraph\">Lapset ovat sittemmin kuvanneet vanhempiensa kauhistuneita reaktioita asiaan ja lis\u00e4nneet videoita sosiaalisen median kanaviinsa. Suosituimmilla videoilla on miljoonia katselukertoja.<\/p>\n<p class=\"paragraph\">Yhdysvaltain Massachusettsin osavaltion <a href=\"https:\/\/www.salemma.gov\/CivicAlerts.aspx?AID=183\" rel=\"noopener nofollow\" target=\"_blank\">Salemin kaupungin poliisi huomautti,<\/a> ett\u00e4 kyseinen jekku ep\u00e4inhimillist\u00e4\u00e4 asunnottomia, aiheuttaa turhaa paniikkia ja kuluttaa poliisien ty\u00f6aikaa turhaan.<\/p>\n<p><script async src=\"\/\/www.instagram.com\/embed.js\"><\/script><\/p>\n","protected":false},"excerpt":{"rendered":"Uudessa somevillityksess\u00e4 lapset l\u00e4hett\u00e4v\u00e4t vanhemmilleen kuvia kotiin kutsutusta asunnottomasta henkil\u00f6st\u00e4. Henkil\u00f6 ei kuitenkaan ole todellinen, vaan teko\u00e4lyll\u00e4 tehty.&hellip;\n","protected":false},"author":2,"featured_media":63012,"comment_status":"","ping_status":"","sticky":false,"template":"","format":"standard","meta":{"footnotes":""},"categories":[14],"tags":[35,22,23,26,27,33,31,30,17,101,100,24,25,28,29,15,18,21,98,103,32,149,19,20,56,16,59,60,61],"class_list":{"0":"post-63011","1":"post","2":"type-post","3":"status-publish","4":"format-standard","5":"has-post-thumbnail","7":"category-ulkomaat","8":"tag-24h","9":"tag-breaking-news","10":"tag-breakingnews","11":"tag-featured-news","12":"tag-featurednews","13":"tag-fi","14":"tag-finland","15":"tag-finnish","16":"tag-headlines","17":"tag-ihmissuhteet","18":"tag-lapset-ja-nuoret","19":"tag-latest-news","20":"tag-latestnews","21":"tag-main-news","22":"tag-mainnews","23":"tag-news","24":"tag-otsikot","25":"tag-paauutiset","26":"tag-perhe","27":"tag-sosiaalikysymykset","28":"tag-suomi","29":"tag-tietojenkasittely-ja-informaatioteknologia","30":"tag-top-stories","31":"tag-topstories","32":"tag-ulkomaat","33":"tag-uutiset","34":"tag-world","35":"tag-world-news","36":"tag-worldnews"},"share_on_mastodon":{"url":"","error":""},"_links":{"self":[{"href":"https:\/\/www.europesays.com\/fi\/wp-json\/wp\/v2\/posts\/63011","targetHints":{"allow":["GET"]}}],"collection":[{"href":"https:\/\/www.europesays.com\/fi\/wp-json\/wp\/v2\/posts"}],"about":[{"href":"https:\/\/www.europesays.com\/fi\/wp-json\/wp\/v2\/types\/post"}],"author":[{"embeddable":true,"href":"https:\/\/www.europesays.com\/fi\/wp-json\/wp\/v2\/users\/2"}],"replies":[{"embeddable":true,"href":"https:\/\/www.europesays.com\/fi\/wp-json\/wp\/v2\/comments?post=63011"}],"version-history":[{"count":0,"href":"https:\/\/www.europesays.com\/fi\/wp-json\/wp\/v2\/posts\/63011\/revisions"}],"wp:featuredmedia":[{"embeddable":true,"href":"https:\/\/www.europesays.com\/fi\/wp-json\/wp\/v2\/media\/63012"}],"wp:attachment":[{"href":"https:\/\/www.europesays.com\/fi\/wp-json\/wp\/v2\/media?parent=63011"}],"wp:term":[{"taxonomy":"category","embeddable":true,"href":"https:\/\/www.europesays.com\/fi\/wp-json\/wp\/v2\/categories?post=63011"},{"taxonomy":"post_tag","embeddable":true,"href":"https:\/\/www.europesays.com\/fi\/wp-json\/wp\/v2\/tags?post=63011"}],"curies":[{"name":"wp","href":"https:\/\/api.w.org\/{rel}","templated":true}]}}