{"id":63058,"date":"2025-10-15T18:07:09","date_gmt":"2025-10-15T18:07:09","guid":{"rendered":"https:\/\/www.europesays.com\/fi\/63058\/"},"modified":"2025-10-15T18:07:09","modified_gmt":"2025-10-15T18:07:09","slug":"kylla-isa-osaa-nayttelijat-tapasivat-vuosikymmenten-jalkeen-tom-lindholm-ei-ollut-tunnistaa","status":"publish","type":"post","link":"https:\/\/www.europesays.com\/fi\/63058\/","title":{"rendered":"Kyll\u00e4 is\u00e4 osaa -n\u00e4yttelij\u00e4t tapasivat vuosikymmenten j\u00e4lkeen \u2013 Tom Lindholm ei ollut tunnistaa"},"content":{"rendered":"<p>Kyll\u00e4 is\u00e4 osaa -elokuvan jatko-osa saa ensi-iltansa.<\/p>\n<p class=\"paragraph\">Er\u00e4\u00e4ll\u00e4 kauppareissulla <a href=\"https:\/\/www.iltalehti.fi\/henkilot\/Tom Lindholm\" class=\"article-link-person-page\" rel=\"nofollow noopener\" target=\"_blank\">Tom Lindholmilla<\/a> oli kohtaaminen, joka h\u00e4nelle j\u00e4i positiivisesti mieleen. Lindholmia l\u00e4hestyi h\u00e4nen arvionsa mukaan Kroatiasta kotoisin oleva iso perhe, joka puhutteli n\u00e4yttelij\u00e4\u00e4 nimell\u00e4.<\/p>\n<p class=\"paragraph\">\u2013 He tulivat kysym\u00e4\u00e4n, ett\u00e4 \u201dOletko sin\u00e4 Tom Lindholm, me katsomme Kyll\u00e4 is\u00e4 osaa, saammeko ottaa kuvan?\u201d.<\/p>\n<p class=\"paragraph\">Onpa hienoa, Lindholm ajatteli siit\u00e4, ett\u00e4 uutta yleis\u00f6\u00e4 l\u00f6ytyy niinkin suomalainen sarjalle kuin Kyll\u00e4 is\u00e4 osaa on.<\/p>\n<p class=\"paragraph\">1990-luvulla suursuosioon r\u00e4j\u00e4ht\u00e4nyt sarja saavutti valkokankaat viime vuonna elokuvaversion my\u00f6t\u00e4. Pian luvassa on jatko-osa, jossa tuttu tamperelaisperhe suuntaa jouluksi Lappiin.<\/p>\n<p class=\"paragraph\">Uutta yleis\u00f6\u00e4kin on l\u00f6ytynyt. Lindholm on yll\u00e4ttynyt siit\u00e4, miten esimerkiksi 20-30-vuotiaat ovat k\u00e4yneet katsomassa elokuvaa.<\/p>\n<p class=\"paragraph\">\u2013 Siin\u00e4 on pakko olla joku helppous ja vilpitt\u00f6myys. Siin\u00e4 on hyv\u00e4 henki, Lindholm kuvailee.<\/p>\n<p><img decoding=\"async\" class=\"image image-show image-preview\" src=\"https:\/\/www.europesays.com\/fi\/wp-content\/uploads\/2025\/10\/a8c9474b56d9ac8241432ef502b8a7dc7eeee3e0c4399725ae8cdfb007e675f7.jpg\" alt=\"\"\/><img decoding=\"async\" class=\"image image-show\" src=\"https:\/\/www.europesays.com\/fi\/wp-content\/uploads\/2025\/10\/1760551629_877_a8c9474b56d9ac8241432ef502b8a7dc7eeee3e0c4399725ae8cdfb007e675f7.jpg\" alt=\"\"\/><\/p>\n<p>Tom Lindholm esitt\u00e4\u00e4 tuttua karakt\u00e4\u00e4ri\u00e4 uudessa Kyll\u00e4 is\u00e4 osaa -elokuvassa. Elle Laitila<\/p>\n<p>Julkisuus<\/p>\n<p class=\"paragraph\">Kun Kyll\u00e4 is\u00e4 osaa -sarjan suosio r\u00e4j\u00e4hti, kadulla vastaan tulevista henkil\u00f6ist\u00e4 joka kolmas hymyili Lindholmille. Ihmiset tulivat puhumaan h\u00e4nelle \u201dkaikkialla\u201d, niin kaupassa kuin kaduillakin.<\/p>\n<p class=\"paragraph\">\u2013Ai t\u00e4llaista t\u00e4m\u00e4 on, oli Lindholmin ensimm\u00e4inen ajatus, kun h\u00e4nt\u00e4 alettiin tunnistaa eri paikoissa. N\u00e4yttelij\u00e4 my\u00f6nt\u00e4\u00e4, ettei julkisuus ole h\u00e4nen juttunsa, vaan jotain joka tulee ty\u00f6n mukana.<\/p>\n<p class=\"paragraph\">\u2013 Oli muutama kuukausi, jolloin istuin selk\u00e4 oveen p\u00e4in, jos menin ravintolaan sy\u00f6m\u00e4\u00e4n, Lindholm muistelee aikaa suosion r\u00e4j\u00e4hdetty\u00e4.<\/p>\n<p class=\"paragraph\">Kohtaamiset ovat olleet kuitenkin p\u00e4\u00e4osin positiivisia. P\u00e4invastaiset kokemukset nekin j\u00e4\u00e4v\u00e4t \u201dnoin promilleen\u201d. Ja nekin ovat tilanteina sellaisia, joihin l\u00e4hes kuka vain voi samaistua.<\/p>\n<p class=\"paragraph\">\u2013 Riippumatta siit\u00e4, onko julkisuuden henkil\u00f6 vai ei, niin jos joku on patologisessa humalatilanteessa eik\u00e4 osaa lukea yht\u00e4\u00e4n mit\u00e4\u00e4n tilanteesta, voi sanoa &#8221;anteeksi, nyt en jaksa sua&#8221;, Lindholm toteaa.<\/p>\n<p>Kest\u00e4v\u00e4t tuolit<\/p>\n<p class=\"paragraph\">Mennyt vuosi Lindholmin el\u00e4m\u00e4ss\u00e4 on ollut vaiherikas. Uuden Kyll\u00e4 is\u00e4 osaa -elokuvan lis\u00e4ksi kiireisen\u00e4 ovat pit\u00e4neet kes\u00e4ll\u00e4 Tampereen Komediateatterissa n\u00e4hty Ilmasta rahaa -farssi sek\u00e4 syyskuun puolenv\u00e4lin tienoilla ensi-iltansa saanut kahden n\u00e4yttelij\u00e4n Avioliitto on ikuista -farssi Tampereen ty\u00f6v\u00e4en teatterissa.<\/p>\n<p class=\"paragraph\">\u2013 Nyt relaan leveill\u00e4 siivill\u00e4, Lindholm toteaa syksyn alettua.<\/p>\n<p class=\"paragraph\">Pelkk\u00e4 oleskelu sujuu Lindholmilta muitta mutkitta. Mutta sit\u00e4k\u00e4\u00e4n h\u00e4n ei tee m\u00e4\u00e4r\u00e4\u00e4ns\u00e4 enemp\u00e4\u00e4.<\/p>\n<p class=\"paragraph\">\u2013 Nikkaroin m\u00f6kill\u00e4, rakennan ja teen tuoleja. Sellaista, mist\u00e4 pid\u00e4n, Lindholm kuvailee n\u00e4yttelij\u00e4nty\u00f6n ulkopuolisia askareita.<\/p>\n<p class=\"paragraph\">Lindholmin nikkarointeja on mahdollista n\u00e4hd\u00e4 Tampereella konkreettisesti. Lindholmin ja kahdeksan muun teatterialan henkil\u00f6n perustamassa kulttuuritalo Telakassa on ravintola, jonka asiakkaat saavat istua Lindholmin suunnittelemilla talonpoikaistuoleilla.<\/p>\n<p class=\"paragraph\">Idea l\u00e4hti k\u00e4yt\u00e4nn\u00f6n syist\u00e4. Heti alkuun Lindholm ja muut Telakan perustajat ajattelivat, ett\u00e4 kulttuuritaloon olisi kiva saada kahvila. Varaa huonekaluihin ei kuitenkaan ollut.<\/p>\n<p class=\"paragraph\">\u2013 Saimme lahjoituksena muun muassa talonpoikaistuoleja, mutta siell\u00e4 on vanha luonnonlattia, jota ei ollut hiottu. Metallituolit ja kaikki hajosivat viikon kahden j\u00e4lkeen, Lindholm muistelee.<\/p>\n<p class=\"paragraph\">Lindholm mietti p\u00e4\u00e4ns\u00e4 puhki, ett\u00e4 tilanteeseen t\u00e4ytyy olla joku ratkaisu. Jotain, joka kest\u00e4isi asiakkaiden keikkumiset.<\/p>\n<p class=\"paragraph\">Sitten Lindholm keksi uuden prototyypin tuoleista. Se kannatti.<\/p>\n<p class=\"paragraph\">\u2013 Niist\u00e4 yksik\u00e4\u00e4n ei ole hajonnut. Ne ovat kest\u00e4neet kolmekymment\u00e4 vuotta, Lindholm hymyilee.<\/p>\n<p>Tom Lindholm nauttii ty\u00f6ryhm\u00e4ns\u00e4 kanssa ty\u00f6skentelyst\u00e4. Elle Laitila<\/p>\n<p>Ty\u00f6ryhm\u00e4ll\u00e4 iso merkitys<\/p>\n<p class=\"paragraph\">Valkokankaat pian t\u00e4ytt\u00e4v\u00e4 komediaelokuva on t\u00e4ynn\u00e4 tuttua Kyll\u00e4 is\u00e4 osaa -meininki\u00e4. Tamperelaisperheen joulunvietosta ei siis k\u00e4\u00e4nteit\u00e4 puutu.<\/p>\n<p class=\"paragraph\">Elokuvan ydinperhe on sama kuin 1990-luvulla. Lindholmin lis\u00e4ksi valkokankailla n\u00e4hd\u00e4\u00e4n siis tuoreessa elokuvassakin \u00e4iti\u00e4 esitt\u00e4v\u00e4 <a href=\"https:\/\/www.iltalehti.fi\/henkilot\/Tuija Ernamo\" class=\"article-link-person-page\" rel=\"nofollow noopener\" target=\"_blank\">Tuija Ernamo<\/a> sek\u00e4 lapsia n\u00e4yttelev\u00e4t <a href=\"https:\/\/www.iltalehti.fi\/henkilot\/Jarno Jokinen\" class=\"article-link-person-page\" rel=\"nofollow noopener\" target=\"_blank\">Jarno Jokinen<\/a> ja <a href=\"https:\/\/www.iltalehti.fi\/henkilot\/Maiju Jokinen\" class=\"article-link-person-page\" rel=\"nofollow noopener\" target=\"_blank\">Maiju Jokinen<\/a>.<\/p>\n<p class=\"paragraph\">Ty\u00f6ryhm\u00e4ll\u00e4 on Lindholmille iso merkitys.<\/p>\n<p class=\"paragraph\">\u2013 Aina kun Maiju soittelee, h\u00e4n kysyy, ett\u00e4 mit\u00e4 faija, Lindholm nauraa.<\/p>\n<p class=\"paragraph\">Ennen elokuvakuvauksia Lindholm ja muut alkuper\u00e4isn\u00e4yttelij\u00e4t ovat n\u00e4hneet silloin t\u00e4ll\u00f6in. Mutta esimerkiksi poikaa n\u00e4ytellytt\u00e4 <a href=\"https:\/\/www.iltalehti.fi\/henkilot\/Jarno Jokinen\" class=\"article-link-person-page\" rel=\"nofollow noopener\" target=\"_blank\">Jarno Jokista<\/a> Lindholm ei n\u00e4hnyt pitk\u00e4\u00e4n aikaan.<\/p>\n<p class=\"paragraph\">Sitten Lindholm kohtasi h\u00e4net vuosikymmenten j\u00e4lkeen t\u00e4ysin sattumalta.<\/p>\n<p class=\"paragraph\">\u2013 Olin jossain y\u00f6kerhossa ja sielt\u00e4 tuli kaksimetrinen kaveri, joka sanoi \u201dMoi, muistatko mua?\u201d Ajattelin, ett\u00e4 ei jumankauta, en olisi tunnistanut, Lindholm muistelee.<\/p>\n<p class=\"paragraph\">Vuosikymmenten j\u00e4lkeenkin tutut karakt\u00e4\u00e4rit n\u00e4kyv\u00e4t valkokankaalla. Is\u00e4n roolin esitt\u00e4minen ei ole erilaista verrattuna kolmenkymmenen vuoden taakse, Lindholm toteaa.<\/p>\n<p class=\"paragraph\">\u2013 Jos sit\u00e4 olisi elokuvaan muutettu, silloin olisi koskettu rakenteeseen, Lindholm sanoo.<\/p>\n<p class=\"paragraph\">Elokuvaversiossa n\u00e4kyy toki 2020-luvulle tyypillisi\u00e4 elementtej\u00e4 \u00e4lypuhelimineen p\u00e4ivineen.<\/p>\n<p class=\"paragraph\">Mutta kuten 1990-luvulla, my\u00f6s 2020-luvun is\u00e4 osaa edelleen.<\/p>\n<p class=\"paragraph\">\u2013 Jos h\u00e4n sanoo, ett\u00e4 \u201dt\u00e4st\u00e4 menn\u00e4\u00e4n, kun on aina menty, vaikka on heikot j\u00e4\u00e4t\u201d, niin niin h\u00e4n sanoo nytkin.<\/p>\n<p class=\"paragraph\">Kyll\u00e4 is\u00e4 osaa Lapissa saa ensi-iltansa 15.10.<\/p>\n","protected":false},"excerpt":{"rendered":"Kyll\u00e4 is\u00e4 osaa -elokuvan jatko-osa saa ensi-iltansa. Er\u00e4\u00e4ll\u00e4 kauppareissulla Tom Lindholmilla oli kohtaaminen, joka h\u00e4nelle j\u00e4i positiivisesti mieleen.&hellip;\n","protected":false},"author":2,"featured_media":63059,"comment_status":"","ping_status":"","sticky":false,"template":"","format":"standard","meta":{"footnotes":""},"categories":[133],"tags":[35,155,137,33,31,30,99,718,154,32,485,206,140,156,109],"class_list":{"0":"post-63058","1":"post","2":"type-post","3":"status-publish","4":"format-standard","5":"has-post-thumbnail","7":"category-televisiot","8":"tag-24h","9":"tag-elokuvat","10":"tag-entertainment","11":"tag-fi","12":"tag-finland","13":"tag-finnish","14":"tag-lapset","15":"tag-nayttamotaide","16":"tag-nayttelijat-teatteri","17":"tag-suomi","18":"tag-taide-yleista","19":"tag-televisiot","20":"tag-tv-ja-elokuvat","21":"tag-tv","22":"tag-viihde"},"share_on_mastodon":{"url":"","error":""},"_links":{"self":[{"href":"https:\/\/www.europesays.com\/fi\/wp-json\/wp\/v2\/posts\/63058","targetHints":{"allow":["GET"]}}],"collection":[{"href":"https:\/\/www.europesays.com\/fi\/wp-json\/wp\/v2\/posts"}],"about":[{"href":"https:\/\/www.europesays.com\/fi\/wp-json\/wp\/v2\/types\/post"}],"author":[{"embeddable":true,"href":"https:\/\/www.europesays.com\/fi\/wp-json\/wp\/v2\/users\/2"}],"replies":[{"embeddable":true,"href":"https:\/\/www.europesays.com\/fi\/wp-json\/wp\/v2\/comments?post=63058"}],"version-history":[{"count":0,"href":"https:\/\/www.europesays.com\/fi\/wp-json\/wp\/v2\/posts\/63058\/revisions"}],"wp:featuredmedia":[{"embeddable":true,"href":"https:\/\/www.europesays.com\/fi\/wp-json\/wp\/v2\/media\/63059"}],"wp:attachment":[{"href":"https:\/\/www.europesays.com\/fi\/wp-json\/wp\/v2\/media?parent=63058"}],"wp:term":[{"taxonomy":"category","embeddable":true,"href":"https:\/\/www.europesays.com\/fi\/wp-json\/wp\/v2\/categories?post=63058"},{"taxonomy":"post_tag","embeddable":true,"href":"https:\/\/www.europesays.com\/fi\/wp-json\/wp\/v2\/tags?post=63058"}],"curies":[{"name":"wp","href":"https:\/\/api.w.org\/{rel}","templated":true}]}}