{"id":63079,"date":"2025-10-15T18:33:10","date_gmt":"2025-10-15T18:33:10","guid":{"rendered":"https:\/\/www.europesays.com\/fi\/63079\/"},"modified":"2025-10-15T18:33:10","modified_gmt":"2025-10-15T18:33:10","slug":"linnea-leino-kommentoi-valejaan-anssi-heikkilaan","status":"publish","type":"post","link":"https:\/\/www.europesays.com\/fi\/63079\/","title":{"rendered":"Linnea Leino kommentoi v\u00e4lej\u00e4\u00e4n Anssi Heikkil\u00e4\u00e4n"},"content":{"rendered":"<p><strong class=\"typography-bold\">N\u00e4yttelij\u00e4 Linnea Leino n\u00e4htiin sunnuntaina TTK-l\u00e4hetyksess\u00e4, kun yleis\u00f6\u00f6n oltiin kutsuttu useita aiemmilta kausilta tuttuja kasvoja. Leino kommentoi my\u00f6s v\u00e4lej\u00e4\u00e4n tanssinopettaja Anssi Heikkil\u00e4\u00e4n.\u00a0<\/strong><\/p>\n<p>N\u00e4yttelij\u00e4 <a class=\"underline\" data-testid=\"internal-link\" role=\"link\" data-sentry-element=\"Link\" data-sentry-component=\"InternalLink\" data-sentry-source-file=\"InternalLink.tsx\" href=\"https:\/\/www.mtvuutiset.fi\/aihe\/linnea-leino\/7701506\" rel=\"nofollow noopener\" target=\"_blank\"><strong class=\"typography-bold\">Linnea Leino<\/strong><\/a> n\u00e4htiin <a class=\"underline\" data-testid=\"internal-link\" role=\"link\" data-sentry-element=\"Link\" data-sentry-component=\"InternalLink\" data-sentry-source-file=\"InternalLink.tsx\" href=\"https:\/\/www.mtvuutiset.fi\/aihe\/tanssii-tahtien-kanssa\/2839810\" rel=\"nofollow noopener\" target=\"_blank\">Tanssii T\u00e4htien Kanssa<\/a> -l\u00e4hetyksess\u00e4 sunnuntaina 12.10. Paikan p\u00e4\u00e4ll\u00e4 oli eri kausien voittajia ja kilpailijoita juhliastamassa 18 vuotta t\u00e4ytt\u00e4nytt\u00e4 TTK:ta. Linnea Leino voitti TTK:n viime vuonna yhdess\u00e4 tanssinopettaja <a class=\"underline\" data-testid=\"internal-link\" role=\"link\" data-sentry-element=\"Link\" data-sentry-component=\"InternalLink\" data-sentry-source-file=\"InternalLink.tsx\" href=\"https:\/\/www.mtvuutiset.fi\/aihe\/anssi-heikkila\/8482156\" rel=\"nofollow noopener\" target=\"_blank\"><strong class=\"typography-bold\">Anssi Heikkil\u00e4n<\/strong><\/a> kanssa.\u00a0<\/p>\n<p>Kaksikko on pit\u00e4nyt yhteytt\u00e4 kauden j\u00e4lkeenkin. <a class=\"underline\" data-testid=\"external-link\" href=\"https:\/\/www.seiska.fi\/vain-seiskassa\/kuumat-kuvat-linnea-leinosta-ja-anssi-heikkilasta-julki\/1890592\" rel=\"noopener noreferrer nofollow\" data-sentry-component=\"ExternalLink\" data-sentry-source-file=\"ExternalLink.tsx\" target=\"_blank\">Seiska<\/a> uutisoi kes\u00e4ll\u00e4 heid\u00e4n l\u00e4heisest\u00e4 hetkest\u00e4\u00e4n uima-altaalla. He eiv\u00e4t kuitenkaan ole olleet halukkaita kommentoimaan parisuhdehuhuja julkisuudessa.\u00a0<\/p>\n<p>Lue lis\u00e4\u00e4: <a class=\"underline\" data-testid=\"internal-link\" role=\"link\" data-sentry-element=\"Link\" data-sentry-component=\"InternalLink\" data-sentry-source-file=\"InternalLink.tsx\" href=\"https:\/\/www.mtvuutiset.fi\/artikkeli\/tassa-ovat-vuoden-2024-tanssii-tahtien-kanssa-voittajat\/9053234\" rel=\"nofollow noopener\" target=\"_blank\">T\u00e4ss\u00e4 ovat vuoden 2024 Tanssii T\u00e4htien Kanssa -voittajat<\/a><\/p>\n<p>Leino kertoi kuitenkin MTV Uutisille h\u00e4nen ja Heikkil\u00e4n v\u00e4leist\u00e4 ja yhteydenpidosta lyhyesti ennen TTK-l\u00e4hetyst\u00e4.\u00a0<\/p>\n<p>\u2013\u00a0Kyll\u00e4 me viestitell\u00e4\u00e4n ja on todella hauskaa t\u00f6rm\u00e4t\u00e4 erilaisissa tapahtumissa, kuten t\u00e4n\u00e4\u00e4n t\u00e4\u00e4ll\u00e4, h\u00e4n sanoi.\u00a0<\/p>\n<p><img alt=\"OMA Linnea Leino TTK\" data-testid=\"crops-image\" class=\"h-full w-full object-cover transition duration-700 ease-in-out hover:scale-[1.05]\" fetchpriority=\"low\" loading=\"lazy\" width=\"1024\" height=\"576\" decoding=\"async\" style=\"color:transparent;background-size:cover;background-position:50% 50%;background-repeat:no-repeat;background-image:url(&quot;data:image\/svg+xml;base64,Cjxzdmcgd2lkdGg9IjEwMjQiIGhlaWdodD0iNTc2IiB2ZXJzaW9uPSIxLjEiIHhtbG5zPSJodHRwOi8vd3d3LnczLm9yZy8yMDAwL3N2ZyIgeG1sbnM6eGxpbms9Imh0dHA6Ly93d3cudzMub3JnLzE5OTkveGxpbmsiPgogIDxkZWZzPgogICAgPGxpbmVhckdyYWRpZW50IGlkPSJnIj4KICAgICAgPHN0b3Agc3RvcC1jb2xvcj0iIzBCMTgyMyIgb2Zmc2V0PSIyMCUiIC8+CiAgICAgIDxzdG9wIHN0b3AtY29sb3I9IiMxQTI3MzIiIG9mZnNldD0iNTAlIiAvPgogICAgICA8c3RvcCBzdG9wLWNvbG9yPSIjMEIxODIzIiBvZmZzZXQ9IjcwJSIgLz4KICAgIDwvbGluZWFyR3JhZGllbnQ+CiAgPC9kZWZzPgogIDxyZWN0IHdpZHRoPSIxMDI0IiBoZWlnaHQ9IjU3NiIgZmlsbD0iIzBCMTgyMyIgLz4KICA8cmVjdCBpZD0iciIgd2lkdGg9IjEwMjQiIGhlaWdodD0iNTc2IiBmaWxsPSJ1cmwoI2cpIiAvPgogIDxhbmltYXRlIHhsaW5rOmhyZWY9IiNyIiBhdHRyaWJ1dGVOYW1lPSJ4IiBmcm9tPSItMTAyNCIgdG89IjEwMjQiIGR1cj0iMXMiIHJlcGVhdENvdW50PSJpbmRlZmluaXRlIiAgLz4KPC9zdmc+&quot;)\" src=\"https:\/\/www.europesays.com\/fi\/wp-content\/uploads\/2025\/10\/1760553190_396_image\"\/><\/p>\n<p>Leino kertoi, ett\u00e4 tanssiharrastus ei ole j\u00e4\u00e4nyt h\u00e4nelle aktiivisesti el\u00e4m\u00e4\u00e4n, mutta TTK-parketille h\u00e4n palaisi milloin vain takaisin.\u00a0<\/p>\n<p>\u2013 Kyll\u00e4 kun t\u00e4nne saapui taas, niin tuli sellainen innostus, ett\u00e4 haluaisin p\u00e4\u00e4st\u00e4 takaisin tanssimaan ja k\u00e4ytt\u00e4\u00e4 sit\u00e4 taitoa, mink\u00e4 on t\u00e4\u00e4ll\u00e4 saanut.\u00a0<\/p>\n<p>Leino ei osaa valita yht\u00e4 suosikkia t\u00e4lt\u00e4 kaudelta. H\u00e4n on seurannut kautta joka sunnuntai uusin silmin.\u00a0<\/p>\n<p>\u2013 T\u00e4m\u00e4 kausi on ollut niin t\u00e4ynn\u00e4 yll\u00e4tyksi\u00e4. On ollut yll\u00e4tysonnistumisia ja yll\u00e4tystiputuksia, joten olen p\u00e4\u00e4tt\u00e4nyt, ett\u00e4 en aseta en\u00e4\u00e4 odotuksia, seuraan vain rauhassa, Leino neurahti.\u00a0<\/p>\n<p>Katso videolta, mit\u00e4 Leino kaipaa erityisesti TTK:sta!<strong class=\"typography-bold\">Lue lis\u00e4\u00e4:\u00a0<\/strong><a class=\"underline\" data-testid=\"internal-link\" role=\"link\" data-sentry-element=\"Link\" data-sentry-component=\"InternalLink\" data-sentry-source-file=\"InternalLink.tsx\" href=\"https:\/\/www.mtvuutiset.fi\/artikkeli\/kurkista-tanssii-tahtien-kanssa-ohjelman-punaiselle-matolle-nama-julkkikset-saapuvat-yleisoon\/9230882\" rel=\"nofollow noopener\" target=\"_blank\"><strong class=\"typography-bold\">N\u00e4m\u00e4 julkkikset saapuvat seuraamaan ensimm\u00e4ist\u00e4 TTK-l\u00e4hetyst\u00e4 \u2013 MTV Uutiset punaiselle matolla<\/strong><\/a><strong class=\"typography-bold\">Tanssii T\u00e4htien Kanssa MTV3-kanavalla ja\u00a0<\/strong><a class=\"underline\" data-testid=\"external-link\" href=\"https:\/\/www.mtv.fi\/ohjelma\/5d872b916e7968c4206a\/tanssii-tahtien-kanssa\" rel=\"noopener noreferrer nofollow\" target=\"_blank\" data-sentry-component=\"ExternalLink\" data-sentry-source-file=\"ExternalLink.tsx\"><strong class=\"typography-bold\">MTV Katsomossa<\/strong><\/a><strong class=\"typography-bold\">\u00a0sunnuntaisin klo 19.30.<\/strong><\/p>\n","protected":false},"excerpt":{"rendered":"N\u00e4yttelij\u00e4 Linnea Leino n\u00e4htiin sunnuntaina TTK-l\u00e4hetyksess\u00e4, kun yleis\u00f6\u00f6n oltiin kutsuttu useita aiemmilta kausilta tuttuja kasvoja. Leino kommentoi my\u00f6s&hellip;\n","protected":false},"author":2,"featured_media":63080,"comment_status":"","ping_status":"","sticky":false,"template":"","format":"standard","meta":{"footnotes":""},"categories":[133],"tags":[137,33,31,30,32,206,156,109],"class_list":{"0":"post-63079","1":"post","2":"type-post","3":"status-publish","4":"format-standard","5":"has-post-thumbnail","7":"category-televisiot","8":"tag-entertainment","9":"tag-fi","10":"tag-finland","11":"tag-finnish","12":"tag-suomi","13":"tag-televisiot","14":"tag-tv","15":"tag-viihde"},"share_on_mastodon":{"url":"","error":""},"_links":{"self":[{"href":"https:\/\/www.europesays.com\/fi\/wp-json\/wp\/v2\/posts\/63079","targetHints":{"allow":["GET"]}}],"collection":[{"href":"https:\/\/www.europesays.com\/fi\/wp-json\/wp\/v2\/posts"}],"about":[{"href":"https:\/\/www.europesays.com\/fi\/wp-json\/wp\/v2\/types\/post"}],"author":[{"embeddable":true,"href":"https:\/\/www.europesays.com\/fi\/wp-json\/wp\/v2\/users\/2"}],"replies":[{"embeddable":true,"href":"https:\/\/www.europesays.com\/fi\/wp-json\/wp\/v2\/comments?post=63079"}],"version-history":[{"count":0,"href":"https:\/\/www.europesays.com\/fi\/wp-json\/wp\/v2\/posts\/63079\/revisions"}],"wp:featuredmedia":[{"embeddable":true,"href":"https:\/\/www.europesays.com\/fi\/wp-json\/wp\/v2\/media\/63080"}],"wp:attachment":[{"href":"https:\/\/www.europesays.com\/fi\/wp-json\/wp\/v2\/media?parent=63079"}],"wp:term":[{"taxonomy":"category","embeddable":true,"href":"https:\/\/www.europesays.com\/fi\/wp-json\/wp\/v2\/categories?post=63079"},{"taxonomy":"post_tag","embeddable":true,"href":"https:\/\/www.europesays.com\/fi\/wp-json\/wp\/v2\/tags?post=63079"}],"curies":[{"name":"wp","href":"https:\/\/api.w.org\/{rel}","templated":true}]}}