{"id":63081,"date":"2025-10-15T18:35:07","date_gmt":"2025-10-15T18:35:07","guid":{"rendered":"https:\/\/www.europesays.com\/fi\/63081\/"},"modified":"2025-10-15T18:35:07","modified_gmt":"2025-10-15T18:35:07","slug":"tuukka-temosen-uutuuselokuvan-naytoksissa-ikava-ilmio-elokuvateatteri-joutui-puuttumaan-peliin","status":"publish","type":"post","link":"https:\/\/www.europesays.com\/fi\/63081\/","title":{"rendered":"Tuukka Temosen uutuuselokuvan n\u00e4yt\u00f6ksiss\u00e4 ik\u00e4v\u00e4 ilmi\u00f6 \u2013 Elokuvateatteri joutui puuttumaan peliin"},"content":{"rendered":"<p>Kotkassa on jouduttu puuttumaan Cancel-elokuvan n\u00e4yt\u00f6ksiss\u00e4 havaittuun h\u00e4iri\u00f6k\u00e4ytt\u00e4ytymiseen. <\/p>\n<p><img decoding=\"async\" class=\"image image-show image-preview\" src=\"https:\/\/www.europesays.com\/fi\/wp-content\/uploads\/2025\/10\/9bdb30c7722658eaac22f022448428192f52c7d6242b59bfb860f9dee8d579af.jpg\" alt=\"\"\/><img decoding=\"async\" class=\"image image-show\" src=\"https:\/\/www.europesays.com\/fi\/wp-content\/uploads\/2025\/10\/1760553307_899_9bdb30c7722658eaac22f022448428192f52c7d6242b59bfb860f9dee8d579af.jpg\" alt=\"\"\/><\/p>\n<p>Cancel-elokuvan p\u00e4\u00e4osissa n\u00e4hd\u00e4\u00e4n somesta tutut Niko Meuronen, Santeri H\u00e4nninen ja Henry Weckstr\u00f6m.  Pete Anikari<\/p>\n<p class=\"paragraph\"><a href=\"https:\/\/www.iltalehti.fi\/henkilot\/Tuukka Temonen\" class=\"article-link-person-page\" rel=\"nofollow noopener\" target=\"_blank\">Tuukka Temosen<\/a> ohjaaman Cancel-elokuvan n\u00e4yt\u00f6ksiss\u00e4 on havaittu h\u00e4iri\u00f6k\u00e4ytt\u00e4ytymist\u00e4.<\/p>\n<p class=\"paragraph\">Kotimainen uutuuselokuva ker\u00e4si v\u00e4litt\u00f6m\u00e4sti huimat katsojaluvut ja nousi heti ensi-iltansa j\u00e4lkeen koko viikon katsotuimmaksi. Suositun elokuvan n\u00e4yt\u00f6ksiss\u00e4 on jouduttu puuttumaan h\u00e4iri\u00f6k\u00e4ytt\u00e4ytymiseen, ainakin Kotkassa.<\/p>\n<p class=\"paragraph\">Kotkan Leffat -elokuvateatteri joutui muistuttamaan <a href=\"https:\/\/www.facebook.com\/permalink.php?story_fbid=1363574755777509&amp;id=100063749914905\" rel=\"noopener nofollow\" target=\"_blank\">sosiaalisen median kanavissaan <\/a>k\u00e4vij\u00f6it\u00e4 elokuvateatterin k\u00e4ytt\u00e4ytymisetiketist\u00e4.<\/p>\n<p class=\"paragraph\">\u2013 Olemme joutuneet Cancelin n\u00e4yt\u00f6ksiss\u00e4 puuttumaan h\u00e4iritsev\u00e4\u00e4n ja levottomaan k\u00e4ytt\u00e4ytymiseen huomattavan paljon, julkaisussa kirjoitetaan.<\/p>\n<p class=\"paragraph\">Julkaisussa muistutetaan muun muassa, ett\u00e4 puhelimet tulisi laittaa pois ja h\u00f6pin\u00e4t j\u00e4tt\u00e4\u00e4 my\u00f6hemm\u00e4ksi. Lis\u00e4ksi muistutellaan, ett\u00e4 roskien oikeaoppinen osoite on roskakori ja ett\u00e4 elokuvateatterista poistuminen on sallittua.<\/p>\n<p>Tuukka Temonen iloitsi aiemmin Iltalehden haastattelussa Cancel-elokuvan menestyksest\u00e4.  Pete Anikari<\/p>\n<p class=\"paragraph\">\u2013 Elokuvissa on sallittua nauraa hauskoille tapahtumille ja el\u00e4\u00e4 mukana, mutta pidet\u00e4\u00e4n mieless\u00e4, ett\u00e4 yleis\u00f6ss\u00e4 on muitakin kuin se oma porukka. Toivoisimme, ett\u00e4 my\u00f6s kotona k\u00e4yt\u00e4isiin l\u00e4pi sit\u00e4, miten leffassa k\u00e4ytt\u00e4ydyt\u00e4\u00e4n, jotta saataisiin ihan kaikille mukava kokemus.<\/p>\n<p class=\"paragraph\">Kotkan Leffojen toimitusjohtaja Tero Lindqvist kertoi <a href=\"https:\/\/yle.fi\/a\/74-20188057\" target=\"_blank\" rel=\"noopener nofollow\">Ylelle<\/a>, millaisesta h\u00e4iri\u00f6k\u00e4ytt\u00e4ytymisest\u00e4 on ollut kyse.<\/p>\n<p class=\"paragraph\">\u2013 Osa yleis\u00f6st\u00e4 on kiljunut, huutanut, k\u00e4ytt\u00e4nyt k\u00e4nnyk\u00f6it\u00e4 ja heitellyt popcornia, mik\u00e4 on h\u00e4irinnyt muita katsojia, luettelee Lindqvist.<\/p>\n<p class=\"paragraph\">Etenkin Facebookissa elokuvateatterin muistutus kirvoitti keskustelua. Elokuvateatteri kommentoi muun muassa, kuinka henkil\u00f6kunnalle kannattaa kertoa h\u00e4iritsev\u00e4st\u00e4 k\u00e4yt\u00f6ksest\u00e4 matalalla kynnyksell\u00e4.<\/p>\n<p class=\"paragraph\">Teatteri pyyt\u00e4\u00e4 my\u00f6s huoltajia opastamaan nuoria elokuvateatterissa k\u00e4ytt\u00e4ytymisess\u00e4.<\/p>\n<p class=\"paragraph\">\u2013 Poistamme kyll\u00e4 h\u00e4irik\u00f6t saleista varoituksen j\u00e4lkeen. Valitettavasti emme kuitenkaan pysty koko ajan valvomaan mit\u00e4 saleissa tapahtuu ja usein kuulemme mahdollisista h\u00e4irik\u00f6inneist\u00e4 vasta elokuvan jo p\u00e4\u00e4tytty\u00e4. Eli jos n\u00e4yt\u00f6ksiss\u00e4 on h\u00e4iritsev\u00e4sti k\u00e4ytt\u00e4ytyv\u00e4\u00e4 porukkaa, niin reippaasti sanomaan henkil\u00f6kunnalle, niin puututaan!  elokuvateatteri kannustaa.<\/p>\n<p class=\"paragraph\"><a href=\"https:\/\/www.iltalehti.fi\/viihdeuutiset\/bd68f482-bd00-4211-988b-c48ed8d7bf45\" rel=\"nofollow noopener\" target=\"_blank\">Aiemmin kev\u00e4\u00e4ll\u00e4<\/a> uutisoitiin, kuinka videopeli Minecraftiin perustuvassa elokuvassa havaittiin niin ik\u00e4\u00e4n h\u00e4iri\u00f6k\u00e4ytt\u00e4ytymist\u00e4. Maailmanlaajuisesti kyseisen elokuvan n\u00e4yt\u00f6ksiss\u00e4 n\u00e4htiin popcornien heittely\u00e4 ja meteli\u00e4.<\/p>\n<p class=\"paragraph\">Kotkan Leffojen Tero Lindqvist kommentoi Ylelle, ett\u00e4 ilmi\u00f6 on jossain m\u00e4\u00e4rin samankaltainen kuin Minecraft-elokuvan yhteydess\u00e4 aiemmin t\u00e4n\u00e4 vuonna.<\/p>\n","protected":false},"excerpt":{"rendered":"Kotkassa on jouduttu puuttumaan Cancel-elokuvan n\u00e4yt\u00f6ksiss\u00e4 havaittuun h\u00e4iri\u00f6k\u00e4ytt\u00e4ytymiseen. Cancel-elokuvan p\u00e4\u00e4osissa n\u00e4hd\u00e4\u00e4n somesta tutut Niko Meuronen, Santeri H\u00e4nninen ja&hellip;\n","protected":false},"author":2,"featured_media":63082,"comment_status":"","ping_status":"","sticky":false,"template":"","format":"standard","meta":{"footnotes":""},"categories":[131],"tags":[35,153,155,137,33,173,31,30,1616,172,32,485,484,140,109],"class_list":{"0":"post-63081","1":"post","2":"type-post","3":"status-publish","4":"format-standard","5":"has-post-thumbnail","7":"category-elokuvat","8":"tag-24h","9":"tag-audiovisuaalinen-media","10":"tag-elokuvat","11":"tag-entertainment","12":"tag-fi","13":"tag-film","14":"tag-finland","15":"tag-finnish","16":"tag-media-viestinta","17":"tag-movies","18":"tag-suomi","19":"tag-taide-yleista","20":"tag-taiteellinen-ilmaisu-ja-mediat","21":"tag-tv-ja-elokuvat","22":"tag-viihde"},"share_on_mastodon":{"url":"","error":""},"_links":{"self":[{"href":"https:\/\/www.europesays.com\/fi\/wp-json\/wp\/v2\/posts\/63081","targetHints":{"allow":["GET"]}}],"collection":[{"href":"https:\/\/www.europesays.com\/fi\/wp-json\/wp\/v2\/posts"}],"about":[{"href":"https:\/\/www.europesays.com\/fi\/wp-json\/wp\/v2\/types\/post"}],"author":[{"embeddable":true,"href":"https:\/\/www.europesays.com\/fi\/wp-json\/wp\/v2\/users\/2"}],"replies":[{"embeddable":true,"href":"https:\/\/www.europesays.com\/fi\/wp-json\/wp\/v2\/comments?post=63081"}],"version-history":[{"count":0,"href":"https:\/\/www.europesays.com\/fi\/wp-json\/wp\/v2\/posts\/63081\/revisions"}],"wp:featuredmedia":[{"embeddable":true,"href":"https:\/\/www.europesays.com\/fi\/wp-json\/wp\/v2\/media\/63082"}],"wp:attachment":[{"href":"https:\/\/www.europesays.com\/fi\/wp-json\/wp\/v2\/media?parent=63081"}],"wp:term":[{"taxonomy":"category","embeddable":true,"href":"https:\/\/www.europesays.com\/fi\/wp-json\/wp\/v2\/categories?post=63081"},{"taxonomy":"post_tag","embeddable":true,"href":"https:\/\/www.europesays.com\/fi\/wp-json\/wp\/v2\/tags?post=63081"}],"curies":[{"name":"wp","href":"https:\/\/api.w.org\/{rel}","templated":true}]}}