{"id":63095,"date":"2025-10-15T18:56:07","date_gmt":"2025-10-15T18:56:07","guid":{"rendered":"https:\/\/www.europesays.com\/fi\/63095\/"},"modified":"2025-10-15T18:56:07","modified_gmt":"2025-10-15T18:56:07","slug":"elama-yllatti-markus-raikkosen-seiska","status":"publish","type":"post","link":"https:\/\/www.europesays.com\/fi\/63095\/","title":{"rendered":"El\u00e4m\u00e4 yll\u00e4tti Markus R\u00e4ikk\u00f6sen | Seiska"},"content":{"rendered":"<p>            PANU H\u00d6RKK\u00d6\n        <\/p>\n<p class=\"subtitle \">Markus R\u00e4ikk\u00f6nen yll\u00e4tt\u00e4\u00e4 avoimuudellaan.<\/p>\n<p class=\"article-content article-content-width !bg-background\">Sijoittajak\u00f6nsik\u00e4s  el\u00e4\u00e4 kiireist\u00e4 el\u00e4m\u00e4\u00e4 suhatessaan ymp\u00e4ri maailmaa t\u00f6idens\u00e4 puitteissa.<\/p>\n<p class=\"font-weight-bold m-font-weight-bold article-content article-content-width !bg-background\">Katso arkistovideo: Markus vauhdikkaassa illanvietossa<\/p>\n<p class=\"article-content article-content-width !bg-background\">Markus on t\u00f6iss\u00e4 satelliitteja valmistavan ReOrbitin leiviss\u00e4. H\u00e4n on toiminut sek\u00e4 ReOrbitin sijoittajana ett\u00e4 sen hallituksen j\u00e4senen\u00e4.\u00a0Hein\u00e4kuussa Markus kertoi ylentyneens\u00e4 ReOrbitin Chief Commercial Officeriksi\u00a0eli kaupalliseksi johtajaksi.<\/p>\n<p class=\"article-content article-content-width !bg-background\">T\u00f6iden lis\u00e4ksi Markuksen aika kuluu ankarien treenien parissa.<\/p>\n<p>        <a itemprop=\"url\" href=\"https:\/\/www.seiska.fi\/kotimaa\/josses-mika-haba-tallaisessa-kunnossa-markus-raikkonen-on-nyt\/1909005\" rel=\"nofollow noopener\" target=\"_blank\"><\/p>\n<p>\nOho!\n<\/p>\n<p class=\"section-date\">\n        <strong class=\"article-section\" data-section=\"kotimaa\"><br \/>\n            kotimaa<br \/>\n        <\/strong><br \/>\n        25.8. 13:59\n    <\/p>\n<p>J\u00f6sses, mik\u00e4 haba! T\u00e4llaisessa kunnossa Markus R\u00e4ikk\u00f6nen on nyt\n    <\/p>\n<p itemprop=\"description\" class=\"subtitle \">\n    Markus ei piilottele lihaksiaan.\n<\/p>\n<p>        <\/a><\/p>\n<p class=\"article-content article-content-width !bg-background\">Toisinaan Markuksella on aikaa kuitenkin my\u00f6s muuhun kuin duuniin ja urheiluun. H\u00e4n julkaisi Instagram-sivullaan yll\u00e4tt\u00e4v\u00e4n syv\u00e4llisen p\u00e4ivityksen, jossa korostaa vapauden tuovan eteen yll\u00e4tt\u00e4vi\u00e4 tilanteita.<\/p>\n<p>El\u00e4m\u00e4 osaa yll\u00e4tt\u00e4\u00e4<\/p>\n<p class=\"article-content article-content-width !bg-background\">Julkaisunsa kuvassa h\u00e4n poseeraa aurinkolasit p\u00e4\u00e4ss\u00e4\u00e4n, kaukaisuuteen katsellen.<\/p>\n<p class=\"article-content article-content-width !bg-background\"> \u2013 Et voi koskaan tiet\u00e4\u00e4, mit\u00e4 el\u00e4m\u00e4 antaa sinulle, Markus kirjoittaa p\u00e4ivityksess\u00e4\u00e4n vapaasti suomennettuna.\u00a0<\/p>\n<p class=\"article-content article-content-width !bg-background\"> \u2013 Kyky kulkea virran mukana on usein avain erityisiin kokemuksiin, h\u00e4n summaa runollisesti.<\/p>\n<p>        <a itemprop=\"url\" href=\"https:\/\/www.seiska.fi\/kotimaa\/markus-raikkoselta-avoin-tunnustus-lehdessa-nain-paattyi-sanna-marinin-suhde\/1953696\" rel=\"nofollow noopener\" target=\"_blank\"><\/p>\n<p>\nMarkukselta suorat sanat liitosta\n<\/p>\n<p class=\"section-date\">\n        <strong class=\"article-section\" data-section=\"kotimaa\"><br \/>\n            kotimaa<br \/>\n        <\/strong><br \/>\n        7.10. 09:59\n    <\/p>\n<p>Markus R\u00e4ikk\u00f6selt\u00e4 avoin tunnustus lehdess\u00e4 \u2013 n\u00e4in p\u00e4\u00e4ttyi Sanna Marinin suhde\n    <\/p>\n<p itemprop=\"description\" class=\"subtitle \">\n    Markus R\u00e4ikk\u00f6nen kertoo poikkeuksellisen yksityiskohdan suhteestaan Sanna Marinin kanssa.\n<\/p>\n<p>        <\/a><\/p>\n<p class=\"article-content article-content-width !bg-background\">Julkaisun valokuva on aurinkolaseja ja nahkatavaraa kauppaaman yrityksen ottama kuva.\u00a0Ilmeisesti Markus on p\u00e4\u00e4tynyt malliksi aivan vahingossa \u2013 juurikin antaessaan el\u00e4m\u00e4lle vapaat k\u00e4det ja kulkiessaan sen virran viet\u00e4v\u00e4n\u00e4.<\/p>\n<p class=\"article-content article-content-width !bg-background\">Aiemmassa p\u00e4ivityksess\u00e4 h\u00e4n nimitt\u00e4in poseeraa kameran edess\u00e4 kuvattavana.<\/p>\n<p class=\"article-content article-content-width !bg-background\"> \u2013 P\u00e4\u00e4dyin yll\u00e4tt\u00e4en kuvauksiin, h\u00e4n kirjoitti p\u00e4ivityksess\u00e4.<\/p>\n<p>Parisuhde p\u00e4\u00e4ttyi<\/p>\n<p class=\"article-content article-content-width !bg-background\">Ty\u00f6n, treenaamisen ja toisinaan mallina esiintymisen lis\u00e4ksi on Markuksella riitt\u00e4nyt vuorokausiensa tunteja my\u00f6s rakkaudelle.<\/p>\n<p>        <a itemprop=\"url\" href=\"https:\/\/www.seiska.fi\/vain-seiskassa\/markus-raikkonen-suhdepaljastus\/1943901\" rel=\"nofollow noopener\" target=\"_blank\"><\/p>\n<p>\nAvautuu Seiskalle\n<\/p>\n<p class=\"section-date\">\n        <strong class=\"article-section\" data-section=\"vain seiskassa\"><br \/>\n            vain seiskassa<br \/>\n        <\/strong><br \/>\n        27.9. 18:50\n    <\/p>\n<p>Markus R\u00e4ikk\u00f6nen: Suhdepaljastus!\n    <\/p>\n<p itemprop=\"description\" class=\"subtitle \">\n    Markuksen suosikista ei j\u00e4\u00e4nyt ep\u00e4selvyytt\u00e4, sill\u00e4 h\u00e4n huusi kaljamuki k\u00e4dess\u00e4 kova\u00e4\u00e4nisesti \u201dMiskaa\u201d.\n<\/p>\n<p>        <\/a><\/p>\n<p class=\"article-content article-content-width !bg-background\">Sijoittajak\u00f6nsik\u00e4s paljasti Seiskalle syyskuussa F2F-kamppailuillassa Helsingiss\u00e4 olleensa viel\u00e4 vastik\u00e4\u00e4n parisuhteessa.<\/p>\n<p class=\"article-content article-content-width !bg-background\">\u2013 P\u00e4\u00e4tin juuri pidemm\u00e4n seurustelusuhteen, Markus kertoi.<\/p>\n","protected":false},"excerpt":{"rendered":"PANU H\u00d6RKK\u00d6 Markus R\u00e4ikk\u00f6nen yll\u00e4tt\u00e4\u00e4 avoimuudellaan. Sijoittajak\u00f6nsik\u00e4s el\u00e4\u00e4 kiireist\u00e4 el\u00e4m\u00e4\u00e4 suhatessaan ymp\u00e4ri maailmaa t\u00f6idens\u00e4 puitteissa. Katso arkistovideo: Markus&hellip;\n","protected":false},"author":2,"featured_media":63096,"comment_status":"","ping_status":"","sticky":false,"template":"","format":"standard","meta":{"footnotes":""},"categories":[136],"tags":[407,10909,137,33,31,30,408,212,6151,10813,2879,1496,1444,32,109],"class_list":{"0":"post-63095","1":"post","2":"type-post","3":"status-publish","4":"format-standard","5":"has-post-thumbnail","7":"category-julkkikset","8":"tag-celebrities","9":"tag-elama","10":"tag-entertainment","11":"tag-fi","12":"tag-finland","13":"tag-finnish","14":"tag-julkkikset","15":"tag-lifestyle","16":"tag-malli","17":"tag-mallintyo","18":"tag-markus-raikkonen","19":"tag-parisuhde","20":"tag-sijoittaminen","21":"tag-suomi","22":"tag-viihde"},"share_on_mastodon":{"url":"","error":""},"_links":{"self":[{"href":"https:\/\/www.europesays.com\/fi\/wp-json\/wp\/v2\/posts\/63095","targetHints":{"allow":["GET"]}}],"collection":[{"href":"https:\/\/www.europesays.com\/fi\/wp-json\/wp\/v2\/posts"}],"about":[{"href":"https:\/\/www.europesays.com\/fi\/wp-json\/wp\/v2\/types\/post"}],"author":[{"embeddable":true,"href":"https:\/\/www.europesays.com\/fi\/wp-json\/wp\/v2\/users\/2"}],"replies":[{"embeddable":true,"href":"https:\/\/www.europesays.com\/fi\/wp-json\/wp\/v2\/comments?post=63095"}],"version-history":[{"count":0,"href":"https:\/\/www.europesays.com\/fi\/wp-json\/wp\/v2\/posts\/63095\/revisions"}],"wp:featuredmedia":[{"embeddable":true,"href":"https:\/\/www.europesays.com\/fi\/wp-json\/wp\/v2\/media\/63096"}],"wp:attachment":[{"href":"https:\/\/www.europesays.com\/fi\/wp-json\/wp\/v2\/media?parent=63095"}],"wp:term":[{"taxonomy":"category","embeddable":true,"href":"https:\/\/www.europesays.com\/fi\/wp-json\/wp\/v2\/categories?post=63095"},{"taxonomy":"post_tag","embeddable":true,"href":"https:\/\/www.europesays.com\/fi\/wp-json\/wp\/v2\/tags?post=63095"}],"curies":[{"name":"wp","href":"https:\/\/api.w.org\/{rel}","templated":true}]}}