{"id":63179,"date":"2025-10-15T21:14:07","date_gmt":"2025-10-15T21:14:07","guid":{"rendered":"https:\/\/www.europesays.com\/fi\/63179\/"},"modified":"2025-10-15T21:14:07","modified_gmt":"2025-10-15T21:14:07","slug":"raju-oireisto-saikaytti-satu-silvon-sitten-lahdettiinkin-jo-sairaalaan","status":"publish","type":"post","link":"https:\/\/www.europesays.com\/fi\/63179\/","title":{"rendered":"Raju oireisto s\u00e4ik\u00e4ytti Satu Silvon &#8211; sitten l\u00e4hdettiinkin jo sairaalaan"},"content":{"rendered":"<p>Viime lauantaina Masked Singer Suomen hahmoksi paljastui yll\u00e4tt\u00e4en Satu Silvo. H\u00e4n oli loilotellut H\u00e4m\u00e4h\u00e4kin rooliasun takana. Kukaan etsivist\u00e4 ei ollut arvannut h\u00e4nen nime\u00e4\u00e4n koko kauden aikana, joten voitaisiin sanoa ett\u00e4 yll\u00e4tys oli varovaisestikin arvioituna silmit\u00f6n.<\/p>\n<p>Lauantain juhlahumu vaihtui kuitenkin arkeen p\u00e4\u00e4sty\u00e4 ik\u00e4vyyksiin.<\/p>\n<p>Syntt\u00e4rip\u00e4iv\u00e4n\u00e4 h\u00e4t\u00e4leikkaukseen<\/p>\n<p>Tiistaina Satu kertoo joutuneensa turvautumaan l\u00e4\u00e4k\u00e4rin apuun. Kyse on h\u00e4nen Martta-koirastaan.<\/p>\n<p>Tilanne oli vakava.<\/p>\n<p>Martta h\u00e4t\u00e4leikattiin.<\/p>\n<p>\u2013 Martta oksensi yht\u00e4kki\u00e4 iltap\u00e4iv\u00e4ll\u00e4 ja v\u00e4h\u00e4n ripuloikin sek\u00e4 t\u00e4risi. H\u00e4n tuntui kuumalta ja sanoin, ett\u00e4 l\u00e4hdemme saman tien el\u00e4insairaalaan, Satu valaisee.<\/p>\n<p>El\u00e4insairaalassa paljastui ett\u00e4 Martalla oli bakteerin aiheuttama tulehdus kohdussa. Tilaa kutsutaan m\u00e4rk\u00e4kohduksi.<\/p>\n<p>-Martta toipuu, Satu kertoi yhdeks\u00e4nvuotiaan karvaturrisissins\u00e4 tilasta. <\/p>\n<p>H\u00e4t\u00e4leikkaus onnistui. <\/p>\n<p>Reissussa oli my\u00f6s hauskoja piirteit\u00e4. El\u00e4inl\u00e4\u00e4k\u00e4ri nimitt\u00e4in huomasi papereista, ett\u00e4 Martalla oli syntym\u00e4p\u00e4iv\u00e4. Satu oli kaikessa h\u00e4d\u00e4ss\u00e4\u00e4n unohtanut sen. Onneksi kaikki k\u00e4\u00e4ntyi parhain p\u00e4in. Satu kertoi asioista sometarinoissaan.<\/p>\n<p>Lue my\u00f6s: <a href=\"https:\/\/www.como.fi\/uutiset\/satu-silvo-kertoi-sydantasarkevan-uutisen-tama-on-surullinen-paiva\/\" title=\"Satu Silvo kertoi syd\u00e4nt\u00e4s\u00e4rkev\u00e4n uutisen: \u201dT\u00e4m\u00e4 on surullinen p\u00e4iv\u00e4\u2026\u201d\" class=\"underline-custom !font-montserrat !font-bold !underline-offset-4 !decoration-4 !decoration-red-600 !text-md\" rel=\"nofollow noopener\" target=\"_blank\">Satu Silvo kertoi syd\u00e4nt\u00e4s\u00e4rkev\u00e4n uutisen: \u201dT\u00e4m\u00e4 on surullinen p\u00e4iv\u00e4\u2026\u201d<\/a><\/p>\n<p>Lue my\u00f6s: <a href=\"https:\/\/www.como.fi\/uutiset\/tiesitko-etta-heikki-kinnusen-ja-satu-silvon-kaunis-tytar-on-nayttelija-tekee-paaroolin-uutuuselokuvassa-katso-kuva\/\" title=\"Tiesitk\u00f6 ett\u00e4 Heikki Kinnusen ja Satu Silvon kaunis tyt\u00e4r on n\u00e4yttelij\u00e4 \u2013 tekee p\u00e4\u00e4roolin uutuuselokuvassa, katso kuva!\" class=\"underline-custom !font-montserrat !font-bold !underline-offset-4 !decoration-4 !decoration-red-600 !text-md\" rel=\"nofollow noopener\" target=\"_blank\">Tiesitk\u00f6 ett\u00e4 Heikki Kinnusen ja Satu Silvon kaunis tyt\u00e4r on n\u00e4yttelij\u00e4 \u2013 tekee p\u00e4\u00e4roolin uutuuselokuvassa, katso kuva!<\/a><\/p>\n<p>Lue my\u00f6s: <a href=\"https:\/\/www.como.fi\/tilaa-comon-uutiskirje\/\" title=\"Tilaa Comon uutiskirje ja tied\u00e4t mist\u00e4 kahvitauolla puhutaan! Nappaa kotimaan tv-vinkit ja puheenaiheet suoraan s\u00e4hk\u00f6postiin t\u00e4st\u00e4.\" class=\"underline-custom !font-montserrat !font-bold !underline-offset-4 !decoration-4 !decoration-red-600 !text-md\" rel=\"nofollow noopener\" target=\"_blank\">Tilaa Comon uutiskirje ja tied\u00e4t mist\u00e4 kahvitauolla puhutaan! Nappaa kotimaan tv-vinkit ja puheenaiheet suoraan s\u00e4hk\u00f6postiin t\u00e4st\u00e4.<\/a><\/p>\n","protected":false},"excerpt":{"rendered":"Viime lauantaina Masked Singer Suomen hahmoksi paljastui yll\u00e4tt\u00e4en Satu Silvo. H\u00e4n oli loilotellut H\u00e4m\u00e4h\u00e4kin rooliasun takana. Kukaan etsivist\u00e4&hellip;\n","protected":false},"author":2,"featured_media":63180,"comment_status":"","ping_status":"","sticky":false,"template":"","format":"standard","meta":{"footnotes":""},"categories":[130],"tags":[137,33,31,30,12372,32,109],"class_list":{"0":"post-63179","1":"post","2":"type-post","3":"status-publish","4":"format-standard","5":"has-post-thumbnail","7":"category-viihde","8":"tag-entertainment","9":"tag-fi","10":"tag-finland","11":"tag-finnish","12":"tag-satu-silvo","13":"tag-suomi","14":"tag-viihde"},"share_on_mastodon":{"url":"","error":""},"_links":{"self":[{"href":"https:\/\/www.europesays.com\/fi\/wp-json\/wp\/v2\/posts\/63179","targetHints":{"allow":["GET"]}}],"collection":[{"href":"https:\/\/www.europesays.com\/fi\/wp-json\/wp\/v2\/posts"}],"about":[{"href":"https:\/\/www.europesays.com\/fi\/wp-json\/wp\/v2\/types\/post"}],"author":[{"embeddable":true,"href":"https:\/\/www.europesays.com\/fi\/wp-json\/wp\/v2\/users\/2"}],"replies":[{"embeddable":true,"href":"https:\/\/www.europesays.com\/fi\/wp-json\/wp\/v2\/comments?post=63179"}],"version-history":[{"count":0,"href":"https:\/\/www.europesays.com\/fi\/wp-json\/wp\/v2\/posts\/63179\/revisions"}],"wp:featuredmedia":[{"embeddable":true,"href":"https:\/\/www.europesays.com\/fi\/wp-json\/wp\/v2\/media\/63180"}],"wp:attachment":[{"href":"https:\/\/www.europesays.com\/fi\/wp-json\/wp\/v2\/media?parent=63179"}],"wp:term":[{"taxonomy":"category","embeddable":true,"href":"https:\/\/www.europesays.com\/fi\/wp-json\/wp\/v2\/categories?post=63179"},{"taxonomy":"post_tag","embeddable":true,"href":"https:\/\/www.europesays.com\/fi\/wp-json\/wp\/v2\/tags?post=63179"}],"curies":[{"name":"wp","href":"https:\/\/api.w.org\/{rel}","templated":true}]}}