{"id":63211,"date":"2025-10-15T22:10:07","date_gmt":"2025-10-15T22:10:07","guid":{"rendered":"https:\/\/www.europesays.com\/fi\/63211\/"},"modified":"2025-10-15T22:10:07","modified_gmt":"2025-10-15T22:10:07","slug":"israelin-puolustusministeri-israel-jatkaa-sotatoimia-jos-hamas-ei-noudata-sopimusta-uutissuomalainen","status":"publish","type":"post","link":"https:\/\/www.europesays.com\/fi\/63211\/","title":{"rendered":"Israelin puolustusministeri: Israel jatkaa sotatoimia, jos Hamas ei noudata sopimusta | Uutissuomalainen"},"content":{"rendered":"<p>Israelin puolustusministeri Israel Katzin uhkaa maan jatkavan sotatoimiaan Gazassa, jos \u00e4\u00e4rij\u00e4rjest\u00f6 Hamas ei noudata aseleposopimuksen ehtoja.<\/p>\n<p>Ministerin kanslian julkaiseman lausunnon mukaan Katz on m\u00e4\u00e4r\u00e4nnyt asevoimia valmistelemaan suunnitelman Hamasin tuhoamiseksi.<\/p>\n<p>Keskiviikkona Hamas ilmoitti palauttaneensa Israelille kaikkien niiden panttivankien ruumiit, jotka se on pystynyt l\u00f6yt\u00e4m\u00e4\u00e4n. Uutissivusto <a href=\"https:\/\/www.axios.com\/2025\/10\/15\/israel-hamas-return-hostage-bodies-gaza-deal\" rel=\"nofollow noopener\" target=\"_blank\">Axiosin<\/a> viranomaisl\u00e4hteiden mukaan Israel on ilmoittanut Yhdysvalloille, ett\u00e4 tiedustelutietojen perusteella Hamasilla on hallussaan useampia ruumiita kuin j\u00e4rjest\u00f6 v\u00e4itt\u00e4\u00e4.<\/p>\n","protected":false},"excerpt":{"rendered":"Israelin puolustusministeri Israel Katzin uhkaa maan jatkavan sotatoimiaan Gazassa, jos \u00e4\u00e4rij\u00e4rjest\u00f6 Hamas ei noudata aseleposopimuksen ehtoja. Ministerin kanslian&hellip;\n","protected":false},"author":2,"featured_media":63212,"comment_status":"","ping_status":"","sticky":false,"template":"","format":"standard","meta":{"footnotes":""},"categories":[14],"tags":[802,804,820,22,23,26,27,33,31,30,17,24,25,803,28,29,15,18,21,637,2535,805,32,19,20,56,16,59,60,61],"class_list":{"0":"post-63211","1":"post","2":"type-post","3":"status-publish","4":"format-standard","5":"has-post-thumbnail","7":"category-ulkomaat","8":"tag-armeijat-ja-aseelliset-joukot","9":"tag-aseelliset-konfliktit","10":"tag-aseet","11":"tag-breaking-news","12":"tag-breakingnews","13":"tag-featured-news","14":"tag-featurednews","15":"tag-fi","16":"tag-finland","17":"tag-finnish","18":"tag-headlines","19":"tag-latest-news","20":"tag-latestnews","21":"tag-levottomuudet-ja-sodat","22":"tag-main-news","23":"tag-mainnews","24":"tag-news","25":"tag-otsikot","26":"tag-paauutiset","27":"tag-politiikka","28":"tag-puolustuspolitiikka","29":"tag-sota","30":"tag-suomi","31":"tag-top-stories","32":"tag-topstories","33":"tag-ulkomaat","34":"tag-uutiset","35":"tag-world","36":"tag-world-news","37":"tag-worldnews"},"share_on_mastodon":{"url":"","error":""},"_links":{"self":[{"href":"https:\/\/www.europesays.com\/fi\/wp-json\/wp\/v2\/posts\/63211","targetHints":{"allow":["GET"]}}],"collection":[{"href":"https:\/\/www.europesays.com\/fi\/wp-json\/wp\/v2\/posts"}],"about":[{"href":"https:\/\/www.europesays.com\/fi\/wp-json\/wp\/v2\/types\/post"}],"author":[{"embeddable":true,"href":"https:\/\/www.europesays.com\/fi\/wp-json\/wp\/v2\/users\/2"}],"replies":[{"embeddable":true,"href":"https:\/\/www.europesays.com\/fi\/wp-json\/wp\/v2\/comments?post=63211"}],"version-history":[{"count":0,"href":"https:\/\/www.europesays.com\/fi\/wp-json\/wp\/v2\/posts\/63211\/revisions"}],"wp:featuredmedia":[{"embeddable":true,"href":"https:\/\/www.europesays.com\/fi\/wp-json\/wp\/v2\/media\/63212"}],"wp:attachment":[{"href":"https:\/\/www.europesays.com\/fi\/wp-json\/wp\/v2\/media?parent=63211"}],"wp:term":[{"taxonomy":"category","embeddable":true,"href":"https:\/\/www.europesays.com\/fi\/wp-json\/wp\/v2\/categories?post=63211"},{"taxonomy":"post_tag","embeddable":true,"href":"https:\/\/www.europesays.com\/fi\/wp-json\/wp\/v2\/tags?post=63211"}],"curies":[{"name":"wp","href":"https:\/\/api.w.org\/{rel}","templated":true}]}}