{"id":63421,"date":"2025-10-16T05:01:12","date_gmt":"2025-10-16T05:01:12","guid":{"rendered":"https:\/\/www.europesays.com\/fi\/63421\/"},"modified":"2025-10-16T05:01:12","modified_gmt":"2025-10-16T05:01:12","slug":"tpslle-ikavia-uutisia-tahtihyokkaaja-pitkaan-sivussa-urheilua-lyhyesti","status":"publish","type":"post","link":"https:\/\/www.europesays.com\/fi\/63421\/","title":{"rendered":"TPS:lle ik\u00e4vi\u00e4 uutisia \u2013 t\u00e4htihy\u00f6kk\u00e4\u00e4j\u00e4 pitk\u00e4\u00e4n sivussa | Urheilua lyhyesti"},"content":{"rendered":"<p class=\"aw-1gybjub aw-5vja16 ghpEtB kjanFo yle__article__paragraph\">Aleksi Saarela on sivussa arviolta 6\u20138 viikkoa.<\/p>\n<p><img decoding=\"async\" alt=\"Aleksi Saarela j\u00e4\u00e4ll\u00e4.\" src=\"https:\/\/www.europesays.com\/fi\/wp-content\/uploads\/2025\/10\/39-153882368efa27e14ffe.jpeg\" class=\"aw-1l9m598 hKVVvP\"\/><\/p>\n<p>Avaa kuvien katselu<\/p>\n<p>Aleksi Saarela. Kuva: Elmeri Elo \/ All Over Press<\/p>\n<p>15.10. 16:39\u2022P\u00e4ivitetty 15.10. 16:44<\/p>\n<p class=\"aw-1gybjub aw-1p7kakr ghpEtB jtovHP yle__article__paragraph\">J\u00e4\u00e4kiekon SM-liigan TPS <a class=\"aw-iao6s4 iHOxEa yle__article__link\" href=\"https:\/\/hc.tps.fi\/fi-fi\/article\/uutiset\/turun-palloseuran-loukkaantumistilanne-ja-muut-poissaolot\/1494\/\" role=\"link\" rel=\"nofollow noopener\" target=\"_blank\">sai ik\u00e4vi\u00e4 uutisia<\/a>. Viime viikon KalPa-ottelussa loukkaantunut t\u00e4htihy\u00f6kk\u00e4\u00e4j\u00e4 <strong class=\"aw-ak79eh KyCXm yle__article__strong\">Aleksi Saarela<\/strong> on sivussa arviolta 6\u20138 viikkoa.<\/p>\n<p class=\"aw-1gybjub aw-1p7kakr ghpEtB jtovHP yle__article__paragraph\">28-vuotias Saarela siirtyi t\u00e4ksi kaudeksi Sveitsist\u00e4 Suomeen suorittaakseen asepalveluksen. H\u00e4n on tehnyt 11 ottelussa tehot 4+3.<\/p>\n<p class=\"aw-1gybjub aw-1p7kakr ghpEtB jtovHP yle__article__paragraph\">TPS tiedotti my\u00f6s, ett\u00e4 <strong class=\"aw-ak79eh KyCXm yle__article__strong\">Veli-Matti Savinaisen<\/strong> kuntoutuminen etenee odotetusti, ja t\u00e4m\u00e4nhetkisen arvion mukaan h\u00e4n palaa kokoonpanoon maajoukkuetaukoa edelt\u00e4v\u00e4ll\u00e4 viikolla. Maalivahti <strong class=\"aw-ak79eh KyCXm yle__article__strong\">Eetu M\u00e4kiniemi<\/strong> on my\u00f6s toistaiseksi sivussa, ja h\u00e4nen odotetaan palaavan maajoukkuetauon j\u00e4lkeen.<\/p>\n<p class=\"aw-1gybjub aw-1p7kakr ghpEtB jtovHP yle__article__paragraph\">TPS kohtaa t\u00e4ll\u00e4 viikolla Ilveksen kahdesti. <strong class=\"aw-ak79eh KyCXm yle__article__strong\">Jeremi Virtanen<\/strong> on kahden ottelun pelikiellon vuoksi sivussa molemmista otteluista.<\/p>\n<p class=\"aw-1gybjub aw-1p7kakr ghpEtB jtovHP yle__article__paragraph\">TPS on sarjataulukossa kymmenenten\u00e4.<\/p>\n","protected":false},"excerpt":{"rendered":"Aleksi Saarela on sivussa arviolta 6\u20138 viikkoa. Avaa kuvien katselu Aleksi Saarela. Kuva: Elmeri Elo \/ All Over&hellip;\n","protected":false},"author":2,"featured_media":63422,"comment_status":"","ping_status":"","sticky":false,"template":"","format":"standard","meta":{"footnotes":""},"categories":[158],"tags":[8328,33,31,30,1143,2973,159,32,9077,160],"class_list":{"0":"post-63421","1":"post","2":"type-post","3":"status-publish","4":"format-standard","5":"has-post-thumbnail","7":"category-urheilu","8":"tag-aleksi-saarela","9":"tag-fi","10":"tag-finland","11":"tag-finnish","12":"tag-jaakiekko","13":"tag-sm-liiga","14":"tag-sports","15":"tag-suomi","16":"tag-tps-jaakiekon-miesten-liiga","17":"tag-urheilu"},"share_on_mastodon":{"url":"","error":""},"_links":{"self":[{"href":"https:\/\/www.europesays.com\/fi\/wp-json\/wp\/v2\/posts\/63421","targetHints":{"allow":["GET"]}}],"collection":[{"href":"https:\/\/www.europesays.com\/fi\/wp-json\/wp\/v2\/posts"}],"about":[{"href":"https:\/\/www.europesays.com\/fi\/wp-json\/wp\/v2\/types\/post"}],"author":[{"embeddable":true,"href":"https:\/\/www.europesays.com\/fi\/wp-json\/wp\/v2\/users\/2"}],"replies":[{"embeddable":true,"href":"https:\/\/www.europesays.com\/fi\/wp-json\/wp\/v2\/comments?post=63421"}],"version-history":[{"count":0,"href":"https:\/\/www.europesays.com\/fi\/wp-json\/wp\/v2\/posts\/63421\/revisions"}],"wp:featuredmedia":[{"embeddable":true,"href":"https:\/\/www.europesays.com\/fi\/wp-json\/wp\/v2\/media\/63422"}],"wp:attachment":[{"href":"https:\/\/www.europesays.com\/fi\/wp-json\/wp\/v2\/media?parent=63421"}],"wp:term":[{"taxonomy":"category","embeddable":true,"href":"https:\/\/www.europesays.com\/fi\/wp-json\/wp\/v2\/categories?post=63421"},{"taxonomy":"post_tag","embeddable":true,"href":"https:\/\/www.europesays.com\/fi\/wp-json\/wp\/v2\/tags?post=63421"}],"curies":[{"name":"wp","href":"https:\/\/api.w.org\/{rel}","templated":true}]}}