{"id":63436,"date":"2025-10-16T05:27:09","date_gmt":"2025-10-16T05:27:09","guid":{"rendered":"https:\/\/www.europesays.com\/fi\/63436\/"},"modified":"2025-10-16T05:27:09","modified_gmt":"2025-10-16T05:27:09","slug":"ilveksen-tahtivahdista-vaarallisia-merkkeja-karri-ramo-avaa-myos-syita-loukkaantumisille-urheilua-lyhyesti","status":"publish","type":"post","link":"https:\/\/www.europesays.com\/fi\/63436\/","title":{"rendered":"Ilveksen t\u00e4htivahdista vaarallisia merkkej\u00e4 \u2013 Karri R\u00e4m\u00f6 avaa my\u00f6s syit\u00e4 loukkaantumisille | Urheilua lyhyesti"},"content":{"rendered":"<p class=\"aw-1gybjub aw-1p7kakr ghpEtB jtovHP yle__article__paragraph\">J\u00e4\u00e4kiekon SM-liigan maalivahtien suhteen on riitt\u00e4nyt alkukaudella monia k\u00e4\u00e4nteit\u00e4. Jo ensimm\u00e4isill\u00e4 viikoilla n\u00e4htiin kovia menetyksi\u00e4, kun muun muassa sarjan viime kauden paras maalivahti <strong class=\"aw-ak79eh KyCXm yle__article__strong\">Niklas Rubin<\/strong> ja entinen NHL-vahti <strong class=\"aw-ak79eh KyCXm yle__article__strong\">Antti Raanta<\/strong> loukkaantuivat.<\/p>\n<p class=\"aw-1gybjub aw-1p7kakr ghpEtB jtovHP yle__article__paragraph\">Viime aikoina on puhuttanut puolestaan Ilveksen maalivahtitilanne. Viime kaudella loistokauden pelannut t\u0161ekkivahti <strong class=\"aw-ak79eh KyCXm yle__article__strong\">Dominik Pavlat<\/strong> on ollut jopa pulassa.<\/p>\n<p class=\"aw-1gybjub aw-1p7kakr ghpEtB jtovHP yle__article__paragraph\">Yle Urheilun asiantuntija <strong class=\"aw-ak79eh KyCXm yle__article__strong\">Karri R\u00e4m\u00f6n<\/strong> mukaan t\u0161ekkivahdin tekemisess\u00e4 on ollut CHL:n ensimm\u00e4isist\u00e4 otteluista l\u00e4htien rauhattomuutta. R\u00e4m\u00f6n mukaan alkukaudella on ollut muutenkin vaarallisia piirteit\u00e4.<\/p>\n<p class=\"aw-1gybjub aw-1p7kakr ghpEtB jtovHP yle__article__paragraph\">\u2013 Varsinkin, kun puhumme maskivedoista ja taistelusta, niin h\u00e4n on todella heikosti yritt\u00e4nyt etsi\u00e4 kiekkoa, R\u00e4m\u00f6 sanoo.<\/p>\n<p class=\"aw-1gybjub aw-1p7kakr ghpEtB jtovHP yle__article__paragraph\">\u2013 Useimmiten ovat k\u00e4det n\u00e4ytt\u00e4neet silt\u00e4, ett\u00e4 syytell\u00e4\u00e4n muita pelaajia, ett\u00e4 taas kiekko meni maaliin. On v\u00e4h\u00e4n vaarallisia merkkej\u00e4, asiantuntija jatkaa.<\/p>\n<p><img decoding=\"async\" alt=\"Pavlat tuimalla katseella.\" src=\"https:\/\/www.europesays.com\/fi\/wp-content\/uploads\/2025\/10\/39-153876268ef9a49c9851.jpeg\" loading=\"lazy\" class=\"aw-1l9m598 hKVVvP\"\/><\/p>\n<p>Avaa kuvien katselu<\/p>\n<p>Pavlatilla ei ole ollut alkukaudella syyt\u00e4 hymyyn. Kuva: Mika Kylm\u00e4niemi \/ All Over Press<\/p>\n<p class=\"aw-1gybjub aw-1p7kakr ghpEtB jtovHP yle__article__paragraph\">Pavlat on p\u00e4\u00e4st\u00e4nyt t\u00e4ll\u00e4 kaudella viisi osumaa maaliodottamaa enemm\u00e4n. H\u00e4n on kaukana viime vuoden tasostaan ja SM-liigan parhaista vahdeista.<\/p>\n<p class=\"aw-1gybjub aw-1p7kakr ghpEtB jtovHP yle__article__paragraph\">\u2013 Pavlat on ollut yksi iso ongelma Ilveksen tilanteessa, mutta kausi on viel\u00e4 nuori. Ilveksell\u00e4 on eritt\u00e4in hyv\u00e4 ja kokenut maalivahtivalmentaja (<strong class=\"aw-ak79eh KyCXm yle__article__strong\">Markus Korhonen<\/strong>), joka p\u00e4ivitt\u00e4in ty\u00f6st\u00e4\u00e4 parempaan suuntaan, R\u00e4m\u00f6 sanoo.<\/p>\n<p>Nuori vahti joutui kovaan paikkaan<\/p>\n<p class=\"aw-1gybjub aw-1p7kakr ghpEtB jtovHP yle__article__paragraph\">Loukkaantuneista Raanta on jo palannut kaukaloon, mutta Rubin on sivussa ainakin marraskuun maajoukkuetaukoon saakka. R\u00e4m\u00f6n mukaan l\u00e4hes kaksi kuukautta sivussa olevan ruotsalaisen suhteen olisi voitu tehd\u00e4 j\u00e4rkev\u00e4mpi\u00e4kin p\u00e4\u00e4t\u00f6ksi\u00e4.<\/p>\n<p class=\"aw-1gybjub aw-1p7kakr ghpEtB jtovHP yle__article__paragraph\">\u2013 H\u00e4n loukkaantui pitk\u00e4ksi aikaa viime kaudella ja nyt loukkaantui uudestaan. Kyll\u00e4 se antaa osviittaa, ett\u00e4 h\u00e4nen peluutuksensa suhteen olisi voitu tehd\u00e4 j\u00e4rkev\u00e4mpi\u00e4kin valintoja, R\u00e4m\u00f6 sanoo.<\/p>\n<p><img decoding=\"async\" alt=\"Niklas Rubin torjumassa.\" src=\"https:\/\/www.europesays.com\/fi\/wp-content\/uploads\/2025\/10\/39-153876368ef9a4a6e039.jpeg\" loading=\"lazy\" class=\"aw-1l9m598 hKVVvP\"\/><\/p>\n<p>Avaa kuvien katselu<\/p>\n<p>Niklas Rubin pelasi \u00c4ssiss\u00e4 kolme kautta ja siirtyi t\u00e4ksi kaudeksi K\u00e4rppiin. Ruotsalainen valittiin viime kaudella sarjan parhaaksi maalivahdiksi. Kuva: Tomi H\u00e4nninen\/Chilipictures<\/p>\n<p class=\"aw-1gybjub aw-1p7kakr ghpEtB jtovHP yle__article__paragraph\">Rubin pelasi K\u00e4rppien kaikki ottelut ennen loukkaantumistaan. Nuori <strong class=\"aw-ak79eh KyCXm yle__article__strong\">Visa Vedenp\u00e4\u00e4<\/strong> ei saanut vastuuta, mutta joutui pelaamaan ensimm\u00e4iset liigaottelunsa uransa kovimpaan paikkaan.<\/p>\n<p class=\"aw-1gybjub aw-1p7kakr ghpEtB jtovHP yle__article__paragraph\">\u2013 H\u00e4nelle olisi ollut helpompaa pelata suunnitellusti kuin niin, ett\u00e4 kaikki pelit pelannut ykk\u00f6svahti loukkaantuu ja h\u00e4n joutuu sitten maaliin.<\/p>\n<p>Useita loukkaantuneita<\/p>\n<p class=\"aw-1gybjub aw-1p7kakr ghpEtB jtovHP yle__article__paragraph\">Alkukaudella ovat loukkaantuneet my\u00f6s muun muassa Sportin <strong class=\"aw-ak79eh KyCXm yle__article__strong\">Miroslav Svoboda<\/strong>, TPS:n <strong class=\"aw-ak79eh KyCXm yle__article__strong\">Eetu M\u00e4kiniemi<\/strong> sek\u00e4 HIFK:n kaksikko <strong class=\"aw-ak79eh KyCXm yle__article__strong\">Niko Hovinen<\/strong>\u2013<strong class=\"aw-ak79eh KyCXm yle__article__strong\">Paavo Kohonen<\/strong>.<\/p>\n<p class=\"aw-1gybjub aw-1p7kakr ghpEtB jtovHP yle__article__paragraph\">R\u00e4m\u00f6n mukaan loukkaantumiset johtuvat usein kuormasta. My\u00f6s aiempi loukkaantumishistoria lis\u00e4\u00e4 riski\u00e4 vamman uusiutumiseen.<\/p>\n<p class=\"aw-1gybjub aw-1p7kakr ghpEtB jtovHP yle__article__paragraph\">\u2013 Usein ne johtuvat kuitenkin siit\u00e4, ett\u00e4 pelim\u00e4\u00e4r\u00e4 ja kuorma ovat olleet todella suuria, R\u00e4m\u00f6 sanoo.<\/p>\n<p class=\"aw-1gybjub aw-1p7kakr ghpEtB jtovHP yle__article__paragraph\">Osa maalivahdeista pelaa enemm\u00e4n, sill\u00e4 esimerkiksi K\u00e4rpill\u00e4, JYPill\u00e4, Lukolla ja KalPalla on ollut nuoria kokemattomampia maalivahteja. Asiantuntijan mukaan kuorman merkitys korostuu juuri alkukaudella.<\/p>\n<p class=\"aw-1gybjub aw-1p7kakr ghpEtB jtovHP yle__article__paragraph\">Ennen kautta on harjoiteltu todella paljon ja kovaa. Sen j\u00e4lkeen on pelej\u00e4 nopealla tahdilla.<\/p>\n<p class=\"aw-1gybjub aw-1p7kakr ghpEtB jtovHP yle__article__paragraph\">\u2013 Uskon, ett\u00e4 osassa n\u00e4ist\u00e4 loukkaantumisista on varmasti n\u00e4ytellyt roolia, ett\u00e4 on pelattu noin paljon eik\u00e4 ole jaettu kuormaa alusta alkaen.<\/p>\n<p><img decoding=\"async\" alt=\"Antti Raanta maalilla.\" src=\"https:\/\/www.europesays.com\/fi\/wp-content\/uploads\/2025\/10\/39-153876468ef9a4a7236f.jpeg\" loading=\"lazy\" class=\"aw-1l9m598 hKVVvP\"\/><\/p>\n<p>Avaa kuvien katselu<\/p>\n<p>Lukon t\u00e4htivahti Antti Raanta on jo palannut kaukaloon.  Kuva: All Over Press<\/p>\n<p class=\"aw-1gybjub aw-1p7kakr ghpEtB jtovHP yle__article__paragraph\">Osa SM-liigavahdeista on pelannut todella paljon. Esimerkiksi KalPan <strong class=\"aw-ak79eh KyCXm yle__article__strong\">Stefanos Lekkas<\/strong> on aloittanut joukkueensa kaikki ottelut SM-liigassa. Yhdysvaltalainen on huilannut ainoastaan CHL:ss\u00e4.<\/p>\n<p class=\"aw-1gybjub aw-1p7kakr ghpEtB jtovHP yle__article__paragraph\">\u2013 H\u00e4n on ollut huipputikiss\u00e4 ja kest\u00e4nyt t\u00e4h\u00e4n menness\u00e4 kuorman. Kun s\u00e4\u00e4t t\u00e4st\u00e4 kylmenev\u00e4t, p\u00e4iv\u00e4t lyhenev\u00e4t ja tulee pime\u00e4mp\u00e4\u00e4, se todellinen graindaus vasta alkaa, R\u00e4m\u00f6 sanoo.<\/p>\n<p><img decoding=\"async\" alt=\"Maalivahti maalissa.\" src=\"https:\/\/www.europesays.com\/fi\/wp-content\/uploads\/2025\/10\/39-153875868ef9a47d843d.jpeg\" loading=\"lazy\" class=\"aw-1l9m598 hKVVvP\"\/><\/p>\n<p>Avaa kuvien katselu<\/p>\n<p>Stefanos Lekkas on kantanut vastuuta KalPan maalilla.  Kuva: Tomi H\u00e4nninen\/Chilipictures<\/p>\n<p class=\"aw-1gybjub aw-1p7kakr ghpEtB jtovHP yle__article__paragraph\">Alasvetovalikosta voi tarkastella, miten ottelut ovat jakautuneet eri maalivahdeille. Huomioitu joukkueen kaksi eniten pelannutta maalivahtia.<\/p>\n<p>Harjoittelu j\u00e4\u00e4 v\u00e4hemm\u00e4lle<\/p>\n<p class=\"aw-1gybjub aw-1p7kakr ghpEtB jtovHP yle__article__paragraph\">Marraskuun pimenevill\u00e4 illoilla on vaikutusta monen ihmisen vireystilaan, eiv\u00e4tk\u00e4 urheilijat ole poikkeus. T\u00e4m\u00e4 yhdistettyn\u00e4 per\u00e4kk\u00e4isten p\u00e4ivien otteluille ja harjoittelulle ei ole paras yhdistelm\u00e4.<\/p>\n<p class=\"aw-1gybjub aw-1p7kakr ghpEtB jtovHP yle__article__paragraph\">Asiantuntijan mukaan ehk\u00e4 suurin ongelma on kuitenkin harjoittelun m\u00e4\u00e4r\u00e4 ja laatu. Jos pelaa paljon, ei v\u00e4ltt\u00e4m\u00e4tt\u00e4 pysty panostamaan harjoitteluun. Pelk\u00e4st\u00e4\u00e4n pelaamalla on vaikeaa vied\u00e4 kautta l\u00e4pi.<\/p>\n<p class=\"aw-1gybjub aw-1p7kakr ghpEtB jtovHP yle__article__paragraph\">\u2013 Silloin teknisten asioiden ja muiden l\u00e4pik\u00e4ymiseen ei j\u00e4\u00e4 hirve\u00e4sti aikaa, R\u00e4m\u00f6 sanoo.<\/p>\n<p><img decoding=\"async\" alt=\"Joni Ortio maalilla.\" src=\"https:\/\/www.europesays.com\/fi\/wp-content\/uploads\/2025\/10\/39-153550668e6b60d9dc91.jpeg\" loading=\"lazy\" class=\"aw-1l9m598 hKVVvP\"\/><\/p>\n<p>Avaa kuvien katselu<\/p>\n<p>Sport reagoi loukkaantumiseen palkkaamalla Joni Ortion maalinsa suulle. Kuva: All Over Press<\/p>\n<p class=\"aw-1gybjub aw-1p7kakr ghpEtB jtovHP yle__article__paragraph\">Viime aikoina on jopa spekuloitu, voiko l\u00e4mpim\u00e4n syksyn takia pehmennyt j\u00e4\u00e4 aiheuttaa maalivahdeille loukkaantumisia. R\u00e4m\u00f6n mukaan se voi olla jonkinlaisessa roolissa, mutta h\u00e4n muistuttaa, ett\u00e4 j\u00e4\u00e4kiekkoa pelataan muutenkin todella l\u00e4mpimiss\u00e4 paikoissa.<\/p>\n<p class=\"aw-1gybjub aw-1p7kakr ghpEtB jtovHP yle__article__paragraph\">\u2013 Kyll\u00e4 hallit saadaan varsinkin peleihin aika kylmiksi ja j\u00e4\u00e4 v\u00e4hint\u00e4\u00e4n turvalliseksi. Harjoitteleminen tietenkin saattaa tapahtua huonommalla j\u00e4\u00e4ll\u00e4, R\u00e4m\u00f6 sanoo ja vertaa NHL:\u00e4\u00e4n:<\/p>\n<p class=\"aw-1gybjub aw-1p7kakr ghpEtB jtovHP yle__article__paragraph\">\u2013 Jos mietit\u00e4\u00e4n Floridaa, niin siell\u00e4 yleens\u00e4 p\u00e4\u00e4hallissa j\u00e4\u00e4 on todella pehme\u00e4 ja huono. Tietenkin se voi pient\u00e4 roolia n\u00e4ytt\u00e4\u00e4, mutta ei se ole erikoista tai tavallisuudesta poikkeavaa.<\/p>\n<p>T\u0161ekkivahdit loistavat SM-liigassa<\/p>\n<p class=\"aw-1gybjub aw-1p7kakr ghpEtB jtovHP yle__article__paragraph\">SM-liigassa on n\u00e4hty viime vuosina useita t\u0161ekkiveskareita. Vaikka Pavlatilla on vaikeampaa, h\u00e4nen maanmiehens\u00e4 <strong class=\"aw-ak79eh KyCXm yle__article__strong\">Jan Bedn\u00e1\u0159<\/strong> on ollut sarjak\u00e4rki \u00c4ssiss\u00e4 huippuvireess\u00e4.<\/p>\n<p class=\"aw-1gybjub aw-1p7kakr ghpEtB jtovHP yle__article__paragraph\">Niklas Rubinin paikan ottanut maalivahti on torjunut yli kuusi maalia maaliodottamaa paremmin. Torjuntaprosentti on 92,5.<\/p>\n<p class=\"aw-1gybjub aw-1p7kakr ghpEtB jtovHP yle__article__paragraph\">\u2013 H\u00e4nell\u00e4 on hyv\u00e4t raamit ja takana on hyvi\u00e4 kausia. On ollut eritt\u00e4in hienoa, ett\u00e4 h\u00e4n on ottanut my\u00f6s SM-liigassa ison roolin ja on pystynyt toimittamaan. My\u00f6s \u00c4ssill\u00e4 toinen maalivahti <strong class=\"aw-ak79eh KyCXm yle__article__strong\">Filip Lindberg<\/strong> loukkaantui, joten tiedossa on enemm\u00e4n vastuuta.<\/p>\n<p><img decoding=\"async\" alt=\"Bednard torjuu kiekon.\" src=\"https:\/\/www.europesays.com\/fi\/wp-content\/uploads\/2025\/10\/39-153875968ef9a48043a3.jpeg\" loading=\"lazy\" class=\"aw-1l9m598 hKVVvP\"\/><\/p>\n<p>Avaa kuvien katselu<\/p>\n<p>Bedn\u00e1\u0159 on ottanut useita isoja koppeja porilaisille. Kuva: All Over Press<\/p>\n<p class=\"aw-1gybjub aw-1p7kakr ghpEtB jtovHP yle__article__paragraph\">Niin ik\u00e4\u00e4n t\u0161ekkil\u00e4inen <strong class=\"aw-ak79eh KyCXm yle__article__strong\">Patrik Barto\u0161\u00e1k<\/strong> on ollut tulikuuma Pelicansin maalilla. Yhdeks\u00e4n maalia yli odottaman torjunut vahti on ollut suurin syy, ett\u00e4 lahtelaiset ovat saaneet pisteit\u00e4.<\/p>\n<p class=\"aw-1gybjub aw-1p7kakr ghpEtB jtovHP yle__article__paragraph\">\u2013 H\u00e4n on t\u00e4ll\u00e4 hetkell\u00e4 koko SM-liigassa yksi t\u00e4rkeimmist\u00e4 yksitt\u00e4isist\u00e4 pelaajista joukkueelleen. H\u00e4n on pystynyt pelk\u00e4st\u00e4\u00e4n itse torjumaan pisteit\u00e4 ja pit\u00e4m\u00e4\u00e4n Pelicansin mukana, R\u00e4m\u00f6 sanoo.<\/p>\n","protected":false},"excerpt":{"rendered":"J\u00e4\u00e4kiekon SM-liigan maalivahtien suhteen on riitt\u00e4nyt alkukaudella monia k\u00e4\u00e4nteit\u00e4. Jo ensimm\u00e4isill\u00e4 viikoilla n\u00e4htiin kovia menetyksi\u00e4, kun muun muassa&hellip;\n","protected":false},"author":2,"featured_media":63437,"comment_status":"","ping_status":"","sticky":false,"template":"","format":"standard","meta":{"footnotes":""},"categories":[158],"tags":[33,31,30,1143,8929,2973,159,32,160],"class_list":{"0":"post-63436","1":"post","2":"type-post","3":"status-publish","4":"format-standard","5":"has-post-thumbnail","7":"category-urheilu","8":"tag-fi","9":"tag-finland","10":"tag-finnish","11":"tag-jaakiekko","12":"tag-karri-ramo","13":"tag-sm-liiga","14":"tag-sports","15":"tag-suomi","16":"tag-urheilu"},"share_on_mastodon":{"url":"","error":""},"_links":{"self":[{"href":"https:\/\/www.europesays.com\/fi\/wp-json\/wp\/v2\/posts\/63436","targetHints":{"allow":["GET"]}}],"collection":[{"href":"https:\/\/www.europesays.com\/fi\/wp-json\/wp\/v2\/posts"}],"about":[{"href":"https:\/\/www.europesays.com\/fi\/wp-json\/wp\/v2\/types\/post"}],"author":[{"embeddable":true,"href":"https:\/\/www.europesays.com\/fi\/wp-json\/wp\/v2\/users\/2"}],"replies":[{"embeddable":true,"href":"https:\/\/www.europesays.com\/fi\/wp-json\/wp\/v2\/comments?post=63436"}],"version-history":[{"count":0,"href":"https:\/\/www.europesays.com\/fi\/wp-json\/wp\/v2\/posts\/63436\/revisions"}],"wp:featuredmedia":[{"embeddable":true,"href":"https:\/\/www.europesays.com\/fi\/wp-json\/wp\/v2\/media\/63437"}],"wp:attachment":[{"href":"https:\/\/www.europesays.com\/fi\/wp-json\/wp\/v2\/media?parent=63436"}],"wp:term":[{"taxonomy":"category","embeddable":true,"href":"https:\/\/www.europesays.com\/fi\/wp-json\/wp\/v2\/categories?post=63436"},{"taxonomy":"post_tag","embeddable":true,"href":"https:\/\/www.europesays.com\/fi\/wp-json\/wp\/v2\/tags?post=63436"}],"curies":[{"name":"wp","href":"https:\/\/api.w.org\/{rel}","templated":true}]}}