{"id":63493,"date":"2025-10-16T06:47:08","date_gmt":"2025-10-16T06:47:08","guid":{"rendered":"https:\/\/www.europesays.com\/fi\/63493\/"},"modified":"2025-10-16T06:47:08","modified_gmt":"2025-10-16T06:47:08","slug":"myrkytetyn-suden-reviirilla-mahdollisesti-uusi-alfapari-metsa","status":"publish","type":"post","link":"https:\/\/www.europesays.com\/fi\/63493\/","title":{"rendered":"Myrkytetyn suden reviirill\u00e4 mahdollisesti uusi alfapari &#8211; Mets\u00e4"},"content":{"rendered":"<p>Kantava alfanaaras kuoli myrkytykseen Kivesj\u00e4rven susireviirill\u00e4 maaliskuussa. Sen j\u00e4lkeen lauma hajosi.<\/p>\n<p><a class=\"ArticleImage_imageContainer__e0EST\" href=\"https:\/\/www.europesays.com\/fi\/wp-content\/uploads\/2025\/10\/wLhPU3kO2b8zZeV4RU_KxDJo8QM.jpg\"><img decoding=\"async\" src=\"https:\/\/www.europesays.com\/fi\/wp-content\/uploads\/2025\/10\/wLhPU3kO2b8zZeV4RU_KxDJo8QM.jpg\" alt=\"Kivesj\u00e4rven reviirill\u00e4 sudesta saatu riistakameran kuva.\" loading=\"lazy\"\/><\/a><\/p>\n<p>Kivesj\u00e4rven reviirill\u00e4 sudesta saatu riistakameran kuva.\u00a0Kuva: Kivesj\u00e4rven susity\u00f6ryhm\u00e4<\/p>\n<p class=\"RichTextParagraph_richTextParagraph__Wxs3t undefined\">Puolangalta l\u00f6ytyi kev\u00e4\u00e4ll\u00e4 kuollut susi, joka oli tapettu eritt\u00e4in vaarallisella strykniini-myrkyll\u00e4. Paltamon, Vaalan ja Puolangan susireviiriyhteisty\u00f6ryhm\u00e4 on selvitt\u00e4nyt alueen susitilannekuvaa alfanaaraan kuoleman j\u00e4lkeen. <\/p>\n<p class=\"RichTextParagraph_richTextParagraph__Wxs3t undefined\">Luonnonvarakeskus on m\u00e4\u00e4ritellyt Paltamon, Vaalan ja Puolangan alueelle niin sanotun Kivesj\u00e4rven susireviirin.<\/p>\n<p class=\"RichTextParagraph_richTextParagraph__Wxs3t undefined\">Kivesj\u00e4rven reviirill\u00e4 on saatu kes\u00e4kuussa luotettavaksi arvioitu n\u00e4k\u00f6havainto naarassudesta, jota oli seurannut viisi pentua. T\u00e4t\u00e4 voidaan ty\u00f6ryhm\u00e4n mukaan pit\u00e4\u00e4 yll\u00e4tt\u00e4v\u00e4n\u00e4 tietona, koska yleens\u00e4 susireviirill\u00e4 lis\u00e4\u00e4ntyy vain yksi alfapari. <\/p>\n<p class=\"RichTextParagraph_richTextParagraph__Wxs3t undefined\">Ty\u00f6ryhm\u00e4n tiedotteen mukaan kyseess\u00e4 voi olla esimerkiksi myrkytetyn alfanaaraan edellisen vuoden pentu, joka on tullut kev\u00e4\u00e4ll\u00e4 kiimaan ja l\u00f6yt\u00e4nyt kumppanin. Parittelukumppani voi olla my\u00f6s lauman alfauros. Is\u00e4\u2013tyt\u00e4r- tai my\u00f6s \u00e4iti\u2013poika-pariutuminen on susilla samalla tavalla mahdollista kuin koirilla, jos kumppani \u00e4killisesti menehtyy.<\/p>\n<p class=\"RichTextParagraph_richTextParagraph__Wxs3t undefined\">Kivesj\u00e4rven reviirill\u00e4 liikkuvien on hyv\u00e4 huomioida, ett\u00e4 alueelle on mahdollisesti muodostunut uusi lauma. Sen ravinnon tarve ja liikkuminen kasvavat pentujen varttuessa.<\/p>\n<p class=\"RichTextParagraph_richTextParagraph__Wxs3t undefined\">Ty\u00f6ryhm\u00e4n mukaan se, onko alueella uusi alfapari, varmistuu syksyn edetess\u00e4 ja viimeist\u00e4\u00e4n lumien tultua. N\u00e4k\u00f6-, riistakamerakuva- ja j\u00e4lkihavainnot tulisi saada Luonnonvarakeskuksen Tassu-j\u00e4rjestelm\u00e4\u00e4n.<\/p>\n<p class=\"RichTextParagraph_richTextParagraph__Wxs3t undefined\">Reviirity\u00f6ryhm\u00e4 toivoo, ett\u00e4 paikalliset asukkaat, luonnossa liikkuvat ja mets\u00e4stysseurat ilmoittaisivat havaintoja aktiivisesti alueen riistanhoitoyhdistyksille ja suurpetoyhdyshenkil\u00f6ille.<\/p>\n","protected":false},"excerpt":{"rendered":"Kantava alfanaaras kuoli myrkytykseen Kivesj\u00e4rven susireviirill\u00e4 maaliskuussa. Sen j\u00e4lkeen lauma hajosi. Kivesj\u00e4rven reviirill\u00e4 sudesta saatu riistakameran kuva.\u00a0Kuva: Kivesj\u00e4rven&hellip;\n","protected":false},"author":2,"featured_media":63494,"comment_status":"","ping_status":"","sticky":false,"template":"","format":"standard","meta":{"footnotes":""},"categories":[112],"tags":[33,31,30,118,32,119],"class_list":{"0":"post-63493","1":"post","2":"type-post","3":"status-publish","4":"format-standard","5":"has-post-thumbnail","7":"category-tiede","8":"tag-fi","9":"tag-finland","10":"tag-finnish","11":"tag-science","12":"tag-suomi","13":"tag-tiede"},"share_on_mastodon":{"url":"","error":""},"_links":{"self":[{"href":"https:\/\/www.europesays.com\/fi\/wp-json\/wp\/v2\/posts\/63493","targetHints":{"allow":["GET"]}}],"collection":[{"href":"https:\/\/www.europesays.com\/fi\/wp-json\/wp\/v2\/posts"}],"about":[{"href":"https:\/\/www.europesays.com\/fi\/wp-json\/wp\/v2\/types\/post"}],"author":[{"embeddable":true,"href":"https:\/\/www.europesays.com\/fi\/wp-json\/wp\/v2\/users\/2"}],"replies":[{"embeddable":true,"href":"https:\/\/www.europesays.com\/fi\/wp-json\/wp\/v2\/comments?post=63493"}],"version-history":[{"count":0,"href":"https:\/\/www.europesays.com\/fi\/wp-json\/wp\/v2\/posts\/63493\/revisions"}],"wp:featuredmedia":[{"embeddable":true,"href":"https:\/\/www.europesays.com\/fi\/wp-json\/wp\/v2\/media\/63494"}],"wp:attachment":[{"href":"https:\/\/www.europesays.com\/fi\/wp-json\/wp\/v2\/media?parent=63493"}],"wp:term":[{"taxonomy":"category","embeddable":true,"href":"https:\/\/www.europesays.com\/fi\/wp-json\/wp\/v2\/categories?post=63493"},{"taxonomy":"post_tag","embeddable":true,"href":"https:\/\/www.europesays.com\/fi\/wp-json\/wp\/v2\/tags?post=63493"}],"curies":[{"name":"wp","href":"https:\/\/api.w.org\/{rel}","templated":true}]}}