{"id":63512,"date":"2025-10-16T07:12:09","date_gmt":"2025-10-16T07:12:09","guid":{"rendered":"https:\/\/www.europesays.com\/fi\/63512\/"},"modified":"2025-10-16T07:12:09","modified_gmt":"2025-10-16T07:12:09","slug":"albert-jarvinen-ex-vaimo-paljastaa-totuuden-muusikon-kuolemasta-suorat-sanat-remusta-ja-kojosta","status":"publish","type":"post","link":"https:\/\/www.europesays.com\/fi\/63512\/","title":{"rendered":"Albert J\u00e4rvinen: Ex-vaimo paljastaa totuuden muusikon kuolemasta &#8211; suorat sanat Remusta ja Kojosta"},"content":{"rendered":"<p>            Keijo Laajisto \/ Museovirasto\n        <\/p>\n<p class=\"subtitle \">Aikku J\u00e4rvinen uskoo kitaristin pysyneen raittiina kuolemaansa asti.<\/p>\n<p class=\"article-content article-content-width !bg-background\">Kitaristi  menehtyi 24. maaliskuuta 1991 ollessaan keikkamatkalla Lontoossa.\u00a0<\/p>\n<p class=\"article-content article-content-width !bg-background\">40-vuotiaan soittajan viimeisist\u00e4 hetkist\u00e4 on liikkunut erilaisia versioita. Nyt Albertin ex-vaimo  paljastaa oman n\u00e4kemyksens\u00e4 kitaristin kuolemaa edelt\u00e4vist\u00e4 ajoista<a href=\"https:\/\/www.youtube.com\/watch?v=ZzyojKGSuLM\" target=\"_blank\" rel=\"nofollow noopener\"> Edvin Sora -podcastissa<\/a>.\u00a0<\/p>\n<p>        <a itemprop=\"url\" href=\"https:\/\/www.seiska.fi\/kotimaa\/ile-kallio-paljastaa-uutuuskirjassa-nain-albert-jarvinen-lahti-hurriganesista-remu-vastasi-etta-albert-on-tullut-hulluksi\/1680387\" rel=\"nofollow noopener\" target=\"_blank\"><\/p>\n<p>\nIle Kallio paljastaa uutuuskirjassa:\n<\/p>\n<p class=\"section-date\">\n        <strong class=\"article-section\" data-section=\"kotimaa\"><br \/>\n            kotimaa<br \/>\n        <\/strong><br \/>\n        24.4. 07:00\n    <\/p>\n<p>Ile Kallio paljastaa uutuuskirjassa \u2013 n\u00e4in Albert J\u00e4rvinen l\u00e4hti Hurriganesista: &#8221;Remu vastasi, ett\u00e4 Albert on tullut hulluksi&#8221;\n    <\/p>\n<p itemprop=\"description\" class=\"subtitle \">\n    Remu avasi aikanaan sanaisen arkkunsa Ilelle Albertin l\u00e4hd\u00f6n suhteen.\n<\/p>\n<p>        <\/a><\/p>\n<p class=\"article-content article-content-width !bg-background\">Aikku ja Albert olivat yhdess\u00e4 vuodesta 1970 l\u00e4htien. Pariskunta erosi 1984. Heill\u00e4 on yksi yhteinen lapsi, ja yhteydenpito jatkuikin aina Albertin kuolemaan saakka.\u00a0<\/p>\n<p>                <img decoding=\"async\" src=\"https:\/\/www.europesays.com\/fi\/wp-content\/uploads\/2025\/10\/1963435.webp\" width=\"576\" height=\"720\" alt=\"Aikku esitteli h\u00e4nen ja Albertin pojanpojan Seiskalle 2023.\" loading=\"lazy\" \/>            <\/p>\n<p>\n            Aikku esitteli h\u00e4nen ja Albertin pojanpojan Seiskalle 2023.<br \/>\n            Matti Matikainen\n        <\/p>\n<p>Torppaa Remun v\u00e4itteet<\/p>\n<p class=\"article-content article-content-width !bg-background\">Edvin kertoo Aikun ottaneen h\u00e4neen yhteytt\u00e4, koska h\u00e4n oli tyytym\u00e4t\u00f6n v\u00e4itteisiin, joita Albertin Hurriganes -kollega  esitti vieraillessaan podcastissa aiemmin syksyll\u00e4. Niin ik\u00e4\u00e4n muusikko  ja manageri  kirjoissaan esitt\u00e4m\u00e4t v\u00e4itteet saavat osansa kritiikist\u00e4.<\/p>\n<p>        <a itemprop=\"url\" href=\"https:\/\/www.seiska.fi\/kotimaa\/harvinaiset-kuvat-talta-nayttaa-40-vuotiaana-menehtyneen-hurriganes-legendan-lapsenlapsi\/1168081\" rel=\"nofollow noopener\" target=\"_blank\"><\/p>\n<p class=\"section-date\">\n        <strong class=\"article-section\" data-section=\"kotimaa\"><br \/>\n            kotimaa<br \/>\n        <\/strong><br \/>\n        19.10.2023 15:32\n    <\/p>\n<p>Harvinaiset kuvat! T\u00e4lt\u00e4 n\u00e4ytt\u00e4\u00e4 40-vuotiaana menehtyneen Hurriganes-legendan lapsenlapsi\n    <\/p>\n<p itemprop=\"description\" class=\"subtitle \">\n    Albert J\u00e4rvisen ex-vaimo on onnellinen siit\u00e4, ett\u00e4 Hurriganes el\u00e4\u00e4 yh\u00e4 ihmisten mieliss\u00e4.\n<\/p>\n<p>        <\/a><\/p>\n<p class=\"article-content article-content-width !bg-background\">Edvin kertaa Remun todenneen, ett\u00e4 Albert &#8221;\u00e4nkesi&#8221; Kojon mukaan Lontooseen kohtalokkaaksi koituneelle reissulle. Remun sanojen mukaan Albert olisi luvannut tuoda matkalta heroiinia.\u00a0<\/p>\n<p>                <img decoding=\"async\" src=\"https:\/\/www.europesays.com\/fi\/wp-content\/uploads\/2025\/10\/1963447.webp\" width=\"576\" height=\"720\" alt=\"Aikku ei ole lainkaan tyytyv\u00e4inen Remun podcastissa esitt\u00e4miin puheisiin.\" loading=\"lazy\" \/>            <\/p>\n<p>\n            Aikku ei ole lainkaan tyytyv\u00e4inen Remun podcastissa esitt\u00e4miin puheisiin.<br \/>\n            Matti Matikainen\n        <\/p>\n<p class=\"article-content article-content-width !bg-background\">Aikku ei v\u00e4itett\u00e4 kuitenkaan usko. H\u00e4n toteaa Albertin olleen vuotta aiemmin katkaisuhoidossa ja olleen hyv\u00e4ss\u00e4 kunnossa.\u00a0<\/p>\n<p class=\"article-content article-content-width !bg-background\">\u2013 Helmikuussa 1991 h\u00e4n vietti hiihtolomaa -poikamme kanssa Mikkeliss\u00e4. Yhteinen koirakin oli mukana. Kaikki oli seesteist\u00e4 ja hyv\u00e4\u00e4, Aikku kuvailee kitaristin kuulumisia vain reilu kuukausi ennen t\u00e4m\u00e4n kuolemaa.<\/p>\n<p>        <a itemprop=\"url\" href=\"https:\/\/www.seiska.fi\/kotimaa\/costello-hautamaen-harvinainen-loyto\/1611712\" rel=\"nofollow noopener\" target=\"_blank\"><\/p>\n<p>\nOho!\n<\/p>\n<p class=\"section-date\">\n        <strong class=\"article-section\" data-section=\"kotimaa\"><br \/>\n            kotimaa<br \/>\n        <\/strong><br \/>\n        13.2. 21:30\n    <\/p>\n<p>Costello Hautam\u00e4en harvinainen l\u00f6yt\u00f6\n    <\/p>\n<p itemprop=\"description\" class=\"subtitle \">\n    Kitaravirtuoosi t\u00f6rm\u00e4si historian havinaan.\n<\/p>\n<p>        <\/a><\/p>\n<p>Ex tempore -reissu<\/p>\n<p class=\"article-content article-content-width !bg-background\">Aikku korostaa, ettei Albertin k\u00e4yt\u00f6s antanut mink\u00e4\u00e4nlaisia viitteit\u00e4 siit\u00e4, ett\u00e4 h\u00e4n olisi retkahtanut p\u00e4ihteisiin uudestaan. H\u00e4n ei kuitenkaan tied\u00e4, miksi Mikkeliss\u00e4 asunut kitaristi oli suunnannut Helsinkiin ja sielt\u00e4 Lontooseen. Soittokamat t\u00e4m\u00e4 oli j\u00e4tt\u00e4nyt kotiin.<\/p>\n<p>                <img decoding=\"async\" src=\"https:\/\/www.europesays.com\/fi\/wp-content\/uploads\/2025\/10\/1963460.webp\" width=\"576\" height=\"322\" alt=\"Cisse H\u00e4kkinen, Remu Aaltonen ja Albert J\u00e4rvinen muodostivat legendaarisen Hurriganes-yhtyeen. Kuva vuodelta 1979.\" loading=\"lazy\" \/>            <\/p>\n<p>\n            Cisse H\u00e4kkinen, Remu Aaltonen ja Albert J\u00e4rvinen muodostivat legendaarisen Hurriganes-yhtyeen. Kuva vuodelta 1979.<br \/>\n            Matti Tapola \/ Museovirasto\n        <\/p>\n<p class=\"article-content article-content-width !bg-background\">Aikku uskoo, ett\u00e4 matkalle l\u00e4hdettiin ex tempore\u00a0\u2013 ja jonkun muun kuin Albertin p\u00e4\u00e4h\u00e4npistosta. Remun esitt\u00e4mi\u00e4 v\u00e4itteit\u00e4 huumeiden salakuljetuksesta h\u00e4n ei osta lainkaan.\u00a0<\/p>\n<p>L\u00f6ytyi hotellihuoneesta<\/p>\n<p class=\"article-content article-content-width !bg-background\">Kojo kertoo n\u00e4kemyksens\u00e4 matkan tapahtumista kirjassaan Kojo\u00a0\u2013 Tasasta ku Sveitsiss\u00e4 (, 2019). Muusikko toteaa soittaneensa Lontoossa keikan Finnmatkat-yhtyeen kanssa, ja pyyt\u00e4neens\u00e4 Albertin mukaan.\u00a0<\/p>\n<p>        <a itemprop=\"url\" href=\"https:\/\/www.seiska.fi\/vain-seiskassa\/oho-remu-aaltonen-heratti-huomiota-helsingissa-kuva\/1696744\" rel=\"nofollow noopener\" target=\"_blank\"><\/p>\n<p>\nKuva!\n<\/p>\n<p class=\"section-date\">\n        <strong class=\"article-section\" data-section=\"vain seiskassa\"><br \/>\n            vain seiskassa<br \/>\n        <\/strong><br \/>\n        10.5. 08:00\n    <\/p>\n<p>Oho! Remu Aaltonen her\u00e4tti huomiota Helsingiss\u00e4 \u2013 kuva\n    <\/p>\n<p itemprop=\"description\" class=\"subtitle \">\n    Rumpalilegenda p\u00e4\u00e4tti kev\u00e4\u00e4n alkaneen Suomessakin.\n<\/p>\n<p>        <\/a><\/p>\n<p class=\"article-content article-content-width !bg-background\">Jatkoilla kaksikon tiet kuitenkin erkanivat. Kun Albertia ei viel\u00e4 aamullakaan n\u00e4kynyt, huolestuivat Kojo sek\u00e4 niin ik\u00e4\u00e4n mukana ollut Lasse Norres. Pian selvisikin, ett\u00e4 kitaristi oli l\u00f6ydetty huoneestaan menehtyneen\u00e4.<\/p>\n<p>                <img decoding=\"async\" src=\"https:\/\/www.europesays.com\/fi\/wp-content\/uploads\/2025\/10\/1963462.webp\" width=\"576\" height=\"716\" alt=\"Mysteeriksi on j\u00e4\u00e4nyt, kenen kanssa Albert vietti viimeisen iltansa muusikkokavereistaan erottuaan.\" loading=\"lazy\" \/>            <\/p>\n<p>\n            Mysteeriksi on j\u00e4\u00e4nyt, kenen kanssa Albert vietti viimeisen iltansa muusikkokavereistaan erottuaan.<br \/>\n            Keijo Laajisto \/ Museovirasto\n        <\/p>\n<p class=\"article-content article-content-width !bg-background\">Kojo kertoo kirjassaan, ettei Albert k\u00e4ytt\u00e4nyt matkan aikaan alkoholia. Rauhoittavia sen sijaan kului.<\/p>\n<p class=\"article-content article-content-width !bg-background\">Podcastissa Aikku oikaisee k\u00e4sityst\u00e4. H\u00e4nen mukaansa Albert k\u00e4ytti kyll\u00e4 l\u00e4\u00e4kkeit\u00e4, mutta ainoastaan yhdenlaisia\u00a0\u2013 l\u00e4\u00e4k\u00e4rin h\u00e4nelle m\u00e4\u00e4r\u00e4\u00e4mi\u00e4 \u00e4\u00e4reisverenkiertoon liittyv\u00e4n kivun hoitoon.<\/p>\n<p>Virallinen kuolinsyy<\/p>\n<p class=\"article-content article-content-width !bg-background\">Aikku toteaa my\u00f6s ruumiinavausp\u00f6yt\u00e4kirjan vahvistavan asian. Muusikolle tehtiin ruumiinavaus sek\u00e4 Lontoossa ett\u00e4 my\u00f6hemmin kotimaassa.<\/p>\n<p class=\"article-content article-content-width !bg-background\">\u2013 Ruumiinavausp\u00f6yt\u00e4kirjassa mainitaan, ett\u00e4 l\u00e4\u00e4kett\u00e4 oli [elimist\u00f6ss\u00e4] enemm\u00e4n, kuin l\u00e4\u00e4k\u00e4ri oli m\u00e4\u00e4r\u00e4nnyt, mutta se ei olisi voinut aiheuttaa kuolemaa, Aikku sanoo.<\/p>\n<p class=\"article-content article-content-width !bg-background\">Alkoholia tai muita p\u00e4ihteit\u00e4 ei tutkimuksissa havaittu. Niiden sijaan todettiin, ett\u00e4 Albertin syd\u00e4n oli laajentunut. Viralliseksi kuolinsyyksi kirjattiin m\u00e4\u00e4rittelem\u00e4t\u00f6n syd\u00e4menpys\u00e4hdys.<\/p>\n<p>        <a itemprop=\"url\" href=\"https:\/\/www.seiska.fi\/kotimaa\/suomalaisturisti-allistyi-kanarialla-eras-yksityiskohta-remu-aaltosessa-77-pisti-heti-silmaan\/1630027\" rel=\"nofollow noopener\" target=\"_blank\"><\/p>\n<p>\nRemu Aaltonen, 77:\n<\/p>\n<p class=\"section-date\">\n        <strong class=\"article-section\" data-section=\"kotimaa\"><br \/>\n            kotimaa<br \/>\n        <\/strong><br \/>\n        4.3. 06:00\n    <\/p>\n<p>Suomalaisturisti \u00e4llistyi Kanarialla \u2013 er\u00e4s yksityiskohta Remu Aaltosessa, 77, pisti heti silm\u00e4\u00e4n\n    <\/p>\n<p itemprop=\"description\" class=\"subtitle \">\n    Hurriganes-legendaa luultiin aluksi espanjalaiseksi herrasmieheksi.\n<\/p>\n<p>        <\/a><\/p>\n","protected":false},"excerpt":{"rendered":"Keijo Laajisto \/ Museovirasto Aikku J\u00e4rvinen uskoo kitaristin pysyneen raittiina kuolemaansa asti. Kitaristi menehtyi 24. maaliskuuta 1991 ollessaan&hellip;\n","protected":false},"author":2,"featured_media":63513,"comment_status":"","ping_status":"","sticky":false,"template":"","format":"standard","meta":{"footnotes":""},"categories":[130],"tags":[14525,14524,5768,14523,14522,137,14317,33,31,30,8422,5766,664,9219,683,14521,1127,14520,694,98,2923,7225,14519,32,14518,6137,109],"class_list":{"0":"post-63512","1":"post","2":"type-post","3":"status-publish","4":"format-standard","5":"has-post-thumbnail","7":"category-viihde","8":"tag-aikku-jarvinen","9":"tag-albert-jarvinen","10":"tag-bandi","11":"tag-cisse-hakkinen","12":"tag-edvin-sora","13":"tag-entertainment","14":"tag-ex-vaimo","15":"tag-fi","16":"tag-finland","17":"tag-finnish","18":"tag-heroiini","19":"tag-hurriganes","20":"tag-huumeet","21":"tag-kitaristi","22":"tag-kuolema","23":"tag-kuolinsyy","24":"tag-lapsi","25":"tag-lasse-norres","26":"tag-paihteet","27":"tag-perhe","28":"tag-podcast","29":"tag-raittius","30":"tag-remu-aaltonen","31":"tag-suomi","32":"tag-timo-kojo","33":"tag-vaimo","34":"tag-viihde"},"share_on_mastodon":{"url":"","error":""},"_links":{"self":[{"href":"https:\/\/www.europesays.com\/fi\/wp-json\/wp\/v2\/posts\/63512","targetHints":{"allow":["GET"]}}],"collection":[{"href":"https:\/\/www.europesays.com\/fi\/wp-json\/wp\/v2\/posts"}],"about":[{"href":"https:\/\/www.europesays.com\/fi\/wp-json\/wp\/v2\/types\/post"}],"author":[{"embeddable":true,"href":"https:\/\/www.europesays.com\/fi\/wp-json\/wp\/v2\/users\/2"}],"replies":[{"embeddable":true,"href":"https:\/\/www.europesays.com\/fi\/wp-json\/wp\/v2\/comments?post=63512"}],"version-history":[{"count":0,"href":"https:\/\/www.europesays.com\/fi\/wp-json\/wp\/v2\/posts\/63512\/revisions"}],"wp:featuredmedia":[{"embeddable":true,"href":"https:\/\/www.europesays.com\/fi\/wp-json\/wp\/v2\/media\/63513"}],"wp:attachment":[{"href":"https:\/\/www.europesays.com\/fi\/wp-json\/wp\/v2\/media?parent=63512"}],"wp:term":[{"taxonomy":"category","embeddable":true,"href":"https:\/\/www.europesays.com\/fi\/wp-json\/wp\/v2\/categories?post=63512"},{"taxonomy":"post_tag","embeddable":true,"href":"https:\/\/www.europesays.com\/fi\/wp-json\/wp\/v2\/tags?post=63512"}],"curies":[{"name":"wp","href":"https:\/\/api.w.org\/{rel}","templated":true}]}}