{"id":63521,"date":"2025-10-16T07:30:12","date_gmt":"2025-10-16T07:30:12","guid":{"rendered":"https:\/\/www.europesays.com\/fi\/63521\/"},"modified":"2025-10-16T07:30:12","modified_gmt":"2025-10-16T07:30:12","slug":"noora-louhimo-kavi-kahdesti-lahella-kuolemaa","status":"publish","type":"post","link":"https:\/\/www.europesays.com\/fi\/63521\/","title":{"rendered":"Noora Louhimo k\u00e4vi kahdesti l\u00e4hell\u00e4 kuolemaa"},"content":{"rendered":"<p class=\"ingress\">Laulaja Noora Louhimon kaulavaltimo repesi pari vuotta sitten, v\u00e4h\u00e4n aiemmin h\u00e4n oli ajautunut autollaan vesiliirtoon. Kuoleman l\u00e4heisyys muutti Nooran suhtautumista el\u00e4m\u00e4\u00e4n.<\/p>\n<p>Laulaja <strong>Noora Louhimosta<\/strong>, 36, olisi voinut tulla esiintyj\u00e4 joka tapauksessa, mutta jo p\u00e4iv\u00e4kodissa alkanut kiusaaminen varmisti, ett\u00e4 h\u00e4nest\u00e4 todella tulee sellainen.<\/p>\n<p>Noora oli silm\u00e4tikku. Tyt\u00f6t j\u00e4ttiv\u00e4t h\u00e4net porukoittensa ulkopuolelle, pojat haukkuivat, t\u00f6niv\u00e4t ja tuuppivat. H\u00e4nt\u00e4 haukuttiin rumaksi ja h\u00e4nen piirustuksiaan revittiin.<\/p>\n<p>Noora pani hanttiin, mutta koki, ett\u00e4 puolustautuminen k\u00e4\u00e4ntyi my\u00f6s opettajien silmiss\u00e4 h\u00e4nt\u00e4 itse\u00e4\u00e4n vastaan. Maailma ei ole reilu. Sen h\u00e4n oppi jo pikkutytt\u00f6n\u00e4.<\/p>\n<p>J\u00e4lkeenp\u00e4in Noora ymm\u00e4rt\u00e4\u00e4 olleensa oman tiens\u00e4 kulkija, outo ja ehk\u00e4 dramaattinenkin hahmo.<\/p>\n<p>\u201dOlen aina ollut ekstrovertti ja tosi avoin. En ole koskaan ujostellut ihmisi\u00e4. Olen morjestellut tuntemattomia kadulla ja kysellyt bussipys\u00e4kill\u00e4 vanhuksilta, miten te voitte.\u201d<\/p>\n<p>Oudoksi leimattu tytt\u00f6 yritti kyll\u00e4 vimmatusti mahduttaa itse\u00e4\u00e4n muiden m\u00e4\u00e4rittelemiin raameihin. Se johti siihen, ett\u00e4 itsekseen ollessaan h\u00e4n alkoi ahmia, sy\u00f6d\u00e4 kaikkiin tunteisiin, iloihin ja suruihin. Vasta p\u00e4\u00e4lle kolmenkymppisen\u00e4 alkoi l\u00f6yty\u00e4 parempia ev\u00e4it\u00e4 itsetutkisteluun.<\/p>\n<p>Mutta koska el\u00e4m\u00e4 ei ole mustavalkoista, kurjista kokemuksista on seurannut paljon hyv\u00e4\u00e4kin. Niist\u00e4 on tullut supervoima, jonka ansiosta Noora on t\u00e4ll\u00e4 hetkell\u00e4 kansainv\u00e4lisesti menestynyt laulaja ja muusikko. Parhaillaan h\u00e4n on yhtyeens\u00e4 Battle Beastin kanssa Euroopan-kiertueella.<\/p>\n<p>\u201dRupesin jo ala-asteella olemaan aika teatraalinen vitsailija. K\u00e4\u00e4nsin pahan mielen huumoriksi. Kehitin viihdytt\u00e4j\u00e4n roolista suojakuoren\u201d, h\u00e4n kuvailee.<\/p>\n<p>T\u00e4ss\u00e4 h\u00e4nell\u00e4 oli rinnallaan my\u00f6s supermies, kaksi vuotta vanhempi isoveli, jonka kanssa h\u00e4n pisti show\u2019n pystyyn aina kun mahdollista. Kaksikko perusti teatterin, tanssi ja lauloi ensin olohuoneen kahvip\u00f6yd\u00e4ll\u00e4, sitten my\u00f6s koulussa.<\/p>\n<p>Matkan varrella Noora on oppinut analysoimaan sek\u00e4 itse\u00e4\u00e4n\u00ad sek\u00e4 kiusaajiaan. H\u00e4n ajattelee, ettei lapsilla ja kaikilla aikuisillakaan ole ty\u00f6kaluja k\u00e4sitell\u00e4 pahaa mielt\u00e4 purkamatta sit\u00e4 toisiin. Omien kokemustensa vuoksi h\u00e4n toivoisi, ett\u00e4 tunne\u00e4ly\u00e4 ja kyky\u00e4 keskustella opetettaisiin koulussa.<\/p>\n<p>Viime kes\u00e4n\u00e4 Noora sai lis\u00e4\u00e4 selityksi\u00e4 itsens\u00e4 ymm\u00e4rt\u00e4miseen: h\u00e4nell\u00e4 todettiin adhd, aktiivisuuden ja tarkkaavuuden h\u00e4iri\u00f6.<\/p>\n<p>\u201dVihdoin ymm\u00e4rr\u00e4n, miksen ole esimerkiksi suoriutunut opiskelusta samassa aikataulussa kuin muut, miksi olen pit\u00e4nyt itse\u00e4ni muita huonompana.\u201d<\/p>\n<p>Uudenlaisen armeliaisuuden kannattelema laulaja on saanut my\u00f6s kodin, jonka jakaa miehen, koiran, kissojen, kanojen ja kukkojen kanssa. Talosta mets\u00e4n reunassa l\u00f6ytyi vastapaino kiihke\u00e4lle keikkael\u00e4m\u00e4lle. <\/p>\n<p>Nyt Noora kertoo el\u00e4m\u00e4ns\u00e4 t\u00e4rkeimmist\u00e4 k\u00e4\u00e4nnekohdista.<\/p>\n<p>Syntym\u00e4p\u00e4iv\u00e4juhlissa tuli vastaan jumalainen mies<\/p>\n<p>\u201dTapasin <strong>Jaron<\/strong> nelj\u00e4 vuotta sitten yst\u00e4v\u00e4ni syntt\u00e4rijuhlissa. N\u00e4in h\u00e4net jo pihalta tullessani sis\u00e4\u00e4n. Mietin, kuka on tuo jumalainen mies.<\/p>\n<p>Olin juuri ollut televisiossa Olet mit\u00e4 sy\u00f6t -ohjelmassa. Olin p\u00e4\u00e4ssyt tavoitteeseeni, tunsin oloni hyv\u00e4ksi ja ajattelin, etten tarvitse l\u00e4helleni ket\u00e4\u00e4n. En ollut pitk\u00e4\u00e4n aikaan tuntenut vetoa keneenk\u00e4\u00e4n. Ja sitten siell\u00e4 on t\u00e4m\u00e4 ihminen, joka muutti kaiken.<\/p>\n<p>En ole luonteeltani mitenk\u00e4\u00e4n ujo, mutta Jaroa ujostelin. Emme puhuneet toisillemme oikeastaan mit\u00e4\u00e4n. Halusin kuitenkin olla h\u00e4nen l\u00e4hell\u00e4\u00e4n, joten kun teimme juhlissa kaikenlaista, pelasimme vaikkapa m\u00f6lkky\u00e4, ujuttauduin h\u00e4nen vierelleen.<\/p>\n<p>Olin aivan varma, ettei meist\u00e4 tule mit\u00e4\u00e4n, mutta kun yst\u00e4v\u00e4pariskunta kuukauden kuluttua kutsui meid\u00e4t molemmat venetsialaisiin, p\u00e4\u00e4dyimme porealtaaseen useaksi tunniksi. Siit\u00e4 se l\u00e4hti. V\u00e4h\u00e4n aikaa sitten Jaro kosi minua.<\/p>\n<p><strong>Lue my\u00f6s: <\/strong><a href=\"https:\/\/anna.fi\/ihmiset\/noora-louhimo\" rel=\"nofollow noopener\" target=\"_blank\">Rokkari Noora Louhimo on l\u00f6yt\u00e4nyt rinnalleen samanhenkisen kumppanin \u2212 ensitreffien puheenaihe oli selv\u00e4<\/a><\/p>\n<p>Olemme molemmat vanhanaikaisia. Rakastamme romantiikkaa, yll\u00e4tyksi\u00e4 ja el\u00e4myksi\u00e4, joten kyll\u00e4 odotinkin, ett\u00e4 h\u00e4n kosisi. H\u00e4\u00e4p\u00e4iv\u00e4\u00e4 emme ole viel\u00e4 p\u00e4\u00e4tt\u00e4neet, mutta haluamme talvih\u00e4\u00e4t, jotka suunnittelemme rauhassa ja kunnolla.<\/p>\n<p>Jaro on ihana mies. Olen ollut el\u00e4m\u00e4ni aikana useassa suhteessa, mutta h\u00e4n on ensimm\u00e4inen ihminen, joka saa minut tuntemaan, ett\u00e4 riit\u00e4n t\u00e4llaisena kuin olen. H\u00e4n on parantanut itsetuntoani ja edist\u00e4nyt henkist\u00e4 hyvinvointiani, haastanutkin monessa asiassa.<\/p>\n<p>T\u00e4ydenn\u00e4mme toisiamme. Niiss\u00e4 asioissa, joissa minulla on heikkouksia, h\u00e4nell\u00e4 on vahvuuksia ja toisin p\u00e4in. H\u00e4net on kasvatettu jo lapsuudesta asti urheilemaan ja kiinnitt\u00e4m\u00e4\u00e4n huomiota ravintoon. Min\u00e4 taas olen kannustanut h\u00e4nt\u00e4 musiikissa ja taiteen tekemisess\u00e4, tukenut h\u00e4nen uraansa rumpalina.<\/p>\n<p>Meill\u00e4 on samat unelmat ja tavoitteet, joten ymm\u00e4rr\u00e4mme toisiamme.\u201d<\/p>\n<p>Noora Louhimo l\u00f6ysi sopivan latautumispaikan m\u00f6kist\u00e4 mets\u00e4n laidalla<\/p>\n<p>\u201dRakastan ihmisi\u00e4 ja ty\u00f6t\u00e4ni, mutta meill\u00e4 jokaisella on sosiaalinen mittari, joka t\u00e4yttyy, jota pit\u00e4\u00e4 saada v\u00e4lill\u00e4 elvytt\u00e4\u00e4.<\/p>\n<p>Olen koko el\u00e4m\u00e4ni asunut kaupungissa, viimeiset viisi vuotta Tampereen keskustassa. V\u00e4hitellen alkoi tuntua silt\u00e4, ett\u00e4 keskustan sykkeess\u00e4 on liian kuormittavaa.<\/p>\n<p>Lopulta yhdell\u00e4 kiertueella p\u00e4\u00e4tin, ett\u00e4 kun b\u00e4ndi palaa Suomeen, vuokraan m\u00f6kin mets\u00e4st\u00e4 ja laitan puhelimen kiinni. Minulle tuli voimakas tarve p\u00e4\u00e4st\u00e4 semmoiseen umpioon, ett\u00e4 kukaan tai mik\u00e4\u00e4n h\u00e4iritse ajatuksiani, ett\u00e4 pystyn ajattelemaan selke\u00e4sti. En ollut koskaan aiemmin tehnyt mit\u00e4\u00e4n sellaista, olen vain painanut eteenp\u00e4in.<\/p>\n<p>No, sitten vuokrasin sen m\u00f6kin, hengittelin ja saunoin. K\u00e4vin uimassa j\u00e4\u00e4kylm\u00e4ss\u00e4 joessa ja mets\u00e4ss\u00e4 halailemassa puita.<\/p>\n<p>Se oli sellainen kokemus, ett\u00e4 ehk\u00e4 ensimm\u00e4ist\u00e4 kertaa el\u00e4m\u00e4ss\u00e4 kuulin voimakkaasti sis\u00e4isen \u00e4\u00e4neni. Siit\u00e4 tuli valtava hyv\u00e4nolon tunne. Ymm\u00e4rsin, ett\u00e4 minun pit\u00e4\u00e4 p\u00e4\u00e4st\u00e4 ymp\u00e4rist\u00f6\u00f6n, jossa voin hyvin, joka lataa, eik\u00e4 kuormita.<\/p>\n<p>Olin haaveillut pitk\u00e4\u00e4n maalle muuttamisesta. Ajattelin, ett\u00e4 jos en l\u00f6yd\u00e4 kukkoa rinnalleni, muutan itsekseni. Toteutan haaveeni, etten joudu my\u00f6hemmin katumaan, ett\u00e4 olisi pit\u00e4nyt.<\/p>\n<p>Sitten k\u00e4vikin niin hyv\u00e4 tuuri, ett\u00e4 Jaro tuli el\u00e4m\u00e4\u00e4ni. Heti kun rupesimme seurustelemaan, kysyin suoraan, haluaako h\u00e4n naimisiin, lapsia ja omakotitalon. Kun h\u00e4n vastasi kaikkeen my\u00f6nt\u00e4v\u00e4sti, sanoin, ett\u00e4 voimme menn\u00e4 toisillekin treffeille.<\/p>\n<p>Kun tulimme kaksi ja puoli vuotta sitten katsomaan nykyist\u00e4 kotiamme, oli marraskuu, pime\u00e4\u00e4 ja r\u00e4nt\u00e4ist\u00e4, mutta haltioiduimme paikasta heti. T\u00e4\u00e4ll\u00e4 oli kaiken muun ihanan lis\u00e4ksi kanoja ja kukkoja. Kaikilla niill\u00e4 on omat meininkins\u00e4 ja luonteensa. Olemme todella kiintyneet niihin, niist\u00e4 on tullut meid\u00e4n mussukoita.<\/p>\n<p>Vuosi sitten k\u00e4vi sellainen vahinko, ett\u00e4 joku peto k\u00e4vi nappaamassa kukot ja viisi kanaa. Sittemmin olemme saaneet uudet kukot. Alberto ja Zorro ovat hyvin dramaattisia otuksia.<\/p>\n<p>En ole kaivannut kaupunkiin, en edes talvella. Her\u00e4\u00e4n henkiin kes\u00e4n j\u00e4lkeen, olen pime\u00e4n lapsi. Nautin siit\u00e4, kun tulee h\u00e4m\u00e4r\u00e4\u00e4 ja voin laittaa takkaan tulen ja kynttil\u00f6it\u00e4 palamaan.<\/p>\n<p>Olen luonteeltani tosi perhe-ja yhteis\u00f6keskeinen. Haluan yhdist\u00e4\u00e4 ihmisi\u00e4. Se on kulmakivi kaikessa tekemisess\u00e4ni. Muistan jo lapsuudesta, etten halunnut olla kahdestaan yst\u00e4v\u00e4n kanssa, halusin yhteis\u00f6n.<\/p>\n<p>Huomaan tekev\u00e4ni sit\u00e4 edelleen. Heti kun muutimme maalle, menimme Jaron kanssa naapureitten ovien taakse. Veimme heille munia ja esittelimme itsemme.<\/p>\n<p>Perustimme yhteisen WhatsApp-ryhm\u00e4n. Sen kautta pid\u00e4mme yhteytt\u00e4, autamme toisiamme ja katsomme, ett\u00e4 kaikilla on asiat hyvin.<\/p>\n<p>Vanhin naapurimme on yli 90-vuotias, nuorin teini-ik\u00e4inen. Minusta on kiva tiet\u00e4\u00e4, ett\u00e4 mit\u00e4 tahansa tapahtuu, voin soittaa naapurin ovikelloa. T\u00e4m\u00e4 on yksi niist\u00e4 ihanista asioista, joita kaipasin kaupungissa.\u201d<\/p>\n<p>Noora Louhimo: kuolema vieraili kahdesti<\/p>\n<p>\u201dOlimme pari vuotta sitten keikalla Rovaniemell\u00e4, kun minua alkoi nielless\u00e4 sattua kaulaan. Ensin ajattelin, ett\u00e4 olen tulossa kipe\u00e4ksi. Vedin keikan ja seuraavankin. Vaikka kipu yltyi, ajattelin edelleen, ett\u00e4 se liittyy p\u00e4\u00e4lle hiipiv\u00e4\u00e4n flunssaan.<\/p>\n<p>Seuraavan viikon keikkarundin j\u00e4lkeen en pystynyt en\u00e4\u00e4 nukkumaan kunnolla. Koko vasen puoli p\u00e4\u00e4t\u00e4ni oli kipe\u00e4 ja leukaa s\u00e4rki. Oli pakko menn\u00e4 l\u00e4\u00e4k\u00e4riin.<\/p>\n<p>Aluksi l\u00e4\u00e4k\u00e4ri arveli, ett\u00e4 kipu oli lihasper\u00e4ist\u00e4, mutta olen laulaja ja kehoni on instrumenttini. Tunnen sen, joten vaadin saada l\u00e4hetteen ultraan.<\/p>\n<p>Siell\u00e4 selvisi, ett\u00e4 minulla oli kaulavaltimon repe\u00e4m\u00e4. Kaulassani oli verihyytym\u00e4, joka liikkeelle l\u00e4htiess\u00e4\u00e4n olisi saattanut vied\u00e4 hengen. L\u00e4\u00e4k\u00e4ri passitti minut ambulanssilla sairaalaan. Siell\u00e4 tehtiin varjoainekuvaus ja liuotushoito. <\/p>\n<p>Parin viikon p\u00e4\u00e4st\u00e4 olisi meill\u00e4 alkanut pitk\u00e4 kiertue Euroopassa, mutta sain ehdottoman laulu- ja liikuntakiellon kuukaudeksi.<\/p>\n<p>Viikatemies oli vieraillut l\u00e4hell\u00e4ni jo vuotta aiemmin, kun autoni ajautui Kolmostiell\u00e4 vesiliirtoon ja l\u00e4hti py\u00f6rim\u00e4\u00e4n. Minuun osui toinen auto, joka ei koskaan pys\u00e4htynyt, vaan jatkoi matkaansa.<\/p>\n<p>N\u00e4iden kahden tapahtuman j\u00e4lkeen prioriteettini ovat muuttuneet t\u00e4ysin. Ymm\u00e4rsin, miten hiuskarvan varassa el\u00e4m\u00e4 voi olla. Halusin priorisoida oman ja l\u00e4heisteni terveyden. Kaikki muu tulee sen j\u00e4lkeen. <\/p>\n<p><strong>Lue my\u00f6s Kotiliesi.fi: <\/strong><a href=\"https:\/\/kotiliesi.fi\/ihmiset\/maarit-tastula\/\" rel=\"nofollow noopener\" target=\"_blank\">Maarit Tastula oli lapsena varma, ettei el\u00e4isi pitk\u00e4\u00e4n \u2013 is\u00e4 tartutti h\u00e4neen kuolemanpelon<\/a><\/p>\n<p>Sill\u00e4 polulla olen edelleen. Haluan viett\u00e4\u00e4 vapaa-aikani sellaisessa ymp\u00e4rist\u00f6ss\u00e4 ja sellaisten ihmisten kanssa, jotka antavat energiaa, eiv\u00e4t vie sit\u00e4 pois. Olen siivonnut el\u00e4m\u00e4st\u00e4ni pois myrkylliset, kuormittavat ihmissuhteet.<\/p>\n<p>Olen j\u00e4tt\u00e4nyt my\u00f6s alkoholin ja tupakan. En tosin ole ihminen, joka laatii itselleen ehdottomia s\u00e4\u00e4nt\u00f6j\u00e4, mutta sanotaan niin, ett\u00e4 en ole juonut tai tupakoinut pitk\u00e4\u00e4n aikaan. Huomasin, ettei alkoholi tuo el\u00e4m\u00e4\u00e4n mit\u00e4\u00e4n lis\u00e4\u00e4, p\u00e4in vastoin, se vie asioita pois.<\/p>\n<p>Nyt voin ottaa alkoholittoman oluen, asettua saunan lauteelle, pist\u00e4\u00e4 kynttil\u00e4t palaamaan ja ihanaa \u0161amaanimusiikkia soimaan. P\u00e4\u00e4sen rentoutumisen tilaan ilman p\u00e4ihteit\u00e4kin.<\/p>\n<p>Poltin pitk\u00e4\u00e4n, mutta kun lopetin, tuntuu ett\u00e4 sain tilalle viidet keuhkot, enemm\u00e4n virtaa ja paremman unen.<\/p>\n<p>Olen pikkuhiljaa p\u00e4\u00e4ssyt sellaiseen mielentilaan, ett\u00e4 ajattelen olevani ihan hyv\u00e4 tyyppi. Haluan olla hyv\u00e4 muille ihmisille ja varsinkin itselleni. Se tarkoittaa, etten halua olla itseni pahin kiusaaja, morkata itse\u00e4ni.<\/p>\n<p>Haluan keskitty\u00e4 siihen, miten voin vaikuttaa positiivisesti ymp\u00e4rist\u00f6\u00f6ni, ett\u00e4 kun aikani t\u00e4ss\u00e4 maailmassa viimein loppuu, ihmiset muistaisivat minut siit\u00e4, mit\u00e4 kaikkea hyv\u00e4\u00e4 olen saanut aikaan.\u201d <\/p>\n<p>Noora Louhimo, 36<\/p>\n<p><strong>Ty\u00f6:<\/strong> Sooloartisti, Battle Beast -yhtyeen keulakuva, laulunopettaja ja vaikuttaja.<\/p>\n<p><strong>Asuu: <\/strong>Omakotitalossa maaseudulla Kangasalla.<\/p>\n<p><strong>Perhe: <\/strong>Puoliso Jaro V\u00e4is\u00e4nen, koira Bobby, kissat P\u00f6rr\u00f6, Ragnar ja K\u00f6ntti, kukot Zorro ja Alberto sek\u00e4 kanaset<\/p>\n<p><strong>Ajankohtaista:<\/strong> Battle Beastin albumi Steelbound ilmestyy 17. lokakuuta<\/p>\n<p>Juttu on julkaistu Annassa 42\/2025.<\/p>\n<p>    Sinua voi kiinnostaa my\u00f6s:<\/p>\n<ol class=\"read-also__list\">\n<li>\n<p>            <img loading=\"lazy\" decoding=\"async\" class=\"card__image awpo-lqip awpo-lazy\" width=\"2400\" height=\"1524\" src=\"https:\/\/www.europesays.com\/fi\/wp-content\/uploads\/2025\/10\/louhimo.jpg\"\/>                <a href=\"https:\/\/anna.fi\/kategoria\/hyvinvointi\/terveys\" class=\"card__vignette\" rel=\"nofollow noopener\" target=\"_blank\"><br \/>\n            Terveys          <\/a><\/p>\n<p>      <a href=\"https:\/\/anna.fi\/hyvinvointi\/terveys\/koulukiusaaminen-jatti-riittamattomyyden-tunteen-noora-louhimo-on-yrittanyt-pudottaa-painoa-koko-ikansa-minulla-on-ollut-kriittinen-piiskaava-nakemys-itsestani\" class=\"card__link-overlay\" rel=\"nofollow noopener\" target=\"_blank\">Noora Louhimo on yritt\u00e4nyt pudottaa painoa koko ik\u00e4ns\u00e4: \u201dMinulla on ollut kriittinen, piiskaava n\u00e4kemys itsest\u00e4ni\u201d<\/a><\/p>\n<\/li>\n<li>\n<p>            <img loading=\"lazy\" decoding=\"async\" class=\"card__image awpo-lqip awpo-lazy\" width=\"2000\" height=\"1590\" src=\"https:\/\/www.europesays.com\/fi\/wp-content\/uploads\/2025\/10\/anna_eini_21a8794_edit_0001.jpg\"\/>                <a href=\"https:\/\/anna.fi\/kategoria\/ihmiset\" class=\"card__vignette\" rel=\"nofollow noopener\" target=\"_blank\"><br \/>\n            Ihmiset          <\/a><\/p>\n<p>      <a href=\"https:\/\/anna.fi\/ihmiset\/eini-elaa-uransa-parasta-aikaa\" class=\"card__link-overlay\" rel=\"nofollow noopener\" target=\"_blank\">Laulaja Eini oli nuorena &#8221;jeesnainen&#8221;, joka oppi avaamaan suunsa Lars-puolison ansiosta \u2013 anopin kanssa eteen tuli todellinen testi<\/a><\/p>\n<\/li>\n<li>\n<p>            <img loading=\"lazy\" decoding=\"async\" class=\"card__image awpo-lqip awpo-lazy\" width=\"2560\" height=\"1600\" src=\"https:\/\/www.europesays.com\/fi\/wp-content\/uploads\/2025\/10\/olga1.jpg\"\/>                <a href=\"https:\/\/anna.fi\/kategoria\/ihmiset\" class=\"card__vignette\" rel=\"nofollow noopener\" target=\"_blank\"><br \/>\n            Ihmiset          <\/a><\/p>\n<p>      <a href=\"https:\/\/anna.fi\/ihmiset\/olga-ei-halua-pienentaa-itseaan\" class=\"card__link-overlay\" rel=\"nofollow noopener\" target=\"_blank\">Laulaja Olga, 25, ei halua painaa itse\u00e4\u00e4n alasp\u00e4in somekiusaamisesta huolimatta \u2013 teinin\u00e4 oli toisin<\/a><\/p>\n<\/li>\n<\/ol>\n","protected":false},"excerpt":{"rendered":"Laulaja Noora Louhimon kaulavaltimo repesi pari vuotta sitten, v\u00e4h\u00e4n aiemmin h\u00e4n oli ajautunut autollaan vesiliirtoon. Kuoleman l\u00e4heisyys muutti&hellip;\n","protected":false},"author":2,"featured_media":63522,"comment_status":"","ping_status":"","sticky":false,"template":"","format":"standard","meta":{"footnotes":""},"categories":[136],"tags":[407,137,33,31,30,408,1829,683,3319,1311,32,167,109],"class_list":{"0":"post-63521","1":"post","2":"type-post","3":"status-publish","4":"format-standard","5":"has-post-thumbnail","7":"category-julkkikset","8":"tag-celebrities","9":"tag-entertainment","10":"tag-fi","11":"tag-finland","12":"tag-finnish","13":"tag-julkkikset","14":"tag-kiusaaminen","15":"tag-kuolema","16":"tag-laulajat","17":"tag-rakkaus","18":"tag-suomi","19":"tag-terveys","20":"tag-viihde"},"share_on_mastodon":{"url":"","error":""},"_links":{"self":[{"href":"https:\/\/www.europesays.com\/fi\/wp-json\/wp\/v2\/posts\/63521","targetHints":{"allow":["GET"]}}],"collection":[{"href":"https:\/\/www.europesays.com\/fi\/wp-json\/wp\/v2\/posts"}],"about":[{"href":"https:\/\/www.europesays.com\/fi\/wp-json\/wp\/v2\/types\/post"}],"author":[{"embeddable":true,"href":"https:\/\/www.europesays.com\/fi\/wp-json\/wp\/v2\/users\/2"}],"replies":[{"embeddable":true,"href":"https:\/\/www.europesays.com\/fi\/wp-json\/wp\/v2\/comments?post=63521"}],"version-history":[{"count":0,"href":"https:\/\/www.europesays.com\/fi\/wp-json\/wp\/v2\/posts\/63521\/revisions"}],"wp:featuredmedia":[{"embeddable":true,"href":"https:\/\/www.europesays.com\/fi\/wp-json\/wp\/v2\/media\/63522"}],"wp:attachment":[{"href":"https:\/\/www.europesays.com\/fi\/wp-json\/wp\/v2\/media?parent=63521"}],"wp:term":[{"taxonomy":"category","embeddable":true,"href":"https:\/\/www.europesays.com\/fi\/wp-json\/wp\/v2\/categories?post=63521"},{"taxonomy":"post_tag","embeddable":true,"href":"https:\/\/www.europesays.com\/fi\/wp-json\/wp\/v2\/tags?post=63521"}],"curies":[{"name":"wp","href":"https:\/\/api.w.org\/{rel}","templated":true}]}}