{"id":63538,"date":"2025-10-16T07:44:08","date_gmt":"2025-10-16T07:44:08","guid":{"rendered":"https:\/\/www.europesays.com\/fi\/63538\/"},"modified":"2025-10-16T07:44:08","modified_gmt":"2025-10-16T07:44:08","slug":"vuokrat-laskivat-helsingissa-kaiken-kokoisissa-asunnoissa-poikkeuksellinen-tilanne-paikalliset","status":"publish","type":"post","link":"https:\/\/www.europesays.com\/fi\/63538\/","title":{"rendered":"Vuokrat laskivat Helsingiss\u00e4 kaiken kokoisissa asunnoissa \u2013 &#8221;Poikkeuksellinen tilanne&#8221; | Paikalliset"},"content":{"rendered":"<p>Vapaarahoitteisten asuntojen vuokrat laskivat Helsingiss\u00e4 0,3 prosenttia edellisvuoteen verrattuna aikav\u00e4lill\u00e4 hein\u00e4-syyskuu, kertoo Tilastokeskus.<\/p>\n<p>Kaikista Suomen isoista kaupungeista vuokrien lasku oli suurinta Vantaalla, 1,3 prosenttia edellisvuoteen n\u00e4hden.<\/p>\n<p>Koko p\u00e4\u00e4kaupunkiseudulla vuokrat laskivat viime vuodesta 0,5 prosenttia, kun taas muualla Suomessa vuokrat nousivat 0,6 prosenttia. T\u00e4m\u00e4 on Tilastokeskuksen mukaan poikkeuksellista, sill\u00e4 ennen toisen nelj\u00e4nneksen laskuk\u00e4\u00e4nnett\u00e4 vuokrat eiv\u00e4t olleet aiemmin laskeneet p\u00e4\u00e4kaupunkiseudulla.<\/p>\n<p>\u2013 P\u00e4\u00e4kaupunkiseudulla oltiin hein\u00e4-syyskuussa poikkeuksellisessa tilanteessa, kun vapaarahoitteiset vuokrat laskivat vuodentakaisesta Helsingiss\u00e4, Espoossa ja Vantaalla kaiken kokoisissa asunnoissa. Vastaavasti Turussa, Tampereella ja Oulussa vuokrat nousivat kaiken kokoisissa asunnoissa, sanoo Tilastokeskuksen yliaktuaari <strong>Martti Korhonen<\/strong>.<\/p>\n<p>Valtion tukemissa ara-asunnoissa vuokrat nousivat p\u00e4\u00e4kaupunkiseudullakin, jopa enemm\u00e4n kuin muualla maassa. P\u00e4\u00e4kaupunkiseudun ara-vuokrat nousivat vuoden takaiseen n\u00e4hden 3,7 prosenttia ja muualla maassa 3 prosenttia.<\/p>\n<p>Vantaa oli t\u00e4ss\u00e4kin oma lukunsa: ara-vuokrat nousivat Vantaalla vain 1,6 prosenttia.<\/p>\n","protected":false},"excerpt":{"rendered":"Vapaarahoitteisten asuntojen vuokrat laskivat Helsingiss\u00e4 0,3 prosenttia edellisvuoteen verrattuna aikav\u00e4lill\u00e4 hein\u00e4-syyskuu, kertoo Tilastokeskus. Kaikista Suomen isoista kaupungeista vuokrien&hellip;\n","protected":false},"author":2,"featured_media":63539,"comment_status":"","ping_status":"","sticky":false,"template":"","format":"standard","meta":{"footnotes":""},"categories":[5],"tags":[36,542,22,23,400,26,27,33,31,30,17,104,24,25,28,29,15,18,952,21,544,32,822,19,20,16],"class_list":{"0":"post-63538","1":"post","2":"type-post","3":"status-publish","4":"format-standard","5":"has-post-thumbnail","7":"category-otsikot","8":"tag-asuintalot-ja-asunnot","9":"tag-asuminen","10":"tag-breaking-news","11":"tag-breakingnews","12":"tag-espoo","13":"tag-featured-news","14":"tag-featurednews","15":"tag-fi","16":"tag-finland","17":"tag-finnish","18":"tag-headlines","19":"tag-helsinki","20":"tag-latest-news","21":"tag-latestnews","22":"tag-main-news","23":"tag-mainnews","24":"tag-news","25":"tag-otsikot","26":"tag-oulu","27":"tag-paauutiset","28":"tag-rahoitus-ja-kiinteistoala-sektori","29":"tag-suomi","30":"tag-teollisuustuotteet-ja-palvelut-sektori","31":"tag-top-stories","32":"tag-topstories","33":"tag-uutiset"},"share_on_mastodon":{"url":"","error":""},"_links":{"self":[{"href":"https:\/\/www.europesays.com\/fi\/wp-json\/wp\/v2\/posts\/63538","targetHints":{"allow":["GET"]}}],"collection":[{"href":"https:\/\/www.europesays.com\/fi\/wp-json\/wp\/v2\/posts"}],"about":[{"href":"https:\/\/www.europesays.com\/fi\/wp-json\/wp\/v2\/types\/post"}],"author":[{"embeddable":true,"href":"https:\/\/www.europesays.com\/fi\/wp-json\/wp\/v2\/users\/2"}],"replies":[{"embeddable":true,"href":"https:\/\/www.europesays.com\/fi\/wp-json\/wp\/v2\/comments?post=63538"}],"version-history":[{"count":0,"href":"https:\/\/www.europesays.com\/fi\/wp-json\/wp\/v2\/posts\/63538\/revisions"}],"wp:featuredmedia":[{"embeddable":true,"href":"https:\/\/www.europesays.com\/fi\/wp-json\/wp\/v2\/media\/63539"}],"wp:attachment":[{"href":"https:\/\/www.europesays.com\/fi\/wp-json\/wp\/v2\/media?parent=63538"}],"wp:term":[{"taxonomy":"category","embeddable":true,"href":"https:\/\/www.europesays.com\/fi\/wp-json\/wp\/v2\/categories?post=63538"},{"taxonomy":"post_tag","embeddable":true,"href":"https:\/\/www.europesays.com\/fi\/wp-json\/wp\/v2\/tags?post=63538"}],"curies":[{"name":"wp","href":"https:\/\/api.w.org\/{rel}","templated":true}]}}