{"id":63655,"date":"2025-10-16T10:13:08","date_gmt":"2025-10-16T10:13:08","guid":{"rendered":"https:\/\/www.europesays.com\/fi\/63655\/"},"modified":"2025-10-16T10:13:08","modified_gmt":"2025-10-16T10:13:08","slug":"aijansuon-jaahalliremontti-toteutumassa-lukko-mukaan-miljoonapanostuksella","status":"publish","type":"post","link":"https:\/\/www.europesays.com\/fi\/63655\/","title":{"rendered":"\u00c4ij\u00e4nsuon j\u00e4\u00e4halliremontti toteutumassa \u2013 Lukko mukaan miljoonapanostuksella"},"content":{"rendered":"<p>Rauman kaupunginhallitus k\u00e4sittelee asiaa maanantaina.<\/p>\n<p class=\"article-body mb-nof-24 px-nof-16\">Rauma<\/p>\n<p class=\"article-body mb-nof-24 px-nof-16\">\u00c4ij\u00e4nsuon j\u00e4\u00e4hallin peruskorjaus on toteutumassa. Asiasta on valmisteltu hankesopimus, jota k\u00e4sitell\u00e4\u00e4n Rauman kaupunginhallituksen kokouksessa ensi maanantaina.<\/p>\n<p class=\"article-body mb-nof-24 px-nof-16\">J\u00e4\u00e4hallihankkeen kokonaiskustannuksiksi on arvioitu 20 miljoonaa euroa, ja ne jaetaan Rauman kaupungin ja Rauman Lukko oy:n kesken.<\/p>\n<p class=\"article-body mb-nof-24 px-nof-16\">Kaupungin osuus on enint\u00e4\u00e4n 12,9 euroa ja Lukon 7,1 miljoonaa euroa.<\/p>\n<p class=\"article-body mb-nof-24 px-nof-16\">Lukko maksaa kustannukset kaupungille p\u00e4\u00e4omavuokrina.<\/p>\n<p class=\"article-body mb-nof-24 px-nof-16\">Hankkeen on tarkoitus valmistua loppuvuonna 2028. Hankkeelle esitet\u00e4\u00e4n varattavaksi investointim\u00e4\u00e4r\u00e4rahaa vuoden 2026 talousarvioon sek\u00e4 investointisuunnitelmaan vuosille 2027 ja 2028.<\/p>\n<p class=\"article-body mb-nof-24 px-nof-16\">\u201dJ\u00e4\u00e4hallin uudistaminen ja laajentaminen on Rauman seudun elinvoimaa vahvistava investointi. Uusittu halli mahdollistaa paremmin erilaisten tapahtumien j\u00e4rjest\u00e4misen Raumalla, mik\u00e4 tukee kaupungin vetovoimaa\u201d, Rauman kaupunginjohtaja <a class=\"article-personlink\" href=\"https:\/\/www.satakunnankansa.fi\/haku\/?query=Esko%20Poikela\" rel=\"nofollow noopener\" target=\"_blank\">Esko Poikela <\/a>luonnehtii tiedotteessa.<\/p>\n<p class=\"article-body mb-nof-24 px-nof-16\">\u201dUusittu halli tarjoaa my\u00f6s erinomaiset olosuhteet Rauman seudun j\u00e4\u00e4urheilua harrastavalle nuorisolle.\u201d<\/p>\n<p class=\"article-body mb-nof-24 px-nof-16\">Halliin on tehty viimeksi merkitt\u00e4vi\u00e4 muutost\u00f6it\u00e4 2000-luvun alussa. Vuonna 2023 tutkittiin hallin kantavia puurakenteita.<\/p>\n<p class=\"article-body mb-nof-24 px-nof-16\">Tutkimuksissa todettiin, ett\u00e4 ne eiv\u00e4t t\u00e4yt\u00e4 en\u00e4\u00e4 nykyvaatimuksia.<\/p>\n<p class=\"article-body mb-nof-24 px-nof-16\">\u201dHankkeessa t\u00e4yttyv\u00e4t hyvin yhteiset intressit \u2013 kaupunki toteuttaa hallin tarpeellisen peruskorjauksen, ja samalla mahdollistetaan Lukon tavoitteet el\u00e4mysten tarjoamisesta sek\u00e4 lis\u00e4tilasta, josta Lukko maksaa osuutensa. Ilman Lukon merkitt\u00e4v\u00e4\u00e4 panosta hanke olisi rajautunut peruskorjaukseen, kertoo Rauman kaupungin toimialajohtaja <a class=\"article-personlink\" href=\"https:\/\/www.satakunnankansa.fi\/haku\/?query=Soile%20Strander\" rel=\"nofollow noopener\" target=\"_blank\">Soile Strander<\/a>.<\/p>\n","protected":false},"excerpt":{"rendered":"Rauman kaupunginhallitus k\u00e4sittelee asiaa maanantaina. Rauma \u00c4ij\u00e4nsuon j\u00e4\u00e4hallin peruskorjaus on toteutumassa. Asiasta on valmisteltu hankesopimus, jota k\u00e4sitell\u00e4\u00e4n Rauman&hellip;\n","protected":false},"author":2,"featured_media":63656,"comment_status":"","ping_status":"","sticky":false,"template":"","format":"standard","meta":{"footnotes":""},"categories":[158],"tags":[33,31,30,80,159,32,160],"class_list":{"0":"post-63655","1":"post","2":"type-post","3":"status-publish","4":"format-standard","5":"has-post-thumbnail","7":"category-urheilu","8":"tag-fi","9":"tag-finland","10":"tag-finnish","11":"tag-satakunnan-kansa","12":"tag-sports","13":"tag-suomi","14":"tag-urheilu"},"share_on_mastodon":{"url":"","error":""},"_links":{"self":[{"href":"https:\/\/www.europesays.com\/fi\/wp-json\/wp\/v2\/posts\/63655","targetHints":{"allow":["GET"]}}],"collection":[{"href":"https:\/\/www.europesays.com\/fi\/wp-json\/wp\/v2\/posts"}],"about":[{"href":"https:\/\/www.europesays.com\/fi\/wp-json\/wp\/v2\/types\/post"}],"author":[{"embeddable":true,"href":"https:\/\/www.europesays.com\/fi\/wp-json\/wp\/v2\/users\/2"}],"replies":[{"embeddable":true,"href":"https:\/\/www.europesays.com\/fi\/wp-json\/wp\/v2\/comments?post=63655"}],"version-history":[{"count":0,"href":"https:\/\/www.europesays.com\/fi\/wp-json\/wp\/v2\/posts\/63655\/revisions"}],"wp:featuredmedia":[{"embeddable":true,"href":"https:\/\/www.europesays.com\/fi\/wp-json\/wp\/v2\/media\/63656"}],"wp:attachment":[{"href":"https:\/\/www.europesays.com\/fi\/wp-json\/wp\/v2\/media?parent=63655"}],"wp:term":[{"taxonomy":"category","embeddable":true,"href":"https:\/\/www.europesays.com\/fi\/wp-json\/wp\/v2\/categories?post=63655"},{"taxonomy":"post_tag","embeddable":true,"href":"https:\/\/www.europesays.com\/fi\/wp-json\/wp\/v2\/tags?post=63655"}],"curies":[{"name":"wp","href":"https:\/\/api.w.org\/{rel}","templated":true}]}}