{"id":63736,"date":"2025-10-16T12:01:08","date_gmt":"2025-10-16T12:01:08","guid":{"rendered":"https:\/\/www.europesays.com\/fi\/63736\/"},"modified":"2025-10-16T12:01:08","modified_gmt":"2025-10-16T12:01:08","slug":"jos-tata-ei-jatkossa-saa-linnatuulen-uudesta-huili-taukopaikasta-aikoo-helena-puistola-ottaa-yhteytta-kunnanjohtajaan-hameen-sanomat","status":"publish","type":"post","link":"https:\/\/www.europesays.com\/fi\/63736\/","title":{"rendered":"Jos t\u00e4t\u00e4 ei jatkossa saa Linnatuulen uudesta Huili-taukopaikasta, aikoo Helena Puistola ottaa yhteytt\u00e4 kunnanjohtajaan &#8211; H\u00e4meen Sanomat"},"content":{"rendered":"<ol>\n<li><a href=\"https:\/\/news.google.com\/rss\/articles\/CBMiXEFVX3lxTFB3VHFWZ0ZCYXpkVm1STFpKT2FBQ3AxcHdWMldNbmdBYTdJZDhRQnZRTGRFVnJYc01oRUpUU0JuakJnbFBGS0xERGNwSHYwUGF0MlBSbDRMLTZSbnZY?oc=5\" target=\"_blank\" rel=\"nofollow noopener\">Jos t\u00e4t\u00e4 ei jatkossa saa Linnatuulen uudesta Huili-taukopaikasta, aikoo Helena Puistola ottaa yhteytt\u00e4 kunnanjohtajaan<\/a>&nbsp;&nbsp;H\u00e4meen Sanomat<\/li>\n<li><a href=\"https:\/\/news.google.com\/rss\/articles\/CBMicEFVX3lxTE9IWnpQXy1zdzdCRURqNDZaXy1ZVUJlSjZsNW44UGIzSVJuaU5yUHhsSW9zSkVKN2pmVm15Um1QTS1KcUJBNUJGWDFZbzVlRk5kV2RtUkZwOFZlUVBDczRyNlFkeXhpRkhPb09HWm9QRDk?oc=5\" target=\"_blank\" rel=\"nofollow noopener\">Nyt selvisi Linnatuulen avajaisp\u00e4iv\u00e4: \u201dUskon, ett\u00e4 freesattu ilme kiinnostaa\u201d<\/a>&nbsp;&nbsp;Janakkalan Sanomat<\/li>\n<li><a href=\"https:\/\/news.google.com\/rss\/articles\/CBMidEFVX3lxTE9EYWc5aklXa2FGYTJZOC1TTlVKa3FHT2pnNGR2ZDI0YktwRVh4R1BmUmF4bUNRYjg0ZlJoNGpyU3dmOWtrVktqcmtRSUZhejQwdjIwVFB6eFlidkpIdDRRUlhkVEVsenRVNm84Qkp1c3VpUUkt?oc=5\" target=\"_blank\" rel=\"nofollow noopener\">Uudistunut Linnatuuli avautui ja jonoa riitti ovelle saakka<\/a>&nbsp;&nbsp;Janakkalan Sanomat<\/li>\n<li><a href=\"https:\/\/news.google.com\/rss\/articles\/CBMi8AFBVV95cUxNY2luSVBvZmFpdFdneWxPaWRYVXNhcDVUWXBIZW90OXA1cS1lWU9obTdTc0pxVERhQVExQmxQUjliaHFNNVJJU05kdEZfUy1LdXdyY1A0cDhDb1ZkWVMwUnJ6OXlUQlN3U1Y3b1dnOUQxNy1OTUFBOGYtRnJEQ0FST3ZCSVo2MXB0VFBzUkh2eFlhUkJpaDNqYWpMVjdJODBBU2txU1BVczdRWHVDd0czT3BJTTNCTmN0bGtWM0JOSVBDS1ZGRW1MRGRxWnM3STgyZkFzSGV1WDd6Z0c5MDVnWXNjT1RzXy1uTGFqVjhnTWM?oc=5\" target=\"_blank\" rel=\"nofollow noopener\">Huili saapuu Lappeenrantaan \u2013 uusi taukopaikka avautuu Neste Lappeenranta Simolantielle 24.10.<\/a>&nbsp;&nbsp;STT Info<\/li>\n<li><a href=\"https:\/\/news.google.com\/rss\/articles\/CBMi3AFBVV95cUxNbk5wckNPWFhQODM0amRPc1ZfMHY5WDlOTEhEZDF6QWllMWZuM3dIbXhENkE5bmJFcWU5Y0Q5R19GcEh1X2Q4Zk83N3NYaW5mblp5UVZ6eGt1U2xMenh5RVAyT1MzNUFWdXoyMVFJMHM4U016Z3I0U0syNl9BYXpyVWI1ekF6M3E5T0s4V0ttOUxuUGFHcHZhZ3RQR3pIbWhGWXpZYkxpam5SU3ZyRld4LXRwcmt2bWhPcnpmcDRxM1VNTHpMeEZUWmV3VjdoTHBqcFo0OER3S3BMX0Fm?oc=5\" target=\"_blank\" rel=\"nofollow noopener\">Huili-taukopaikka avataan Neste Janakkala Linnatuulen -liikenneasemalle 16.10.<\/a>&nbsp;&nbsp;STT Info<\/li>\n<\/ol>\n","protected":false},"excerpt":{"rendered":"Jos t\u00e4t\u00e4 ei jatkossa saa Linnatuulen uudesta Huili-taukopaikasta, aikoo Helena Puistola ottaa yhteytt\u00e4 kunnanjohtajaan&nbsp;&nbsp;H\u00e4meen Sanomat Nyt selvisi Linnatuulen&hellip;\n","protected":false},"author":2,"featured_media":63737,"comment_status":"","ping_status":"","sticky":false,"template":"","format":"standard","meta":{"footnotes":""},"categories":[76],"tags":[79,77,33,31,30,3888,14565,3889,14566,3723,14564,32,78,14567],"class_list":{"0":"post-63736","1":"post","2":"type-post","3":"status-publish","4":"format-standard","5":"has-post-thumbnail","7":"category-talous","8":"tag-business","9":"tag-economy","10":"tag-fi","11":"tag-finland","12":"tag-finnish","13":"tag-hameenlinnan-seutukunta","14":"tag-huili-taukopaikka","15":"tag-janakkala","16":"tag-linnatuuli","17":"tag-ravintolat","18":"tag-restel-taukopaikat-oy","19":"tag-suomi","20":"tag-talous","21":"tag-tervakoski-janakkala"},"share_on_mastodon":{"url":"","error":""},"_links":{"self":[{"href":"https:\/\/www.europesays.com\/fi\/wp-json\/wp\/v2\/posts\/63736","targetHints":{"allow":["GET"]}}],"collection":[{"href":"https:\/\/www.europesays.com\/fi\/wp-json\/wp\/v2\/posts"}],"about":[{"href":"https:\/\/www.europesays.com\/fi\/wp-json\/wp\/v2\/types\/post"}],"author":[{"embeddable":true,"href":"https:\/\/www.europesays.com\/fi\/wp-json\/wp\/v2\/users\/2"}],"replies":[{"embeddable":true,"href":"https:\/\/www.europesays.com\/fi\/wp-json\/wp\/v2\/comments?post=63736"}],"version-history":[{"count":0,"href":"https:\/\/www.europesays.com\/fi\/wp-json\/wp\/v2\/posts\/63736\/revisions"}],"wp:featuredmedia":[{"embeddable":true,"href":"https:\/\/www.europesays.com\/fi\/wp-json\/wp\/v2\/media\/63737"}],"wp:attachment":[{"href":"https:\/\/www.europesays.com\/fi\/wp-json\/wp\/v2\/media?parent=63736"}],"wp:term":[{"taxonomy":"category","embeddable":true,"href":"https:\/\/www.europesays.com\/fi\/wp-json\/wp\/v2\/categories?post=63736"},{"taxonomy":"post_tag","embeddable":true,"href":"https:\/\/www.europesays.com\/fi\/wp-json\/wp\/v2\/tags?post=63736"}],"curies":[{"name":"wp","href":"https:\/\/api.w.org\/{rel}","templated":true}]}}