{"id":63762,"date":"2025-10-16T12:54:08","date_gmt":"2025-10-16T12:54:08","guid":{"rendered":"https:\/\/www.europesays.com\/fi\/63762\/"},"modified":"2025-10-16T12:54:08","modified_gmt":"2025-10-16T12:54:08","slug":"maanantaina-gaza-perjantaina-ukraina-siirtyyko-trumpin-fokus-lahi-idasta-takaisin-ukrainaan-uutissuomalainen","status":"publish","type":"post","link":"https:\/\/www.europesays.com\/fi\/63762\/","title":{"rendered":"Maanantaina Gaza, perjantaina Ukraina \u2013 siirtyyk\u00f6 Trumpin fokus L\u00e4hi-id\u00e4st\u00e4 takaisin Ukrainaan? | Uutissuomalainen"},"content":{"rendered":"<p>L\u00e4hi-id\u00e4ss\u00e4 sukkuloinut Yhdysvaltain presidentti Donald Trump oli viel\u00e4 maanantaina Egyptiss\u00e4 allekirjoittamassa Israelin ja \u00e4\u00e4rij\u00e4rjest\u00f6 Hamasin v\u00e4list\u00e4 aselepoasiakirjaa. Perjantaina fokus on Ukrainan sodassa Trumpin tavatessa presidentti Volodymyr Zelenskyin Valkoisessa talossa Washingtonissa.<\/p>\n<p>T\u00e4m\u00e4 ei tarkoita sit\u00e4, ett\u00e4 Yhdysvaltain katse olisi t\u00e4ysin k\u00e4\u00e4ntym\u00e4ss\u00e4 Gazasta Ukrainaan, arvioi STT:lle Helsingin yliopiston poliittisen historian professori Juhana Aunesluoma. Yhdysvaltain ulkopolitiikassa L\u00e4hi-id\u00e4n tilanne on h\u00e4nen mukaansa edelleen ykk\u00f6sprioriteetti.<\/p>\n<p>Viime kuukausina on kuitenkin n\u00e4hty suuri muutos siin\u00e4, miten Trump viestii Ven\u00e4j\u00e4n suuntaan, Aunesluoma sanoo. Yhdysvallat on aiempaa vahvemmin asettunut tukemaan Ukrainaa.<\/p>\n<p>Professorin mukaan onkin kiinnostavaa seurata, kuinka vahva Trumpin viesti Ukrainalle on, kun muita eurooppalaisia ei ole paikalla. N\u00e4ht\u00e4v\u00e4ksi j\u00e4\u00e4, koventaako Trump perjantaina entisest\u00e4\u00e4n puheitaan Ven\u00e4j\u00e4\u00e4 kohtaan.<\/p>\n<p>\t\t\t\tSaako Ukraina Tomahawkeja?<\/p>\n<p>Zelenskyin mukaan perjantaina on tarkoitus keskustella Ukrainan ilmapuolustuksesta ja Ven\u00e4j\u00e4n painostamisesta. Etuk\u00e4teen on arvuuteltu, aikooko Yhdysvallat antaa Ukrainalle pitk\u00e4n kantaman iskuihin soveltuvia Tomahawk-risteilyohjuksia.<\/p>\n<p>Aunesluoman mukaan asiasta varmasti keskustellaan. H\u00e4n kuitenkin uumoilee, ett\u00e4 Tomahawkien suhteen pysyt\u00e4\u00e4n t\u00e4ss\u00e4 vaiheessa viel\u00e4 puheiden tasolla.<\/p>\n<p>\u2013\u2009N\u00e4ist\u00e4 puheista on viel\u00e4 todella pitk\u00e4 matka siihen, ett\u00e4 ensimm\u00e4inen Tomahawk-risteilyohjus nousee ukrainalaiselta lavetilta maaliin jossain kaukana Ven\u00e4j\u00e4ll\u00e4, Aunesluoma sanoo.<\/p>\n<p>Helsingin yliopiston yliopistotutkija Ilmari K\u00e4ihk\u00f6 kokee, ett\u00e4 keskustelu Ukrainan tuesta on viime aikoina keskittynyt liian vahvasti Tomahawkien ymp\u00e4rille.<\/p>\n<p>\u2013\u2009Eih\u00e4n mik\u00e4\u00e4n yksitt\u00e4inen asej\u00e4rjestelm\u00e4 ole t\u00e4ss\u00e4 sodassa ollut hopealuoti, mik\u00e4 muuttaisi tilannetta, K\u00e4ihk\u00f6 kommentoi STT:lle.<\/p>\n<p>K\u00e4ihk\u00f6 ei pid\u00e4 todenn\u00e4k\u00f6isen\u00e4, ett\u00e4 Tomahawk-risteilyohjukset ratkaisisivat Ukrainan sotaa. Tomahawkeihin liittyy viel\u00e4 paljon kysymysmerkkej\u00e4, kuten se, mist\u00e4 Ukraina ohjuksia laukaisisi, millaisia m\u00e4\u00e4ri\u00e4 Ukraina niit\u00e4 saisi ja kuka ne maksaisi.<\/p>\n<p>\u2013\u2009Asej\u00e4rjestelm\u00e4 on hieno, mutta sen hy\u00f6ty j\u00e4isi todenn\u00e4k\u00f6isesti suhteellisen pieneksi.<\/p>\n<p>Ennen kaikkea risteilyohjusten antaminen Ukrainalle l\u00e4hett\u00e4isi K\u00e4ihk\u00f6n mukaan Yhdysvalloilta poliittisen viestin Ven\u00e4j\u00e4n suuntaan. Presidentti Vladimir Putin on varoittanut, ett\u00e4 yhdysvaltalaisten Tomahawkien toimittaminen Ukrainalle voisi heikent\u00e4\u00e4 Ven\u00e4j\u00e4n ja Yhdysvaltain jo entuudestaan tulehtuneita v\u00e4lej\u00e4.<\/p>\n<p>\t\t\t\tSelkiytynyt asetelma<\/p>\n<p>Zelenskyi vieraili Washingtonissa edellisen kerran elokuussa mukanaan joukko Euroopan johtajia. Ilman tukivoimia Zelenskyi vieraili Valkoisessa talossa viimeksi helmikuussa. Tuolloin Zelenskyin, Trumpin ja Yhdysvaltain varapresidentin J.D. Vancen tapaaminen k\u00e4rjistyi ilmiriitaan televisiokameroiden edess\u00e4.<\/p>\n<p>Vastaavasta julkisesta katastrofista ei Aunesluoman mukaan ole t\u00e4ll\u00e4 kertaa vaaraa. Tapaaminen on valmisteltu paremmin, ja Eurooppa on j\u00e4rjest\u00e4nyt rivins\u00e4 selke\u00e4mmin Ukrainan taakse.<\/p>\n<p>\u2013\u2009Trumpin puheet voivat olla mit\u00e4 vaan, mutta Zelenskyi varmasti osaa suhtautua niihin oikein eik\u00e4 eskaloi tilannetta my\u00f6sk\u00e4\u00e4n omilla puheillaan, Aunesluoma sanoo.<\/p>\n<p>\u2013\u2009Jos vertaamme helmikuuta ja t\u00e4t\u00e4 p\u00e4iv\u00e4\u00e4, asetelma on huomattavasti selkiytynyt. Yhdysvaltain ja Trumpin asenne on muuttunut Ukrainalle my\u00f6t\u00e4mielisemm\u00e4ksi, h\u00e4n lis\u00e4\u00e4.<\/p>\n<p>\t\t\t\tKeppi\u00e4 ja porkkanaa<\/p>\n<p>K\u00e4ihk\u00f6n mukaan uutta tilanteessa ovat julkisuuteen tulleet tiedot Yhdysvaltojen Ukrainalle jakamasta tiedustelutiedosta, joka on auttanut Ukrainaa iskem\u00e4\u00e4n Ven\u00e4j\u00e4n energiainfrastruktuuriin.<\/p>\n<p>\u2013\u2009T\u00e4m\u00e4 on merkitt\u00e4v\u00e4 asia. T\u00e4m\u00e4 viittaa siihen, ett\u00e4 konkreettista tukea Ukrainalle on lis\u00e4tty.<\/p>\n<p>K\u00e4ihk\u00f6 painottaa tiedustelutiedon t\u00e4rkeytt\u00e4. H\u00e4n sanoo, ett\u00e4 koska tiedustelutieto on n\u00e4kym\u00e4t\u00f6nt\u00e4 ja aineetonta apua, voi sen merkitys helposti v\u00e4\u00e4risty\u00e4.<\/p>\n<p>Aunesluoman mukaan poliittinen tahto Ukrainan avustusrintamalla on nyt aiempaa paremmilla kantimilla. Hankinnat ovat enemm\u00e4n Euroopan harteilla, mutta niit\u00e4 ostetaan Yhdysvalloista Ukrainalle. Yhdysvallat jatkaa Ukrainalle t\u00e4rke\u00e4n tiedustelutiedon v\u00e4litt\u00e4mist\u00e4.<\/p>\n<p>Aunesluoma katsoo, ett\u00e4 Yhdysvallat on mit\u00e4 ilmeisimmin valmis k\u00e4ytt\u00e4m\u00e4\u00e4n my\u00f6s voimakkaampaa painostusta Ven\u00e4j\u00e4n suuntaan. Trump on k\u00e4ytt\u00e4nyt keppi\u00e4 ja porkkanaa L\u00e4hi-id\u00e4ss\u00e4 ja yritt\u00e4\u00e4 nyt samaa Ven\u00e4j\u00e4n kanssa.<\/p>\n<p>\u2013\u2009Kes\u00e4ll\u00e4 oli se porkkanavaihe, ja nyt puheet ovat koventuneet. T\u00e4m\u00e4 on h\u00e4nen tapansa toimia, Aunesluoma avaa.<\/p>\n<p>H\u00e4n kuitenkin muistuttaa Trumpille olevan luontaista, ett\u00e4 tahti saattaa yll\u00e4tt\u00e4enkin muuttua.<\/p>\n","protected":false},"excerpt":{"rendered":"L\u00e4hi-id\u00e4ss\u00e4 sukkuloinut Yhdysvaltain presidentti Donald Trump oli viel\u00e4 maanantaina Egyptiss\u00e4 allekirjoittamassa Israelin ja \u00e4\u00e4rij\u00e4rjest\u00f6 Hamasin v\u00e4list\u00e4 aselepoasiakirjaa. Perjantaina&hellip;\n","protected":false},"author":2,"featured_media":63763,"comment_status":"","ping_status":"","sticky":false,"template":"","format":"standard","meta":{"footnotes":""},"categories":[14],"tags":[22,23,26,27,33,31,30,17,466,104,24,25,28,29,15,18,21,637,144,2625,32,19,20,549,56,16,2257,59,60,61],"class_list":{"0":"post-63762","1":"post","2":"type-post","3":"status-publish","4":"format-standard","5":"has-post-thumbnail","7":"category-ulkomaat","8":"tag-breaking-news","9":"tag-breakingnews","10":"tag-featured-news","11":"tag-featurednews","12":"tag-fi","13":"tag-finland","14":"tag-finnish","15":"tag-headlines","16":"tag-helsingin-yliopisto","17":"tag-helsinki","18":"tag-latest-news","19":"tag-latestnews","20":"tag-main-news","21":"tag-mainnews","22":"tag-news","23":"tag-otsikot","24":"tag-paauutiset","25":"tag-politiikka","26":"tag-presidentti","27":"tag-sotahistoria","28":"tag-suomi","29":"tag-top-stories","30":"tag-topstories","31":"tag-ukrainan-sota","32":"tag-ulkomaat","33":"tag-uutiset","34":"tag-vladimir-putin","35":"tag-world","36":"tag-world-news","37":"tag-worldnews"},"share_on_mastodon":{"url":"","error":""},"_links":{"self":[{"href":"https:\/\/www.europesays.com\/fi\/wp-json\/wp\/v2\/posts\/63762","targetHints":{"allow":["GET"]}}],"collection":[{"href":"https:\/\/www.europesays.com\/fi\/wp-json\/wp\/v2\/posts"}],"about":[{"href":"https:\/\/www.europesays.com\/fi\/wp-json\/wp\/v2\/types\/post"}],"author":[{"embeddable":true,"href":"https:\/\/www.europesays.com\/fi\/wp-json\/wp\/v2\/users\/2"}],"replies":[{"embeddable":true,"href":"https:\/\/www.europesays.com\/fi\/wp-json\/wp\/v2\/comments?post=63762"}],"version-history":[{"count":0,"href":"https:\/\/www.europesays.com\/fi\/wp-json\/wp\/v2\/posts\/63762\/revisions"}],"wp:featuredmedia":[{"embeddable":true,"href":"https:\/\/www.europesays.com\/fi\/wp-json\/wp\/v2\/media\/63763"}],"wp:attachment":[{"href":"https:\/\/www.europesays.com\/fi\/wp-json\/wp\/v2\/media?parent=63762"}],"wp:term":[{"taxonomy":"category","embeddable":true,"href":"https:\/\/www.europesays.com\/fi\/wp-json\/wp\/v2\/categories?post=63762"},{"taxonomy":"post_tag","embeddable":true,"href":"https:\/\/www.europesays.com\/fi\/wp-json\/wp\/v2\/tags?post=63762"}],"curies":[{"name":"wp","href":"https:\/\/api.w.org\/{rel}","templated":true}]}}