{"id":63823,"date":"2025-10-16T14:13:11","date_gmt":"2025-10-16T14:13:11","guid":{"rendered":"https:\/\/www.europesays.com\/fi\/63823\/"},"modified":"2025-10-16T14:13:11","modified_gmt":"2025-10-16T14:13:11","slug":"savolaisen-yrityksen-tuote-on-time-lehden-mielesta-yksi-vuoden-parhaista-keksinnoista-savo","status":"publish","type":"post","link":"https:\/\/www.europesays.com\/fi\/63823\/","title":{"rendered":"Savolaisen yrityksen tuote on Time-lehden mielest\u00e4 yksi vuoden parhaista keksinn\u00f6ist\u00e4 | Savo"},"content":{"rendered":"<p>Lepp\u00e4virtalaisen Snow Secure -yhti\u00f6n lumens\u00e4ilytykseen kehitetty eristematto p\u00e4\u00e4si viime viikolla julkaistulle Time-lehden <a href=\"https:\/\/time.com\/collections\/best-inventions-2025\/\" rel=\"nofollow noopener\" target=\"_blank\">listaukselle<\/a> vuoden parhaista keksinn\u00f6ist\u00e4.<\/p>\n<p>Eristemattojen avulla s\u00e4il\u00f6t\u00e4\u00e4n lunta kes\u00e4n yli esimerkiksi hiihtokeskuksissa. Yhti\u00f6n verkkosivujen mukaan edelliskauden lumen s\u00e4il\u00f6minen on v\u00e4hent\u00e4nyt joidenkin lomakeskusten s\u00e4hk\u00f6nkulutusta jopa 85 prosenttia verrattuna perinteiseen lumettamiseen.<\/p>\n<p>Suomessa Snow Securen tuotteita k\u00e4ytet\u00e4\u00e4n Levin ja Rukan laskettelukeskuksissa. Yhti\u00f6ll\u00e4 on asiakkaita my\u00f6s Ruotsissa, Norjassa, Italiassa, Tsekiss\u00e4, Sveitsiss\u00e4, Yhdysvalloissa ja Kanadassa.<\/p>\n<p>Yhti\u00f6n mukaan 70 prosenttia sen liikevaihdosta tulee viennist\u00e4. Viime vuonna p\u00e4\u00e4ttyneell\u00e4 tilikaudella liikevaihto oli yli 1,3 miljoonaa euroa ja tulos niukasti positiivinen.<\/p>\n<p><strong class=\"diks-storyline__impact\">Time on koonnut<\/strong> parhaiden keksint\u00f6jen listaa vuodesta 2000. T\u00e4n\u00e4 vuonna mukana oli 300 keksint\u00f6\u00e4 ja 100 erityismainintaa eri aloilta.<\/p>\n<p>Muista suomalaisista keksinn\u00f6ist\u00e4 listalta l\u00f6ytyy teknologiayhti\u00f6 W\u00e4rtsil\u00e4n akuilla toimiva s\u00e4hk\u00f6energian tasausj\u00e4rjestelm\u00e4. Se tasaa uusiutuvan energian tuotannosta kuten tuulivoimasta johtuvaa tuotannon vaihtelua. J\u00e4rjestelm\u00e4 rakennettiin Skotlantiin viime vuonna.<\/p>\n<p>Samalla periaatteella toimii listalta l\u00f6ytyv\u00e4 Tampereella toimivan Polar Night Energyn hiekka-akku. Se varaa l\u00e4mp\u00f6energiaa hiekkaan ja tasaa siten s\u00e4hk\u00f6nhinnan vaihtelun vaikutuksia kaukol\u00e4mm\u00f6n tuotannolle.<\/p>\n<p>My\u00f6s suomalainen \u00e4lylaitevalmistaja Oura sai tuotteensa Timen listaukseen. Ouran \u00e4lysormusmalli Ring 4:\u00e4\u00e4 kehutaan erityisesti mittausten tarkkuudesta.<\/p>\n","protected":false},"excerpt":{"rendered":"Lepp\u00e4virtalaisen Snow Secure -yhti\u00f6n lumens\u00e4ilytykseen kehitetty eristematto p\u00e4\u00e4si viime viikolla julkaistulle Time-lehden listaukselle vuoden parhaista keksinn\u00f6ist\u00e4. Eristemattojen avulla&hellip;\n","protected":false},"author":2,"featured_media":63824,"comment_status":"","ping_status":"","sticky":false,"template":"","format":"standard","meta":{"footnotes":""},"categories":[12],"tags":[22,23,26,27,33,31,30,17,24,25,11759,1320,28,29,15,18,21,710,2007,932,32,551,712,19,20,16],"class_list":{"0":"post-63823","1":"post","2":"type-post","3":"status-publish","4":"format-standard","5":"has-post-thumbnail","7":"category-suomi","8":"tag-breaking-news","9":"tag-breakingnews","10":"tag-featured-news","11":"tag-featurednews","12":"tag-fi","13":"tag-finland","14":"tag-finnish","15":"tag-headlines","16":"tag-latest-news","17":"tag-latestnews","18":"tag-leppavirta","19":"tag-liikevaihto","20":"tag-main-news","21":"tag-mainnews","22":"tag-news","23":"tag-otsikot","24":"tag-paauutiset","25":"tag-saa","26":"tag-sahko","27":"tag-sahkontuotanto-ja-jakelu","28":"tag-suomi","29":"tag-tampere","30":"tag-tampereen-seutukunta","31":"tag-top-stories","32":"tag-topstories","33":"tag-uutiset"},"share_on_mastodon":{"url":"","error":""},"_links":{"self":[{"href":"https:\/\/www.europesays.com\/fi\/wp-json\/wp\/v2\/posts\/63823","targetHints":{"allow":["GET"]}}],"collection":[{"href":"https:\/\/www.europesays.com\/fi\/wp-json\/wp\/v2\/posts"}],"about":[{"href":"https:\/\/www.europesays.com\/fi\/wp-json\/wp\/v2\/types\/post"}],"author":[{"embeddable":true,"href":"https:\/\/www.europesays.com\/fi\/wp-json\/wp\/v2\/users\/2"}],"replies":[{"embeddable":true,"href":"https:\/\/www.europesays.com\/fi\/wp-json\/wp\/v2\/comments?post=63823"}],"version-history":[{"count":0,"href":"https:\/\/www.europesays.com\/fi\/wp-json\/wp\/v2\/posts\/63823\/revisions"}],"wp:featuredmedia":[{"embeddable":true,"href":"https:\/\/www.europesays.com\/fi\/wp-json\/wp\/v2\/media\/63824"}],"wp:attachment":[{"href":"https:\/\/www.europesays.com\/fi\/wp-json\/wp\/v2\/media?parent=63823"}],"wp:term":[{"taxonomy":"category","embeddable":true,"href":"https:\/\/www.europesays.com\/fi\/wp-json\/wp\/v2\/categories?post=63823"},{"taxonomy":"post_tag","embeddable":true,"href":"https:\/\/www.europesays.com\/fi\/wp-json\/wp\/v2\/tags?post=63823"}],"curies":[{"name":"wp","href":"https:\/\/api.w.org\/{rel}","templated":true}]}}