{"id":63847,"date":"2025-10-16T14:52:09","date_gmt":"2025-10-16T14:52:09","guid":{"rendered":"https:\/\/www.europesays.com\/fi\/63847\/"},"modified":"2025-10-16T14:52:09","modified_gmt":"2025-10-16T14:52:09","slug":"ansku-bergstromilta-rakkauspaivitys-kolme-sydanta","status":"publish","type":"post","link":"https:\/\/www.europesays.com\/fi\/63847\/","title":{"rendered":"Ansku Bergstr\u00f6milt\u00e4 rakkausp\u00e4ivitys \u2013 kolme syd\u00e4nt\u00e4"},"content":{"rendered":"<p>Tanssija <strong>Ansku Bergstr\u00f6min<\/strong> rakkausel\u00e4m\u00e4 on kokenut t\u00e4m\u00e4n vuoden aikana monenlaisia muutoksia. H\u00e4n erosi heti vuoden alussa <strong>Elina Gustafssonista<\/strong>. Parin oli jo aiemmin uumoiltu eronneen, mutta ex-rakastavaiset kertoivat siit\u00e4 lopulta kaikille suoraan somep\u00e4ivityksen kautta.<\/p>\n<p>Lue my\u00f6s: <a href=\"https:\/\/www.como.fi\/uutiset\/ansku-bergstromilta-herkka-rakkauspaivitys-katso-kuvat\/\" title=\"Ansku Bergstr\u00f6milt\u00e4 herkk\u00e4 rakkausp\u00e4ivitys \u2013 katso kuvat\" class=\"underline-custom !font-montserrat !font-bold !underline-offset-4 !decoration-4 !decoration-red-600 !text-md\" rel=\"nofollow noopener\" target=\"_blank\">Ansku Bergstr\u00f6milt\u00e4 herkk\u00e4 rakkausp\u00e4ivitys \u2013 katso kuvat<\/a><\/p>\n<p>Ansku julkaisi kes\u00e4ll\u00e4 mysteerisen kuvan, jossa joku nojasi h\u00e4nen takanaan h\u00e4neen selk\u00e4\u00e4ns\u00e4 kohti. Tietoja uudesta kumppanista alkoi tulla h\u00e4nen sometililleen kes\u00e4n aikana v\u00e4hitellen lis\u00e4\u00e4.<\/p>\n<p>\u2013 Onnea rakkauden t\u00e4yteist\u00e4 yhteis eloa teille rakastavaiset, kirjoitti joku kes\u00e4ll\u00e4 Anskun julkaisuun.<\/p>\n<p>Anskun sometilille ei ole ilmestynyt v\u00e4h\u00e4\u00e4n aikaan mit\u00e4\u00e4n kumppaniin liittyv\u00e4\u00e4. Nyt siihen tuli muutos. H\u00e4n on julkaissut Instagram-tarinoihinsa kuvan, jossa h\u00e4n pit\u00e4\u00e4 jonkun k\u00e4dest\u00e4 tiukasti kiinni. Julkaisun alaosassa on kolme syd\u00e4nemojia, joka viittaa rakkauteen.<\/p>\n<p>Lue my\u00f6s: <a href=\"https:\/\/www.como.fi\/uutiset\/seiska-tassa-on-ansku-bergstromin-uusi-rakas\/\" title=\"Seiska: T\u00e4ss\u00e4 on Ansku Bergstr\u00f6min uusi rakas\" class=\"underline-custom !font-montserrat !font-bold !underline-offset-4 !decoration-4 !decoration-red-600 !text-md\" rel=\"nofollow noopener\" target=\"_blank\">Seiska: T\u00e4ss\u00e4 on Ansku Bergstr\u00f6min uusi rakas<\/a><\/p>\n<p>Ansku julkaisi heti t\u00e4m\u00e4n per\u00e4\u00e4n kuvan m\u00f6kkins\u00e4 laiturilta. Sen perusteella voi olettaa, ett\u00e4 h\u00e4n on rakkaansa kanssa m\u00f6kill\u00e4. Sit\u00e4 ei h\u00e4nen julkaisuistaan ole selvinnyt, onko kyseess\u00e4 sama ihminen vai onko kumppani muuttunut kes\u00e4n j\u00e4lkeen.<\/p>\n<p>Lue my\u00f6s: <a href=\"https:\/\/www.como.fi\/uutiset\/tahan-asuun-ansku-bergstrom-pukeutui-synttareillaan-mustaa-nahkaa-lapikuultavaa-pitsia\/\" title=\"T\u00e4h\u00e4n asuun Ansku Bergstr\u00f6m pukeutui syntt\u00e4reill\u00e4\u00e4n \u2013 mustaa nahkaa, l\u00e4pikuultavaa pitsi\u00e4\u2026\" class=\"underline-custom !font-montserrat !font-bold !underline-offset-4 !decoration-4 !decoration-red-600 !text-md\" rel=\"nofollow noopener\" target=\"_blank\">T\u00e4h\u00e4n asuun Ansku Bergstr\u00f6m pukeutui syntt\u00e4reill\u00e4\u00e4n \u2013 mustaa nahkaa, l\u00e4pikuultavaa pitsi\u00e4\u2026<\/a><\/p>\n<p>Anskulla on ollut syksyn aikana mukavia hetki\u00e4. H\u00e4n vietti esimerkiksi juuri syntym\u00e4p\u00e4iv\u00e4juhliaan v\u00e4h\u00e4n sen j\u00e4lkeen, kun h\u00e4n t\u00e4ytti 40 vuotta. H\u00e4nen sometilill\u00e4\u00e4n on n\u00e4hty juhlista paljon kuvia.<\/p>\n<p>Jos upotus ei n\u00e4y, avaa se auki <a href=\"https:\/\/www.instagram.com\/p\/DPytgdODCYo\/?utm_source=ig_web_copy_link&amp;igsh=MzRlODBiNWFlZA==\" target=\"_blank\" rel=\"noreferrer noopener nofollow\">t\u00e4st\u00e4<\/a>.<\/p>\n<p>Lue my\u00f6s: <a href=\"https:\/\/www.como.fi\/tilaa-comon-uutiskirje\/\" title=\"Tilaa Comon uutiskirje ja tied\u00e4t mist\u00e4 kahvitauolla puhutaan! Nappaa kotimaan tv-vinkit ja puheenaiheet suoraan s\u00e4hk\u00f6postiin t\u00e4st\u00e4.\" class=\"underline-custom !font-montserrat !font-bold !underline-offset-4 !decoration-4 !decoration-red-600 !text-md\" rel=\"nofollow noopener\" target=\"_blank\">Tilaa Comon uutiskirje ja tied\u00e4t mist\u00e4 kahvitauolla puhutaan! Nappaa kotimaan tv-vinkit ja puheenaiheet suoraan s\u00e4hk\u00f6postiin t\u00e4st\u00e4.<\/a><\/p>\n<p>\t\t\t\t<script async src=\"\/\/www.instagram.com\/embed.js\"><\/script><\/p>\n","protected":false},"excerpt":{"rendered":"Tanssija Ansku Bergstr\u00f6min rakkausel\u00e4m\u00e4 on kokenut t\u00e4m\u00e4n vuoden aikana monenlaisia muutoksia. H\u00e4n erosi heti vuoden alussa Elina Gustafssonista.&hellip;\n","protected":false},"author":2,"featured_media":57476,"comment_status":"","ping_status":"","sticky":false,"template":"","format":"standard","meta":{"footnotes":""},"categories":[136],"tags":[2667,407,137,33,31,30,408,32,109],"class_list":{"0":"post-63847","1":"post","2":"type-post","3":"status-publish","4":"format-standard","5":"has-post-thumbnail","7":"category-julkkikset","8":"tag-ansku-bergstru00f6m","9":"tag-celebrities","10":"tag-entertainment","11":"tag-fi","12":"tag-finland","13":"tag-finnish","14":"tag-julkkikset","15":"tag-suomi","16":"tag-viihde"},"share_on_mastodon":{"url":"","error":""},"_links":{"self":[{"href":"https:\/\/www.europesays.com\/fi\/wp-json\/wp\/v2\/posts\/63847","targetHints":{"allow":["GET"]}}],"collection":[{"href":"https:\/\/www.europesays.com\/fi\/wp-json\/wp\/v2\/posts"}],"about":[{"href":"https:\/\/www.europesays.com\/fi\/wp-json\/wp\/v2\/types\/post"}],"author":[{"embeddable":true,"href":"https:\/\/www.europesays.com\/fi\/wp-json\/wp\/v2\/users\/2"}],"replies":[{"embeddable":true,"href":"https:\/\/www.europesays.com\/fi\/wp-json\/wp\/v2\/comments?post=63847"}],"version-history":[{"count":0,"href":"https:\/\/www.europesays.com\/fi\/wp-json\/wp\/v2\/posts\/63847\/revisions"}],"wp:featuredmedia":[{"embeddable":true,"href":"https:\/\/www.europesays.com\/fi\/wp-json\/wp\/v2\/media\/57476"}],"wp:attachment":[{"href":"https:\/\/www.europesays.com\/fi\/wp-json\/wp\/v2\/media?parent=63847"}],"wp:term":[{"taxonomy":"category","embeddable":true,"href":"https:\/\/www.europesays.com\/fi\/wp-json\/wp\/v2\/categories?post=63847"},{"taxonomy":"post_tag","embeddable":true,"href":"https:\/\/www.europesays.com\/fi\/wp-json\/wp\/v2\/tags?post=63847"}],"curies":[{"name":"wp","href":"https:\/\/api.w.org\/{rel}","templated":true}]}}