{"id":63848,"date":"2025-10-16T14:55:08","date_gmt":"2025-10-16T14:55:08","guid":{"rendered":"https:\/\/www.europesays.com\/fi\/63848\/"},"modified":"2025-10-16T14:55:08","modified_gmt":"2025-10-16T14:55:08","slug":"teksti-tv-sai-jalleen-uuden-sivun-jossa-on-vain-yksi-musta-piste-kotimaa","status":"publish","type":"post","link":"https:\/\/www.europesays.com\/fi\/63848\/","title":{"rendered":"Teksti-tv sai j\u00e4lleen uuden sivun, jossa on vain yksi musta piste | Kotimaa"},"content":{"rendered":"<p class=\"aw-1gybjub aw-5vja16 ghpEtB kjanFo yle__article__paragraph\">Keltainen sivu luotiin yleis\u00f6n toiveesta. Sit\u00e4 on kiitelty rauhoittavaksi.<\/p>\n<p><img decoding=\"async\" alt=\"Henkil\u00f6 katsoo suuresta televisiosta keltaista teksti-tv:n sivua 572.\" src=\"https:\/\/www.europesays.com\/fi\/wp-content\/uploads\/2025\/10\/39-153873468ef9832c8841.jpeg\" class=\"aw-1l9m598 hKVVvP\"\/><\/p>\n<p>Avaa kuvien katselu<\/p>\n<p>T\u00e4lt\u00e4 n\u00e4ytt\u00e4\u00e4 teksti-tv:n keltainen sivu ja alakulman musta piste. Kuva: Petteri B\u00fclow \/ Yle<\/p>\n<p class=\"aw-1gybjub aw-1p7kakr ghpEtB jtovHP yle__article__paragraph\">Teksti-tv:st\u00e4 l\u00f6ytyy jo toinen kirkasvalon idealla toimiva sivu.<\/p>\n<p class=\"aw-1gybjub aw-1p7kakr ghpEtB jtovHP yle__article__paragraph\">Viime viikolla <a class=\"aw-iao6s4 iHOxEa yle__article__link\" href=\"https:\/\/yle.fi\/a\/74-20187285\" role=\"link\" rel=\"nofollow noopener\" target=\"_blank\">Yle kertoi<\/a> teksti-tv:n valkoisesta sivusta, jota voi k\u00e4ytt\u00e4\u00e4 luomaan valoa pimeyteen. Uutinen ker\u00e4si <a class=\"aw-iao6s4 iHOxEa yle__article__link\" href=\"https:\/\/www.instagram.com\/p\/DPwLm6_Dd64\/?hl=fi&amp;img_index=1\" role=\"link\" rel=\"nofollow noopener\" target=\"_blank\">Yle Uutisten Instagram-tilill\u00e4<\/a> paljon kommentteja ja tuhansia tykk\u00e4yksi\u00e4.<\/p>\n<p class=\"aw-1gybjub aw-1p7kakr ghpEtB jtovHP yle__article__paragraph\">My\u00f6s sosiaalisen median vaikuttaja ja radiojuontaja <strong class=\"aw-ak79eh KyCXm yle__article__strong\">Kasper Str\u00f6mman<\/strong> murjaisi teksti-tv:n valkoisesta sivusta vitsin Instagram-tilll\u00e4\u00e4n.<\/p>\n<p class=\"aw-1gybjub aw-1p7kakr ghpEtB jtovHP yle__article__paragraph\">H\u00e4n toetaa, ett\u00e4 Suomi on korkean teknologian maa, ja Piilaaksossa ei ole t\u00e4llaisia hienouksia.<\/p>\n<p class=\"aw-1gybjub aw-1p7kakr ghpEtB jtovHP yle__article__paragraph\">Yksi Ylen Instagram-tilille kommentoineista lukijoista ehdotti Ylelle, voisiko valo olla keltaisempaa eik\u00e4 kovan valkoista. N\u00e4hty\u00e4\u00e4n kommentin Ylen teksti-tv:n toimittaja <strong class=\"aw-ak79eh KyCXm yle__article__strong\">Matti R\u00e4m\u00f6<\/strong> p\u00e4\u00e4tti tehd\u00e4 keltaisen sivun.<\/p>\n<p class=\"aw-1gybjub aw-1p7kakr ghpEtB jtovHP yle__article__paragraph\">\u2013 Hetken mietin, onko t\u00e4ss\u00e4 nyt mit\u00e4\u00e4n j\u00e4rke\u00e4. Sitten ajattelin, ett\u00e4 kokeillaan. Tuollaisen sivun tekee hetkess\u00e4, R\u00e4m\u00f6 kertoo.<\/p>\n<p class=\"aw-1gybjub aw-1p7kakr ghpEtB jtovHP yle__article__paragraph\">My\u00f6s alkuper\u00e4inen valkoinen sivu syntyi yleis\u00f6n toiveesta vuonna 2012.<\/p>\n<p class=\"aw-1gybjub aw-1p7kakr ghpEtB jtovHP yle__article__paragraph\">Vaikeinta R\u00e4m\u00f6n mukaan oli l\u00f6yt\u00e4\u00e4 sopiva sivu keltaiselle valolle. H\u00e4n halusi, ett\u00e4 se olisi loogisesti mahdollisimman l\u00e4hell\u00e4 valkoista sivua. Keltainen sivu l\u00f6ytyy nyt sivulta 572 ja valkoinen 579.<\/p>\n<p class=\"aw-1gybjub aw-1p7kakr ghpEtB jtovHP yle__article__paragraph\">Kummaltakin sivulta l\u00f6ytyy kuitenkin yksi musta piste, joka on R\u00e4m\u00f6n oma p\u00e4\u00e4h\u00e4npisto. Aika ajoin h\u00e4n vaihtaa sen paikkaa sivulla.<\/p>\n<p class=\"aw-1gybjub aw-1p7kakr ghpEtB jtovHP yle__article__paragraph\">\u2013 Se toimii mietiskelyv\u00e4lineen\u00e4, johon voi keskitt\u00e4\u00e4 ajatuksensa. Se avaa uuden ulottuvuuden sivun k\u00e4ytt\u00f6\u00f6n, h\u00e4n selitt\u00e4\u00e4 pisteen merkityst\u00e4.<\/p>\n<p class=\"aw-1gybjub aw-1p7kakr ghpEtB jtovHP yle__article__paragraph\">Uudesta keltaisesta sivusta on tullut my\u00f6s jo kiitt\u00e4v\u00e4\u00e4 palautetta Ylelle. Sivua on kiitelty pehme\u00e4mm\u00e4ksi ja rauhoittavaksi.<\/p>\n<p>Teksti-tv:ll\u00e4 yh\u00e4 miljoona k\u00e4ytt\u00e4j\u00e4\u00e4<\/p>\n<ul class=\"aw-1jjocuh iJTSwP yle__article__list yle__article__list--ul\">\n<li class=\"aw-1j7gwms eEeLbO\">Ylen teksti-tv on pit\u00e4nyt pintansa: l\u00e4hes 600\u00a0000 k\u00e4ytt\u00e4\u00e4 sit\u00e4 p\u00e4ivitt\u00e4in.<\/li>\n<li class=\"aw-1j7gwms eEeLbO\">Yhteens\u00e4 k\u00e4ytt\u00e4ji\u00e4 on yli miljoona, eniten yli 60-vuotiaita.<\/li>\n<li class=\"aw-1j7gwms eEeLbO\">K\u00e4ytetyimm\u00e4t sivut ovat etusivun lis\u00e4ksi uutiset, urheilu, s\u00e4\u00e4 ja veikkaus.<\/li>\n<li class=\"aw-1j7gwms eEeLbO\">Teksti-tv t\u00e4ytti lokakuussa 44 vuotta.<br \/>\nL\u00e4hde: Syksyn 2024 Kanava- ja palvelututkimus (KMK)<\/li>\n<\/ul>\n<p><script async src=\"\/\/www.instagram.com\/embed.js\"><\/script><\/p>\n","protected":false},"excerpt":{"rendered":"Keltainen sivu luotiin yleis\u00f6n toiveesta. Sit\u00e4 on kiitelty rauhoittavaksi. Avaa kuvien katselu T\u00e4lt\u00e4 n\u00e4ytt\u00e4\u00e4 teksti-tv:n keltainen sivu ja&hellip;\n","protected":false},"author":2,"featured_media":63849,"comment_status":"","ping_status":"","sticky":false,"template":"","format":"standard","meta":{"footnotes":""},"categories":[133],"tags":[137,33,31,30,71,1077,32,10225,13310,206,156,109],"class_list":{"0":"post-63848","1":"post","2":"type-post","3":"status-publish","4":"format-standard","5":"has-post-thumbnail","7":"category-televisiot","8":"tag-entertainment","9":"tag-fi","10":"tag-finland","11":"tag-finnish","12":"tag-kotimaa","13":"tag-media","14":"tag-suomi","15":"tag-teksti-tv","16":"tag-televisio-joukkoviestimet","17":"tag-televisiot","18":"tag-tv","19":"tag-viihde"},"share_on_mastodon":{"url":"","error":""},"_links":{"self":[{"href":"https:\/\/www.europesays.com\/fi\/wp-json\/wp\/v2\/posts\/63848","targetHints":{"allow":["GET"]}}],"collection":[{"href":"https:\/\/www.europesays.com\/fi\/wp-json\/wp\/v2\/posts"}],"about":[{"href":"https:\/\/www.europesays.com\/fi\/wp-json\/wp\/v2\/types\/post"}],"author":[{"embeddable":true,"href":"https:\/\/www.europesays.com\/fi\/wp-json\/wp\/v2\/users\/2"}],"replies":[{"embeddable":true,"href":"https:\/\/www.europesays.com\/fi\/wp-json\/wp\/v2\/comments?post=63848"}],"version-history":[{"count":0,"href":"https:\/\/www.europesays.com\/fi\/wp-json\/wp\/v2\/posts\/63848\/revisions"}],"wp:featuredmedia":[{"embeddable":true,"href":"https:\/\/www.europesays.com\/fi\/wp-json\/wp\/v2\/media\/63849"}],"wp:attachment":[{"href":"https:\/\/www.europesays.com\/fi\/wp-json\/wp\/v2\/media?parent=63848"}],"wp:term":[{"taxonomy":"category","embeddable":true,"href":"https:\/\/www.europesays.com\/fi\/wp-json\/wp\/v2\/categories?post=63848"},{"taxonomy":"post_tag","embeddable":true,"href":"https:\/\/www.europesays.com\/fi\/wp-json\/wp\/v2\/tags?post=63848"}],"curies":[{"name":"wp","href":"https:\/\/api.w.org\/{rel}","templated":true}]}}