{"id":63854,"date":"2025-10-16T15:01:10","date_gmt":"2025-10-16T15:01:10","guid":{"rendered":"https:\/\/www.europesays.com\/fi\/63854\/"},"modified":"2025-10-16T15:01:10","modified_gmt":"2025-10-16T15:01:10","slug":"pitkasarvinen-elain-ryomi-lasten-hiekkalaatikon-liepeilla-osoittautui-harvinaiseksi-tampereella","status":"publish","type":"post","link":"https:\/\/www.europesays.com\/fi\/63854\/","title":{"rendered":"Pitk\u00e4sarvinen el\u00e4in ry\u00f6mi lasten hiekkalaatikon liepeill\u00e4 \u2013 Osoittautui harvinaiseksi Tampereella"},"content":{"rendered":"<p>Moron luontotohtori vastaa joka viikko pirkanmaalaisiin luontokysymyksiin.<\/p>\n<p class=\"article-body mb-nof-24 px-nof-16\">Luontotohtorille voi l\u00e4hett\u00e4\u00e4 p\u00e4hk\u00e4ilt\u00e4v\u00e4\u00e4 valokuvan kera moro@aamulehti.fi-s\u00e4hk\u00f6postiin. Kuva on tunnistamisen kannalta t\u00e4rke\u00e4 asia.<\/p>\n<p class=\"article-body mb-nof-24 px-nof-16\">Kerro my\u00f6s, mill\u00e4 paikkakunnalla ja millaisessa paikassa havainto on tehty. Liit\u00e4 kysymykseen tieto luontohavainnon ajasta sek\u00e4 eli\u00f6n kokoarvio.<\/p>\n<p class=\"article-body mb-nof-24 px-nof-16\">Luontotohtori setvii vain Pirkanmaalla tehtyj\u00e4 havaintoja.<\/p>\n<p class=\"article-body mb-nof-24 px-nof-16\">Moron luontotohtori on Tomi Kumpulainen, joka on Tampereen luonnontieteellisen museon intendentti.<\/p>\n<p class=\"article-body mb-nof-24 px-nof-16\">Lukija kysyy: Mik\u00e4h\u00e4n etana\/kotilo mahtaa olla kyseess\u00e4? T\u00e4m\u00e4 el\u00e4in l\u00f6ytyi lasten hiekkalaatikon reunalta taloyhti\u00f6n piha-alueelta Tampereelta 30.9.25.<\/p>\n<p class=\"article-body mb-nof-24 px-nof-16\"><a class=\"article-personlink\" href=\"https:\/\/www.aamulehti.fi\/haku\/?query=Matti\" rel=\"nofollow noopener\" target=\"_blank\">Matti<\/a><\/p>\n<p class=\"article-body mb-nof-24 px-nof-16\">Luontotohtori vastaa: Kuvassa on viinim\u00e4kikotilo. Se on maamme suurin maakotilolaji (kuorellinen maalla el\u00e4v\u00e4 etana). Laji on kotoisin Keski-Euroopasta, mutta sit\u00e4 on tavattu meill\u00e4 keskiajalta l\u00e4htien, jolloin viinim\u00e4kikotiloita kasvatettiin ruuaksi. Sen takia lajia tavataan yleisimmin rannikon vanhojen kaupunkien ja kylien l\u00e4hist\u00f6ll\u00e4.<\/p>\n<p class=\"article-body mb-nof-24 px-nof-16\">Pirkanmaalla laji on nyky\u00e4\u00e4nkin viel\u00e4 varsin harvinainen. Viinim\u00e4kikotilo esiintyy l\u00e4hes aina ihmisen muokkaamissa ymp\u00e4rist\u00f6iss\u00e4, mutta se on harmiton, eik\u00e4 aiheuta tuhoja viljelyksill\u00e4, toisin kuin hyvin yleinen ja puolet pienempi lehtokotilo.<\/p>\n<p class=\"article-body mb-nof-24 px-nof-16\">Viinim\u00e4kikotilon ruokaa ovat kentt\u00e4kerroksen matalien kasvien kuten voikukkien sek\u00e4 erilaisten luonnonvaraisten pensaiden lehdet, joskus my\u00f6s muiden kotiloiden ja etanoiden munat.<\/p>\n","protected":false},"excerpt":{"rendered":"Moron luontotohtori vastaa joka viikko pirkanmaalaisiin luontokysymyksiin. Luontotohtorille voi l\u00e4hett\u00e4\u00e4 p\u00e4hk\u00e4ilt\u00e4v\u00e4\u00e4 valokuvan kera moro@aamulehti.fi-s\u00e4hk\u00f6postiin. Kuva on tunnistamisen kannalta&hellip;\n","protected":false},"author":2,"featured_media":63855,"comment_status":"","ping_status":"","sticky":false,"template":"","format":"standard","meta":{"footnotes":""},"categories":[112],"tags":[157,33,31,30,118,32,119],"class_list":{"0":"post-63854","1":"post","2":"type-post","3":"status-publish","4":"format-standard","5":"has-post-thumbnail","7":"category-tiede","8":"tag-aamulehti","9":"tag-fi","10":"tag-finland","11":"tag-finnish","12":"tag-science","13":"tag-suomi","14":"tag-tiede"},"share_on_mastodon":{"url":"","error":""},"_links":{"self":[{"href":"https:\/\/www.europesays.com\/fi\/wp-json\/wp\/v2\/posts\/63854","targetHints":{"allow":["GET"]}}],"collection":[{"href":"https:\/\/www.europesays.com\/fi\/wp-json\/wp\/v2\/posts"}],"about":[{"href":"https:\/\/www.europesays.com\/fi\/wp-json\/wp\/v2\/types\/post"}],"author":[{"embeddable":true,"href":"https:\/\/www.europesays.com\/fi\/wp-json\/wp\/v2\/users\/2"}],"replies":[{"embeddable":true,"href":"https:\/\/www.europesays.com\/fi\/wp-json\/wp\/v2\/comments?post=63854"}],"version-history":[{"count":0,"href":"https:\/\/www.europesays.com\/fi\/wp-json\/wp\/v2\/posts\/63854\/revisions"}],"wp:featuredmedia":[{"embeddable":true,"href":"https:\/\/www.europesays.com\/fi\/wp-json\/wp\/v2\/media\/63855"}],"wp:attachment":[{"href":"https:\/\/www.europesays.com\/fi\/wp-json\/wp\/v2\/media?parent=63854"}],"wp:term":[{"taxonomy":"category","embeddable":true,"href":"https:\/\/www.europesays.com\/fi\/wp-json\/wp\/v2\/categories?post=63854"},{"taxonomy":"post_tag","embeddable":true,"href":"https:\/\/www.europesays.com\/fi\/wp-json\/wp\/v2\/tags?post=63854"}],"curies":[{"name":"wp","href":"https:\/\/api.w.org\/{rel}","templated":true}]}}