{"id":63903,"date":"2025-10-16T16:10:11","date_gmt":"2025-10-16T16:10:11","guid":{"rendered":"https:\/\/www.europesays.com\/fi\/63903\/"},"modified":"2025-10-16T16:10:11","modified_gmt":"2025-10-16T16:10:11","slug":"riku-nieminen-julkaisi-hellyttavan-kuvan-kaksosistaan-ihanat-nallekarhut","status":"publish","type":"post","link":"https:\/\/www.europesays.com\/fi\/63903\/","title":{"rendered":"Riku Nieminen julkaisi hellytt\u00e4v\u00e4n kuvan kaksosistaan \u2013 \u201dIhanat nallekarhut\u201d"},"content":{"rendered":"<p>Riku Nieminen sai hiljattain kaksoset. H\u00e4n julkaisi lapsista kuvan Instagramissa. <\/p>\n<p><img decoding=\"async\" class=\"image image-show image-preview\" src=\"https:\/\/www.europesays.com\/fi\/wp-content\/uploads\/2025\/09\/bd146ed6ef12b5d2e9c54ee017ee8f42bae21adb78feadf5b47a3d7a64070671.jpg\" alt=\"\"\/><img decoding=\"async\" class=\"image image-show\" src=\"https:\/\/www.europesays.com\/fi\/wp-content\/uploads\/2025\/09\/1757380988_784_bd146ed6ef12b5d2e9c54ee017ee8f42bae21adb78feadf5b47a3d7a64070671.jpg\" alt=\"\"\/><\/p>\n<p>Riku Nieminen sai hiljattain perheenlis\u00e4yst\u00e4.  Jani Koivukangas<\/p>\n<p class=\"paragraph\">N\u00e4yttelij\u00e4 ja kaupunginvaltuutettu <a href=\"https:\/\/www.iltalehti.fi\/henkilot\/Riku Nieminen\" class=\"article-link-person-page\" rel=\"nofollow noopener\" target=\"_blank\">Riku Nieminen<\/a> (vas) julkaisi Instagramissa kuvan kaksosistaan. H\u00e4n paljasti syyskuussa sosiaalisessa mediassa perheen t\u00e4ydentyneen kaksosilla.<\/p>\n<p class=\"paragraph\">\u2013 Pillin ja Pullan ensimm\u00e4inen syysloma, n\u00e4yttelij\u00e4 kirjoittaa julkaisunsa yhteydess\u00e4.<\/p>\n<p class=\"paragraph\">Kuvassa kaksoset on puettu pehmoisiin haalareihin, joiden hupuissa on nallekorvat. Toinen kaksosista katsoo kameraan, kun taas toinen n\u00e4ytt\u00e4\u00e4 vetelev\u00e4n sikeit\u00e4.<\/p>\n<p class=\"paragraph\">Kuva on her\u00e4tt\u00e4nyt ihastusta Niemisen seuraajissa.<\/p>\n<p class=\"paragraph\">\u2013 Ihanat nallekarhut siell\u00e4, er\u00e4s kirjoittaa.<\/p>\n<p class=\"paragraph\">\u2013 Eih, mitk\u00e4 pikkukarhut.<\/p>\n<p class=\"paragraph\">\u2013 Ai ett\u00e4!<\/p>\n<p class=\"paragraph\">\u2013 S\u00f6p\u00f6liinit kaksin kappalein.<\/p>\n<p class=\"paragraph\">\u2013 Suloiset pikkukarhut.<\/p>\n<p class=\"paragraph\">\u2013 Sinne vaan pikkunallet! Hanakasti sinne askiin ja menn\u00e4\u00e4n tiukasti niihin kaksinkamppailuihin, kirjoittaa n\u00e4yttelij\u00e4 <a href=\"https:\/\/www.iltalehti.fi\/henkilot\/Joonas Saartamo\" class=\"article-link-person-page\" rel=\"nofollow noopener\" target=\"_blank\">Joonas Saartamo<\/a>.<\/p>\n<p class=\"paragraph\">Riku Nieminen avioitui nykyisen vaimonsa kanssa <a href=\"https:\/\/www.iltalehti.fi\/viihdeuutiset\/9e6d9f64-e4b2-43b0-83f9-dc556d76664c\" rel=\"nofollow noopener\" target=\"_blank\">kes\u00e4ll\u00e4 2023<\/a>. H\u00e4n oli aiemmin naimisissa n\u00e4yttelij\u00e4 <a href=\"https:\/\/www.iltalehti.fi\/henkilot\/Annika Poij\u00e4rvi\" class=\"article-link-person-page\" rel=\"nofollow noopener\" target=\"_blank\">Annika Poij\u00e4rven<\/a> kanssa ja heill\u00e4 on kaksi yhteist\u00e4 lasta.<\/p>\n","protected":false},"excerpt":{"rendered":"Riku Nieminen sai hiljattain kaksoset. H\u00e4n julkaisi lapsista kuvan Instagramissa. Riku Nieminen sai hiljattain perheenlis\u00e4yst\u00e4. Jani Koivukangas N\u00e4yttelij\u00e4&hellip;\n","protected":false},"author":2,"featured_media":29426,"comment_status":"","ping_status":"","sticky":false,"template":"","format":"standard","meta":{"footnotes":""},"categories":[136],"tags":[35,407,137,33,31,30,101,408,99,100,98,32,140,109],"class_list":{"0":"post-63903","1":"post","2":"type-post","3":"status-publish","4":"format-standard","5":"has-post-thumbnail","7":"category-julkkikset","8":"tag-24h","9":"tag-celebrities","10":"tag-entertainment","11":"tag-fi","12":"tag-finland","13":"tag-finnish","14":"tag-ihmissuhteet","15":"tag-julkkikset","16":"tag-lapset","17":"tag-lapset-ja-nuoret","18":"tag-perhe","19":"tag-suomi","20":"tag-tv-ja-elokuvat","21":"tag-viihde"},"share_on_mastodon":{"url":"","error":""},"_links":{"self":[{"href":"https:\/\/www.europesays.com\/fi\/wp-json\/wp\/v2\/posts\/63903","targetHints":{"allow":["GET"]}}],"collection":[{"href":"https:\/\/www.europesays.com\/fi\/wp-json\/wp\/v2\/posts"}],"about":[{"href":"https:\/\/www.europesays.com\/fi\/wp-json\/wp\/v2\/types\/post"}],"author":[{"embeddable":true,"href":"https:\/\/www.europesays.com\/fi\/wp-json\/wp\/v2\/users\/2"}],"replies":[{"embeddable":true,"href":"https:\/\/www.europesays.com\/fi\/wp-json\/wp\/v2\/comments?post=63903"}],"version-history":[{"count":0,"href":"https:\/\/www.europesays.com\/fi\/wp-json\/wp\/v2\/posts\/63903\/revisions"}],"wp:featuredmedia":[{"embeddable":true,"href":"https:\/\/www.europesays.com\/fi\/wp-json\/wp\/v2\/media\/29426"}],"wp:attachment":[{"href":"https:\/\/www.europesays.com\/fi\/wp-json\/wp\/v2\/media?parent=63903"}],"wp:term":[{"taxonomy":"category","embeddable":true,"href":"https:\/\/www.europesays.com\/fi\/wp-json\/wp\/v2\/categories?post=63903"},{"taxonomy":"post_tag","embeddable":true,"href":"https:\/\/www.europesays.com\/fi\/wp-json\/wp\/v2\/tags?post=63903"}],"curies":[{"name":"wp","href":"https:\/\/api.w.org\/{rel}","templated":true}]}}