{"id":63904,"date":"2025-10-16T16:14:07","date_gmt":"2025-10-16T16:14:07","guid":{"rendered":"https:\/\/www.europesays.com\/fi\/63904\/"},"modified":"2025-10-16T16:14:07","modified_gmt":"2025-10-16T16:14:07","slug":"se-levy-on-katastrofi-celtic-frost-pomo-nimeaa-pitkan-uransa-suurimman-epaonnistumisen","status":"publish","type":"post","link":"https:\/\/www.europesays.com\/fi\/63904\/","title":{"rendered":"&#8221;Se levy on katastrofi&#8221; &#8211; Celtic Frost -pomo nime\u00e4\u00e4 pitk\u00e4n uransa suurimman ep\u00e4onnistumisen"},"content":{"rendered":"<p><strong>Thomas Gabriel Fischer<\/strong>, joka tunnetaan my\u00f6s <strong>Tom Warriorina<\/strong> ja <strong>Satanic Slaughterina<\/strong>, on tehnyt pitk\u00e4n ja merkitt\u00e4v\u00e4n uran <strong>Hellhammerin<\/strong>, <strong>Celtic Frostin<\/strong> ja <strong>Triptykonin <\/strong>kanssa. H\u00e4net on my\u00f6s palkittu kotimaassaan Sveitsiss\u00e4 <a href=\"https:\/\/www.inferno.fi\/uutiset\/tom-g-warrior-palkittiin-sveitsin-valtiollisella-kulttuuripalkinnolla\/\" target=\"_blank\" rel=\"noreferrer noopener nofollow\">valtiollisella kulttuuripalkinnolla<\/a> musiikillisista ansioistaan.<\/p>\n<p>Mutta kaikkein parhaimmillekin sattuu joskus hutilaukauksia ja Fischerin tapauksessa sellaisena pidet\u00e4\u00e4n Celtic Frostin nelj\u00e4tt\u00e4 pitk\u00e4soittoa, vuonna 1988 ilmestynytt\u00e4 Cold Lakea, jolla \u00e4\u00e4rimetallipioneeri kevensi soundiaan l\u00e4hemm\u00e4s perinteist\u00e4 hevi\u00e4 ja glam metalia. Tuoreessa kolumbialaisen Alejandrosisin haastattelussa Fischer toteaa itsekin pit\u00e4v\u00e4ns\u00e4 levy\u00e4 uransa suurimpana ep\u00e4onnistumisena.<\/p>\n<p>\u201dOlen ollut muusikko 44 vuotta ja tehnyt useita levyj\u00e4. Totta kai niin pitk\u00e4\u00e4n aikav\u00e4liin mahtuu my\u00f6s virheit\u00e4. Olen ihminen ja kaukana t\u00e4ydellisest\u00e4\u201d, <a href=\"https:\/\/blabbermouth.net\/news\/tom-gabriel-fischer-on-celtic-frosts-cold-lake-its-the-worst-album-of-my-44-years-as-a-musician\" target=\"_blank\" rel=\"noreferrer noopener nofollow\">Fischer tuumaa<\/a>.<\/p>\n<p>\u201dCold Lake oli kokeilu, joka tuntui meist\u00e4 siihen aikaan mielenkiintoiselta. Halusimme levyn, joka olisi ollut hieman positiivisempi, melodisempi ja niin edelleen. Jotain, mink\u00e4 tahtiin voi bailata. Mutta se osoittautui taiteellisesti suureksi virheeksi. Se levy on katastrofi taiteellisessa mieless\u00e4. Huono tuotanto, huonot biisit, huonot lyriikat, huonosti esitetty. Teimme t\u00f6it\u00e4 tuottajan kanssa, joka ei sopinut Celtic Frostille. Se on luultavasti urani surkein levy.\u201d<\/p>\n<p>Fischer l\u00f6yt\u00e4\u00e4 albumista kuitenkin positiivisia puolia.<\/p>\n<p>\u201dLevy ilmestyi 37 vuotta sitten eli siit\u00e4 on jo aikaa. Olen oppinut sen j\u00e4lkeen paljon ja minusta on tullut parempi muusikko. Olen my\u00f6s alkanut tuottaa itse. Cold Lake oli t\u00e4rke\u00e4 askel siin\u00e4, ett\u00e4 tekemisiins\u00e4 alkoi suhtautua kriittisemmin, analysoida sit\u00e4 enemm\u00e4n ja vaatia silt\u00e4 itse enemm\u00e4n\u201d, Fischer pohtii.<\/p>\n<p>\u201dVaikka se olikin musiikillisesti kamala levy, se teki minusta kypsemm\u00e4n ja kokeneemman ihmisen\u00e4 ja muusikkona.\u201d<\/p>\n<p>Lue my\u00f6s: <a href=\"https:\/\/www.inferno.fi\/uutiset\/tom-gabriel-fischer-muistelee-celtic-frostin-levytysuran-hapeapilkkua-se-oli-epaonnistunut-kokeilu\/\" title=\"Tom Gabriel Fischer muistelee Celtic Frostin levytysuran \u201dh\u00e4pe\u00e4pilkkua\u201d \u2013 \u201dSe oli ep\u00e4onnistunut kokeilu\u201d\" class=\"underline-custom !font-montserrat !font-bold !underline-offset-4 !decoration-4 !decoration-red-600 !text-md\" rel=\"nofollow noopener\" target=\"_blank\">Tom Gabriel Fischer muistelee Celtic Frostin levytysuran \u201dh\u00e4pe\u00e4pilkkua\u201d \u2013 \u201dSe oli ep\u00e4onnistunut kokeilu\u201d<\/a><\/p>\n<p><img loading=\"lazy\" decoding=\"async\" alt=\"YouTube video\" width=\"480\" height=\"360\" data-pin-nopin=\"true\" nopin=\"nopin\" class=\"perfmatters-lazy\" src=\"https:\/\/www.europesays.com\/fi\/wp-content\/uploads\/2025\/10\/1760631247_8_hqdefault.jpg\"\/><\/p>\n","protected":false},"excerpt":{"rendered":"Thomas Gabriel Fischer, joka tunnetaan my\u00f6s Tom Warriorina ja Satanic Slaughterina, on tehnyt pitk\u00e4n ja merkitt\u00e4v\u00e4n uran Hellhammerin,&hellip;\n","protected":false},"author":2,"featured_media":63905,"comment_status":"","ping_status":"","sticky":false,"template":"","format":"standard","meta":{"footnotes":""},"categories":[132],"tags":[137,33,31,30,195,47,32,109],"class_list":{"0":"post-63904","1":"post","2":"type-post","3":"status-publish","4":"format-standard","5":"has-post-thumbnail","7":"category-musiikki","8":"tag-entertainment","9":"tag-fi","10":"tag-finland","11":"tag-finnish","12":"tag-music","13":"tag-musiikki","14":"tag-suomi","15":"tag-viihde"},"share_on_mastodon":{"url":"","error":""},"_links":{"self":[{"href":"https:\/\/www.europesays.com\/fi\/wp-json\/wp\/v2\/posts\/63904","targetHints":{"allow":["GET"]}}],"collection":[{"href":"https:\/\/www.europesays.com\/fi\/wp-json\/wp\/v2\/posts"}],"about":[{"href":"https:\/\/www.europesays.com\/fi\/wp-json\/wp\/v2\/types\/post"}],"author":[{"embeddable":true,"href":"https:\/\/www.europesays.com\/fi\/wp-json\/wp\/v2\/users\/2"}],"replies":[{"embeddable":true,"href":"https:\/\/www.europesays.com\/fi\/wp-json\/wp\/v2\/comments?post=63904"}],"version-history":[{"count":0,"href":"https:\/\/www.europesays.com\/fi\/wp-json\/wp\/v2\/posts\/63904\/revisions"}],"wp:featuredmedia":[{"embeddable":true,"href":"https:\/\/www.europesays.com\/fi\/wp-json\/wp\/v2\/media\/63905"}],"wp:attachment":[{"href":"https:\/\/www.europesays.com\/fi\/wp-json\/wp\/v2\/media?parent=63904"}],"wp:term":[{"taxonomy":"category","embeddable":true,"href":"https:\/\/www.europesays.com\/fi\/wp-json\/wp\/v2\/categories?post=63904"},{"taxonomy":"post_tag","embeddable":true,"href":"https:\/\/www.europesays.com\/fi\/wp-json\/wp\/v2\/tags?post=63904"}],"curies":[{"name":"wp","href":"https:\/\/api.w.org\/{rel}","templated":true}]}}