{"id":63906,"date":"2025-10-16T16:15:07","date_gmt":"2025-10-16T16:15:07","guid":{"rendered":"https:\/\/www.europesays.com\/fi\/63906\/"},"modified":"2025-10-16T16:15:07","modified_gmt":"2025-10-16T16:15:07","slug":"nayta-tama-elokuva-lapsellesi-jos-haluat-hanen-luopuvan-alypuhelimesta-julia-robertsin-perheessa-se-toimi","status":"publish","type":"post","link":"https:\/\/www.europesays.com\/fi\/63906\/","title":{"rendered":"N\u00e4yt\u00e4 t\u00e4m\u00e4 elokuva lapsellesi jos haluat h\u00e4nen luopuvan \u00e4lypuhelimesta &#8211; Julia Robertsin perheess\u00e4 se toimi"},"content":{"rendered":"<p>N\u00e4yttelij\u00e4 <strong>Julia Roberts<\/strong> kertoi, ett\u00e4 yksi elokuvailta sai h\u00e4nen tytt\u00e4rens\u00e4 luopumaan \u00e4lypuhelimesta.<\/p>\n<p>Kyseess\u00e4 oli <strong>Rob Reinerin <\/strong>ohjaama Stand by me \u2013 Viimeinen kes\u00e4 (1986).<\/p>\n<p>\u201dKun lapsemme olivat pieni\u00e4, n\u00e4ytimme tuon elokuvan heille. Tytt\u00e4remme sanoi minulle:<\/p>\n<p>\u201dHaluan antaa sinulle puhelimeni\u201d.<\/p>\n<p>\u201dOkei. Mit\u00e4 haluat, ett\u00e4 teen sill\u00e4?\u201d, Roberts kysyi.<\/p>\n<p>\u201dPid\u00e4 se. En halua sit\u00e4. Jos noilla pojilla olisi ollut puhelimet, he eiv\u00e4t olisi jutelleet kesken\u00e4\u00e4n tuohon malliin. He eiv\u00e4t olisi l\u00e4hteneet etsim\u00e4\u00e4n sit\u00e4 ruumista, eiv\u00e4tk\u00e4 istuneet nuotion \u00e4\u00e4rell\u00e4 kertomassa toisilleen tarinoita\u201d, Robertsin tyt\u00e4r <strong>Hazel Moder<\/strong> vastasi.<\/p>\n<p>Lue my\u00f6s: <a href=\"https:\/\/www.episodi.fi\/uutiset\/julia-roberts-tapasin-urani-alussa-ihmisia-jotka-olivat-todella-ilkeita\/\" title=\"Julia Roberts: \u201dTapasin urani alussa ihmisi\u00e4 jotka olivat todella julmia\u201d\" class=\"underline-custom !font-montserrat !font-bold !underline-offset-4 !decoration-4 !decoration-episodi-blue !text-md\" rel=\"nofollow noopener\" target=\"_blank\">Julia Roberts: \u201dTapasin urani alussa ihmisi\u00e4 jotka olivat todella julmia\u201d<\/a><\/p>\n<p>Lue my\u00f6s: <a href=\"https:\/\/www.episodi.fi\/uutiset\/julia-roberts-pitaa-uutta-elokuvaansa-yhtena-uransa-merkkipaaluista\/\" title=\"Julia Roberts pit\u00e4\u00e4 uutta elokuvaansa yhten\u00e4 uransa merkkipaaluista\" class=\"underline-custom !font-montserrat !font-bold !underline-offset-4 !decoration-4 !decoration-episodi-blue !text-md\" rel=\"nofollow noopener\" target=\"_blank\">Julia Roberts pit\u00e4\u00e4 uutta elokuvaansa yhten\u00e4 uransa merkkipaaluista<\/a><\/p>\n<p>Lue my\u00f6s: <a href=\"https:\/\/www.episodi.fi\/uutiset\/tiesitko-tata-80-luvun-klassikkoelokuvan-lapsinayttelija-karkasi-ostamaan-kekseja-kannabis-tuli-yllatyksena\/\" title=\"Tiesitk\u00f6 t\u00e4t\u00e4? 80-luvun klassikkoelokuvan lapsin\u00e4yttelij\u00e4 karkasi ostamaan keksej\u00e4 \u2013 kannabis tuli yll\u00e4tyksen\u00e4\" class=\"underline-custom !font-montserrat !font-bold !underline-offset-4 !decoration-4 !decoration-episodi-blue !text-md\" rel=\"nofollow noopener\" target=\"_blank\">Tiesitk\u00f6 t\u00e4t\u00e4? 80-luvun klassikkoelokuvan lapsin\u00e4yttelij\u00e4 karkasi ostamaan keksej\u00e4 \u2013 kannabis tuli yll\u00e4tyksen\u00e4<\/a><\/p>\n<p>Samassa haastattelussa Roberts pohti, miten ruutuaika muuttaa perheen vuorovaikutusta.<\/p>\n<p>H\u00e4n kertoi, ett\u00e4 aviomies <strong>Danny Moder <\/strong>on asettanut \u00e4lylaitteiden k\u00e4ytt\u00f6\u00f6n tiukat s\u00e4\u00e4nn\u00f6t. Puhelimia ei saa k\u00e4ytt\u00e4\u00e4 illallisp\u00f6yd\u00e4ss\u00e4 ja niille on oma latauspisteens\u00e4.<\/p>\n<p>Tietoisena siit\u00e4, miten ylikuormittava digimaailma voi olla \u2014 erityisesti lapsille, jotka ovat kasvui\u00e4ss\u00e4 \u2014 Roberts totesi, ett\u00e4 lasten tulisi saada enemm\u00e4n k\u00e4sill\u00e4 tekemisen ja ulkona olemisen kokemuksia.<\/p>\n<p>\u201dAivomme eiv\u00e4t pysty k\u00e4sittelem\u00e4\u00e4n sellaista tulvaa. Silm\u00e4t, aivot \u2013 kaikki se on liikaa, varsinkin pienille, suloisille, pehmeille aivoille, jotka pit\u00e4isi t\u00e4ytt\u00e4\u00e4 sen sijaan mudalla ja niityill\u00e4\u201d, Roberts lausui.<\/p>\n<p>L\u00e4hde: <a href=\"https:\/\/www.comingsoon.net\/pop-culture\/news\/2043809-julia-roberts-daughter-smartphone-stand-by-me\" rel=\"nofollow noopener\" target=\"_blank\">Comingsoon<\/a><\/p>\n<p>Lue my\u00f6s: <a href=\"https:\/\/www.episodi.fi\/uutiskirje\/?uutiskirjemainos=tekstilinkkimainos\" title=\"Tilaa Episodin uutiskirje ja voit voittaa leffalippuja! Nappaa tv-vinkit suoraan s\u00e4hk\u00f6postiin t\u00e4st\u00e4.\" class=\"underline-custom !font-montserrat !font-bold !underline-offset-4 !decoration-4 !decoration-episodi-blue !text-md\" rel=\"nofollow noopener\" target=\"_blank\">Tilaa Episodin uutiskirje ja voit voittaa leffalippuja! Nappaa katseluvinkit suoraan s\u00e4hk\u00f6postiin t\u00e4st\u00e4.<\/a><\/p>\n","protected":false},"excerpt":{"rendered":"N\u00e4yttelij\u00e4 Julia Roberts kertoi, ett\u00e4 yksi elokuvailta sai h\u00e4nen tytt\u00e4rens\u00e4 luopumaan \u00e4lypuhelimesta. Kyseess\u00e4 oli Rob Reinerin ohjaama Stand&hellip;\n","protected":false},"author":2,"featured_media":63907,"comment_status":"","ping_status":"","sticky":false,"template":"","format":"standard","meta":{"footnotes":""},"categories":[131],"tags":[155,137,33,173,31,30,7253,172,14589,32,109],"class_list":{"0":"post-63906","1":"post","2":"type-post","3":"status-publish","4":"format-standard","5":"has-post-thumbnail","7":"category-elokuvat","8":"tag-elokuvat","9":"tag-entertainment","10":"tag-fi","11":"tag-film","12":"tag-finland","13":"tag-finnish","14":"tag-julia-roberts","15":"tag-movies","16":"tag-stand-by-me","17":"tag-suomi","18":"tag-viihde"},"share_on_mastodon":{"url":"","error":""},"_links":{"self":[{"href":"https:\/\/www.europesays.com\/fi\/wp-json\/wp\/v2\/posts\/63906","targetHints":{"allow":["GET"]}}],"collection":[{"href":"https:\/\/www.europesays.com\/fi\/wp-json\/wp\/v2\/posts"}],"about":[{"href":"https:\/\/www.europesays.com\/fi\/wp-json\/wp\/v2\/types\/post"}],"author":[{"embeddable":true,"href":"https:\/\/www.europesays.com\/fi\/wp-json\/wp\/v2\/users\/2"}],"replies":[{"embeddable":true,"href":"https:\/\/www.europesays.com\/fi\/wp-json\/wp\/v2\/comments?post=63906"}],"version-history":[{"count":0,"href":"https:\/\/www.europesays.com\/fi\/wp-json\/wp\/v2\/posts\/63906\/revisions"}],"wp:featuredmedia":[{"embeddable":true,"href":"https:\/\/www.europesays.com\/fi\/wp-json\/wp\/v2\/media\/63907"}],"wp:attachment":[{"href":"https:\/\/www.europesays.com\/fi\/wp-json\/wp\/v2\/media?parent=63906"}],"wp:term":[{"taxonomy":"category","embeddable":true,"href":"https:\/\/www.europesays.com\/fi\/wp-json\/wp\/v2\/categories?post=63906"},{"taxonomy":"post_tag","embeddable":true,"href":"https:\/\/www.europesays.com\/fi\/wp-json\/wp\/v2\/tags?post=63906"}],"curies":[{"name":"wp","href":"https:\/\/api.w.org\/{rel}","templated":true}]}}