{"id":63908,"date":"2025-10-16T16:17:13","date_gmt":"2025-10-16T16:17:13","guid":{"rendered":"https:\/\/www.europesays.com\/fi\/63908\/"},"modified":"2025-10-16T16:17:13","modified_gmt":"2025-10-16T16:17:13","slug":"seuraamme-kups-oli-melko-pehmea-avauspuoliajalla-veikkausliigan-karkikamppailussa-mutta-paransi-urheilu","status":"publish","type":"post","link":"https:\/\/www.europesays.com\/fi\/63908\/","title":{"rendered":"Seuraamme | KuPS oli melko pehme\u00e4 avauspuoliajalla Veikkausliigan k\u00e4rkikamppailussa, mutta paransi | Urheilu"},"content":{"rendered":"<p>\t\t<a class=\"diks-gallery__link\" href=\"https:\/\/www.savonsanomat.fi\/incoming\/mi7xk6\/9534857_.jpg\/alternates\/FREE_1440\/9534857_.jpg\" data-thumbnail=\"https:\/\/www.savonsanomat.fi\/incoming\/mi7xk6\/9534857_.jpg\/alternates\/SQUARE_240\/9534857_.jpg\" data-sub-html=\"KuPSin Saku Savolainen (kesk.) taisteli pallosta joukkueiden kohtaamisessa elokuussa. Aake Roininen\" aria-label=\"Katso isompi kuva\" rel=\"nofollow noopener\" target=\"_blank\"><br \/>\n\t\t\t\t<img class=\"diks-figure__image\" src=\"https:\/\/www.europesays.com\/fi\/wp-content\/uploads\/2025\/10\/9534857_.jpg\" loading=\"lazy\" decoding=\"sync\" alt=\"\"\/><\/p>\n<p>\t\t\t<\/a><br \/>\n\t\t\t\t\tKuPSin Saku Savolainen (kesk.) taisteli pallosta joukkueiden kohtaamisessa elokuussa. Aake Roininen<\/p>\n<p class=\"diks-article__lead\">Ilves ja KuPS aloittavat jalkapallon mestaruustaistelun loppusuoran huippuottelulla. Ottelu alkaa kello 18 ja Savon Sanomat seuraa ottelun tapahtumia t\u00e4ss\u00e4 artikkelissa.<\/p>\n<p>\n\t\tT\u00e4n\u00e4\u00e4n 17:15<\/p>\n<p>\t\t\t\t\t\t\t\t\t| P\u00e4ivitetty t\u00e4n\u00e4\u00e4n 18:50\n\t\t\t\t\t\t<\/p>\n<p>\t\t\tLataa sovelluksemme<\/p>\n<p>Helpoin tapa lukea tuoreimmat uutiset.<\/p>\n<p class=\"diks-title diks-title--size-s\">Mainos: Savonlinnan kaupunki<\/p>\n<p>\t\t\t\t<img src=\"https:\/\/www.europesays.com\/fi\/wp-content\/uploads\/2025\/10\/KJ_Rekry_ItaSavo_natiivi.jpg\" class=\"diks-native-ad__image\"   loading=\"lazy\" decoding=\"sync\" alt=\"\"\/><\/p>\n<p class=\"diks-title diks-title--size-s\">Mainos: Savonlinnan kaupunki<\/p>\n<p>\n\t\tEilen 0:00<\/p>\n<p>\t\t\tMainos:<br \/>\n\t\t\t\t<img decoding=\"async\" src=\"https:\/\/www.europesays.com\/fi\/wp-content\/uploads\/2025\/09\/pixel.png\" class=\"diks-native-ad__image\" loading=\"lazy\" alt=\"\"\/><\/p>\n","protected":false},"excerpt":{"rendered":"KuPSin Saku Savolainen (kesk.) taisteli pallosta joukkueiden kohtaamisessa elokuussa. Aake Roininen Ilves ja KuPS aloittavat jalkapallon mestaruustaistelun loppusuoran&hellip;\n","protected":false},"author":2,"featured_media":63909,"comment_status":"","ping_status":"","sticky":false,"template":"","format":"standard","meta":{"footnotes":""},"categories":[158],"tags":[33,31,30,43,42,2864,3221,41,159,44,32,2865,160,45],"class_list":{"0":"post-63908","1":"post","2":"type-post","3":"status-publish","4":"format-standard","5":"has-post-thumbnail","7":"category-urheilu","8":"tag-fi","9":"tag-finland","10":"tag-finnish","11":"tag-jalkapallo","12":"tag-jalkapalloon-perustuvat-lajit","13":"tag-kasinot","14":"tag-kuopion-palloseura-kups","15":"tag-liikunta-ja-urheilu","16":"tag-sports","17":"tag-suomen-jalkapallo","18":"tag-suomi","19":"tag-uhkapelit-ja-rahapeli-ja-vedonlyontipalvelut","20":"tag-urheilu","21":"tag-veikkausliiga"},"share_on_mastodon":{"url":"","error":""},"_links":{"self":[{"href":"https:\/\/www.europesays.com\/fi\/wp-json\/wp\/v2\/posts\/63908","targetHints":{"allow":["GET"]}}],"collection":[{"href":"https:\/\/www.europesays.com\/fi\/wp-json\/wp\/v2\/posts"}],"about":[{"href":"https:\/\/www.europesays.com\/fi\/wp-json\/wp\/v2\/types\/post"}],"author":[{"embeddable":true,"href":"https:\/\/www.europesays.com\/fi\/wp-json\/wp\/v2\/users\/2"}],"replies":[{"embeddable":true,"href":"https:\/\/www.europesays.com\/fi\/wp-json\/wp\/v2\/comments?post=63908"}],"version-history":[{"count":0,"href":"https:\/\/www.europesays.com\/fi\/wp-json\/wp\/v2\/posts\/63908\/revisions"}],"wp:featuredmedia":[{"embeddable":true,"href":"https:\/\/www.europesays.com\/fi\/wp-json\/wp\/v2\/media\/63909"}],"wp:attachment":[{"href":"https:\/\/www.europesays.com\/fi\/wp-json\/wp\/v2\/media?parent=63908"}],"wp:term":[{"taxonomy":"category","embeddable":true,"href":"https:\/\/www.europesays.com\/fi\/wp-json\/wp\/v2\/categories?post=63908"},{"taxonomy":"post_tag","embeddable":true,"href":"https:\/\/www.europesays.com\/fi\/wp-json\/wp\/v2\/tags?post=63908"}],"curies":[{"name":"wp","href":"https:\/\/api.w.org\/{rel}","templated":true}]}}