{"id":63920,"date":"2025-10-16T16:24:12","date_gmt":"2025-10-16T16:24:12","guid":{"rendered":"https:\/\/www.europesays.com\/fi\/63920\/"},"modified":"2025-10-16T16:24:12","modified_gmt":"2025-10-16T16:24:12","slug":"tiettyjen-hybridi-audien-akuissa-on-tulipalovaara-takaisinkutsu-koskee-tampereella-parkkihallissa-palanutta-automallia-kotimaa","status":"publish","type":"post","link":"https:\/\/www.europesays.com\/fi\/63920\/","title":{"rendered":"Tiettyjen hybridi-Audien akuissa on tulipalovaara \u2013 takaisinkutsu koskee Tampereella parkkihallissa palanutta automallia | Kotimaa"},"content":{"rendered":"<p class=\"aw-1gybjub aw-5vja16 ghpEtB kjanFo yle__article__paragraph\">Traficomin mukaan Audien Q7-, Q8- ja A8-lataushybridimallien akuille on tehty takaisinkutsu. <\/p>\n<p><img decoding=\"async\" alt=\"Tampereen parkkihallipalossa tuhoutunutta autoa hinataan katutasolle. \" src=\"https:\/\/www.europesays.com\/fi\/wp-content\/uploads\/2025\/10\/39-153276468df8cc1866dc.jpeg\" class=\"aw-1l9m598 hKVVvP\"\/><\/p>\n<p>Avaa kuvien katselu<\/p>\n<p>Tampereen parkkihallipalossa tuhoutui noin 30 autoa. Yht\u00e4 autoista hinattiin ulos 3. lokakuuta. Kuva: Juha Kokkala \/ Yle<\/p>\n<p>17:35\u2022P\u00e4ivitetty 17:43<\/p>\n<p class=\"aw-1gybjub aw-1p7kakr ghpEtB jtovHP yle__article__paragraph\">Tietyn valmistusajanjakson Audi Q7-, Q8- ja A8 PHEV -malleissa akuissa on tulipalovaara.<\/p>\n<p class=\"aw-1gybjub aw-1p7kakr ghpEtB jtovHP yle__article__paragraph\">Traficom kertoo <a class=\"aw-iao6s4 iHOxEa yle__article__link\" href=\"https:\/\/takaisinkutsut.traficom.fi\/recall\/18050\" role=\"link\" rel=\"nofollow noopener\" target=\"_blank\">takaisinkutsussa<\/a>, ett\u00e4 kyseisten mallien akuissa on poikkeamia t\u00e4rkeiss\u00e4 teknisiss\u00e4 parametreiss\u00e4. Poikkeamat voivat merkit\u00e4 vikaa, joka aiheuttaa tulipalovaaran latauksen aikana.<\/p>\n<p class=\"aw-1gybjub aw-1p7kakr ghpEtB jtovHP yle__article__paragraph\">Tulipalo voi aiheuttaa vakavaa vaaraa ihmisille auton sis\u00e4ll\u00e4 ja auton ulkopuolella.<\/p>\n<p class=\"aw-1gybjub aw-1p7kakr ghpEtB jtovHP yle__article__paragraph\">Traficomin mukaan kampanjan piiriin kuuluviin autoihin suoritetaan ohjelmistop\u00e4ivitys. Takaisinkutsusta kertoi ensimm\u00e4isen\u00e4 <a class=\"aw-iao6s4 iHOxEa yle__article__link\" href=\"https:\/\/www.aamulehti.fi\/tampere\/art-2000011564778.html\" role=\"link\" rel=\"nofollow noopener\" target=\"_blank\">Aamulehti<\/a>.<\/p>\n<p class=\"aw-1gybjub aw-1p7kakr ghpEtB jtovHP yle__article__paragraph\">Takaisinkutsu koskee my\u00f6s lokakuun alussa Tampereen tulipalossa palanutta automallia.<\/p>\n<p class=\"aw-1gybjub aw-1p7kakr ghpEtB jtovHP yle__article__paragraph\">Audeja maahan tuovan K-Auton vt. markkinointi- ja viestint\u00e4johtaja <strong class=\"aw-ak79eh KyCXm yle__article__strong\">Pekka Martikainen<\/strong> kertoo Ylelle, ett\u00e4 p\u00e4ivitys tehd\u00e4\u00e4n akun ohjainlaitteeseen.<\/p>\n<p class=\"aw-1gybjub aw-1p7kakr ghpEtB jtovHP yle__article__paragraph\">\u2013 Meill\u00e4 ei ole tietoa, ett\u00e4 palo ja takaisinkutsu liittyisiv\u00e4t toisiinsa. Emme viel\u00e4 tied\u00e4 Tampereen palon syttymissyyt\u00e4. Sit\u00e4 tutkitaan edelleen.<\/p>\n<p class=\"aw-1gybjub aw-1p7kakr ghpEtB jtovHP yle__article__paragraph\">Martikaisen mukaan kyseess\u00e4 on laajempi p\u00e4ivityskampanja, joka koskee muitakin maita kuin Suomea.<\/p>\n<p class=\"aw-1gybjub aw-1p7kakr ghpEtB jtovHP yle__article__paragraph\">Tampereen parkkihallipalossa <a class=\"aw-iao6s4 iHOxEa yle__article__link\" href=\"https:\/\/yle.fi\/a\/74-20187403\" role=\"link\" rel=\"nofollow noopener\" target=\"_blank\">syttyi ensimm\u00e4isen\u00e4 Audi Q7 TFSI e -hybridiauto<\/a>. Palossa vaurioitui noin 30 autoa, joista suuri osa k\u00e4rventyi tunnistamattomiksi.<\/p>\n<p class=\"aw-1gybjub aw-1p7kakr ghpEtB jtovHP yle__article__paragraph\"><strong class=\"aw-ak79eh KyCXm yle__article__strong\">Lokakuun ensimm\u00e4isen\u00e4 p\u00e4iv\u00e4n\u00e4 syttyneest\u00e4 tulipalosta levisi paljon savua Tampereen keskustaan:<\/strong><\/p>\n<p class=\"aw-1gybjub aw-1p7kakr ghpEtB jtovHP yle__article__paragraph\">Tilastojen mukaan s\u00e4hk\u00f6autot syttyv\u00e4t latauksessa palamaan harvoin. T\u00e4n\u00e4 vuonna Suomessa oli syttynyt palamaan ennen Tampereen paloa nelj\u00e4 s\u00e4hk\u00f6autoa ja viisi hybridi\u00e4, kertovat Pelastusopiston tilastot.<\/p>\n","protected":false},"excerpt":{"rendered":"Traficomin mukaan Audien Q7-, Q8- ja A8-lataushybridimallien akuille on tehty takaisinkutsu. Avaa kuvien katselu Tampereen parkkihallipalossa tuhoutui noin&hellip;\n","protected":false},"author":2,"featured_media":63921,"comment_status":"","ping_status":"","sticky":false,"template":"","format":"standard","meta":{"footnotes":""},"categories":[5],"tags":[7006,22,23,26,27,33,31,30,17,71,24,25,1161,28,29,15,18,21,553,32,551,19,20,1265,16],"class_list":{"0":"post-63920","1":"post","2":"type-post","3":"status-publish","4":"format-standard","5":"has-post-thumbnail","7":"category-otsikot","8":"tag-audi","9":"tag-breaking-news","10":"tag-breakingnews","11":"tag-featured-news","12":"tag-featurednews","13":"tag-fi","14":"tag-finland","15":"tag-finnish","16":"tag-headlines","17":"tag-kotimaa","18":"tag-latest-news","19":"tag-latestnews","20":"tag-liikenne","21":"tag-main-news","22":"tag-mainnews","23":"tag-news","24":"tag-otsikot","25":"tag-paauutiset","26":"tag-pirkanmaa","27":"tag-suomi","28":"tag-tampere","29":"tag-top-stories","30":"tag-topstories","31":"tag-tulipalot","32":"tag-uutiset"},"share_on_mastodon":{"url":"","error":""},"_links":{"self":[{"href":"https:\/\/www.europesays.com\/fi\/wp-json\/wp\/v2\/posts\/63920","targetHints":{"allow":["GET"]}}],"collection":[{"href":"https:\/\/www.europesays.com\/fi\/wp-json\/wp\/v2\/posts"}],"about":[{"href":"https:\/\/www.europesays.com\/fi\/wp-json\/wp\/v2\/types\/post"}],"author":[{"embeddable":true,"href":"https:\/\/www.europesays.com\/fi\/wp-json\/wp\/v2\/users\/2"}],"replies":[{"embeddable":true,"href":"https:\/\/www.europesays.com\/fi\/wp-json\/wp\/v2\/comments?post=63920"}],"version-history":[{"count":0,"href":"https:\/\/www.europesays.com\/fi\/wp-json\/wp\/v2\/posts\/63920\/revisions"}],"wp:featuredmedia":[{"embeddable":true,"href":"https:\/\/www.europesays.com\/fi\/wp-json\/wp\/v2\/media\/63921"}],"wp:attachment":[{"href":"https:\/\/www.europesays.com\/fi\/wp-json\/wp\/v2\/media?parent=63920"}],"wp:term":[{"taxonomy":"category","embeddable":true,"href":"https:\/\/www.europesays.com\/fi\/wp-json\/wp\/v2\/categories?post=63920"},{"taxonomy":"post_tag","embeddable":true,"href":"https:\/\/www.europesays.com\/fi\/wp-json\/wp\/v2\/tags?post=63920"}],"curies":[{"name":"wp","href":"https:\/\/api.w.org\/{rel}","templated":true}]}}