{"id":63922,"date":"2025-10-16T16:31:07","date_gmt":"2025-10-16T16:31:07","guid":{"rendered":"https:\/\/www.europesays.com\/fi\/63922\/"},"modified":"2025-10-16T16:31:07","modified_gmt":"2025-10-16T16:31:07","slug":"miranda-honkaselle-tarjottiin-studio-elitesta-tekoalylla-muokattuja-kuvia-joista-han-ei-ollut-tunnistaa-itseaan","status":"publish","type":"post","link":"https:\/\/www.europesays.com\/fi\/63922\/","title":{"rendered":"Miranda Honkaselle tarjottiin Studio Elitest\u00e4 teko\u00e4lyll\u00e4 muokattuja kuvia, joista h\u00e4n ei ollut tunnistaa itse\u00e4\u00e4n"},"content":{"rendered":"<p>Teko\u00e4ly|Teko\u00e4ly antaa mahdollisuuksia, intoilee valokuvaamon toimitusjohtaja. Asiakas on huolissaan.<\/p>\n<p class=\"article-body mb-nof-24 px-nof-16\">Helsinkil\u00e4isen <a class=\"article-personlink\" href=\"https:\/\/www.hs.fi\/haku\/?query=Miranda%20Honkasen\" rel=\"nofollow noopener\" target=\"_blank\">Miranda Honkasen<\/a>, 21, valokuvaamossa otetut kuvat muokattiin silmiinpist\u00e4v\u00e4n erilaisiksi teko\u00e4lyll\u00e4.<\/p>\n<p class=\"article-body mb-nof-24 px-nof-16\">\u201dEn tunnista kuvista itse\u00e4ni, n\u00e4yt\u00e4n niiss\u00e4 erilaiselta.\u201d<\/p>\n<p class=\"article-body mb-nof-24 px-nof-16\">Honkanen k\u00e4vi loppukes\u00e4st\u00e4 helsinkil\u00e4isess\u00e4 valokuvaamossa Studio Elitess\u00e4, sill\u00e4 h\u00e4n halusi saada portfolioonsa kuvia mallikeikkoja ja elokuvien ja tv-sarjojen avustajahommia varten. H\u00e4n oli tyytyv\u00e4inen lopputulokseen.<\/p>\n","protected":false},"excerpt":{"rendered":"Teko\u00e4ly|Teko\u00e4ly antaa mahdollisuuksia, intoilee valokuvaamon toimitusjohtaja. Asiakas on huolissaan. Helsinkil\u00e4isen Miranda Honkasen, 21, valokuvaamossa otetut kuvat muokattiin silmiinpist\u00e4v\u00e4n&hellip;\n","protected":false},"author":2,"featured_media":63923,"comment_status":"","ping_status":"","sticky":false,"template":"","format":"standard","meta":{"footnotes":""},"categories":[89],"tags":[432,431,33,31,30,46,32,91,92,433],"class_list":{"0":"post-63922","1":"post","2":"type-post","3":"status-publish","4":"format-standard","5":"has-post-thumbnail","7":"category-tekoaly","8":"tag-ai","9":"tag-artificial-intelligence","10":"tag-fi","11":"tag-finland","12":"tag-finnish","13":"tag-helsingin-sanomat","14":"tag-suomi","15":"tag-technology","16":"tag-teknologia","17":"tag-tekoaly"},"share_on_mastodon":{"url":"","error":""},"_links":{"self":[{"href":"https:\/\/www.europesays.com\/fi\/wp-json\/wp\/v2\/posts\/63922","targetHints":{"allow":["GET"]}}],"collection":[{"href":"https:\/\/www.europesays.com\/fi\/wp-json\/wp\/v2\/posts"}],"about":[{"href":"https:\/\/www.europesays.com\/fi\/wp-json\/wp\/v2\/types\/post"}],"author":[{"embeddable":true,"href":"https:\/\/www.europesays.com\/fi\/wp-json\/wp\/v2\/users\/2"}],"replies":[{"embeddable":true,"href":"https:\/\/www.europesays.com\/fi\/wp-json\/wp\/v2\/comments?post=63922"}],"version-history":[{"count":0,"href":"https:\/\/www.europesays.com\/fi\/wp-json\/wp\/v2\/posts\/63922\/revisions"}],"wp:featuredmedia":[{"embeddable":true,"href":"https:\/\/www.europesays.com\/fi\/wp-json\/wp\/v2\/media\/63923"}],"wp:attachment":[{"href":"https:\/\/www.europesays.com\/fi\/wp-json\/wp\/v2\/media?parent=63922"}],"wp:term":[{"taxonomy":"category","embeddable":true,"href":"https:\/\/www.europesays.com\/fi\/wp-json\/wp\/v2\/categories?post=63922"},{"taxonomy":"post_tag","embeddable":true,"href":"https:\/\/www.europesays.com\/fi\/wp-json\/wp\/v2\/tags?post=63922"}],"curies":[{"name":"wp","href":"https:\/\/api.w.org\/{rel}","templated":true}]}}