{"id":63931,"date":"2025-10-16T16:41:07","date_gmt":"2025-10-16T16:41:07","guid":{"rendered":"https:\/\/www.europesays.com\/fi\/63931\/"},"modified":"2025-10-16T16:41:07","modified_gmt":"2025-10-16T16:41:07","slug":"luminen-jatko-osa-black-phone-kauhuelokuvaan-on-parempi-kuin-edeltajansa","status":"publish","type":"post","link":"https:\/\/www.europesays.com\/fi\/63931\/","title":{"rendered":"Luminen jatko-osa Black Phone -kauhuelokuvaan on parempi kuin edelt\u00e4j\u00e4ns\u00e4"},"content":{"rendered":"<p>Elokuva-arvio|Lapsenmurhaajan paluusta kertova kauhuelokuva yll\u00e4tt\u00e4\u00e4 onnistumisellaan. Ahdistavaa tunnelmaa tuo kaitafilmiestetiikan k\u00e4ytt\u00f6.<\/p>\n<p class=\"article-body mb-nof-24 px-nof-16\">Kauhu<\/p>\n<p class=\"article-body mb-nof-24 px-nof-16\">Black Phone 2, ohjaus Scott Derrickson. 113 min. K16. \u2605\u2605\u2605<\/p>\n<p class=\"article-body mb-nof-24 px-nof-16\">Vuoden 2022 kauhuelokuva The Black Phone sai kriitikoilta yll\u00e4tt\u00e4v\u00e4nkin paljon kehuja.<\/p>\n<p class=\"article-body mb-nof-24 px-nof-16\">Minua oudon puolivillaiselta tuntunut elokuva ei erityisesti innostanut. Hyvi\u00e4 aineksia, kelpo j\u00e4nnityst\u00e4, mutta jotain <a class=\"article-personlink\" href=\"https:\/\/www.hs.fi\/haku\/?query=Joe%20Hillin\" rel=\"nofollow noopener\" target=\"_blank\">Joe Hillin<\/a> novellin adaptaatiosta puuttui.<\/p>\n","protected":false},"excerpt":{"rendered":"Elokuva-arvio|Lapsenmurhaajan paluusta kertova kauhuelokuva yll\u00e4tt\u00e4\u00e4 onnistumisellaan. Ahdistavaa tunnelmaa tuo kaitafilmiestetiikan k\u00e4ytt\u00f6. Kauhu Black Phone 2, ohjaus Scott Derrickson.&hellip;\n","protected":false},"author":2,"featured_media":63932,"comment_status":"","ping_status":"","sticky":false,"template":"","format":"standard","meta":{"footnotes":""},"categories":[131],"tags":[155,137,33,173,31,30,46,172,32,109],"class_list":{"0":"post-63931","1":"post","2":"type-post","3":"status-publish","4":"format-standard","5":"has-post-thumbnail","7":"category-elokuvat","8":"tag-elokuvat","9":"tag-entertainment","10":"tag-fi","11":"tag-film","12":"tag-finland","13":"tag-finnish","14":"tag-helsingin-sanomat","15":"tag-movies","16":"tag-suomi","17":"tag-viihde"},"share_on_mastodon":{"url":"","error":""},"_links":{"self":[{"href":"https:\/\/www.europesays.com\/fi\/wp-json\/wp\/v2\/posts\/63931","targetHints":{"allow":["GET"]}}],"collection":[{"href":"https:\/\/www.europesays.com\/fi\/wp-json\/wp\/v2\/posts"}],"about":[{"href":"https:\/\/www.europesays.com\/fi\/wp-json\/wp\/v2\/types\/post"}],"author":[{"embeddable":true,"href":"https:\/\/www.europesays.com\/fi\/wp-json\/wp\/v2\/users\/2"}],"replies":[{"embeddable":true,"href":"https:\/\/www.europesays.com\/fi\/wp-json\/wp\/v2\/comments?post=63931"}],"version-history":[{"count":0,"href":"https:\/\/www.europesays.com\/fi\/wp-json\/wp\/v2\/posts\/63931\/revisions"}],"wp:featuredmedia":[{"embeddable":true,"href":"https:\/\/www.europesays.com\/fi\/wp-json\/wp\/v2\/media\/63932"}],"wp:attachment":[{"href":"https:\/\/www.europesays.com\/fi\/wp-json\/wp\/v2\/media?parent=63931"}],"wp:term":[{"taxonomy":"category","embeddable":true,"href":"https:\/\/www.europesays.com\/fi\/wp-json\/wp\/v2\/categories?post=63931"},{"taxonomy":"post_tag","embeddable":true,"href":"https:\/\/www.europesays.com\/fi\/wp-json\/wp\/v2\/tags?post=63931"}],"curies":[{"name":"wp","href":"https:\/\/api.w.org\/{rel}","templated":true}]}}