{"id":63935,"date":"2025-10-16T16:44:07","date_gmt":"2025-10-16T16:44:07","guid":{"rendered":"https:\/\/www.europesays.com\/fi\/63935\/"},"modified":"2025-10-16T16:44:07","modified_gmt":"2025-10-16T16:44:07","slug":"jare-tiihonen-muistelee-menneita-taytti-tanaan-10v","status":"publish","type":"post","link":"https:\/\/www.europesays.com\/fi\/63935\/","title":{"rendered":"Jare Tiihonen muistelee menneit\u00e4: \u201dT\u00e4ytti t\u00e4n\u00e4\u00e4n 10v\u201d"},"content":{"rendered":"<p>Muusikon uran taakseen jo vuosia sitten j\u00e4tt\u00e4nyt <strong>Jare Tiihonen<\/strong> eli <strong>Cheek<\/strong> muistelee menneit\u00e4. H\u00e4n tekee sen my\u00f6s kirjassaan, joka julkaistiin syyskuun alussa. Nyt h\u00e4n tekee sen Instagram-tarinaosiossaan, jossa h\u00e4n muistelee tietty\u00e4 muusikkouransa asiaa. H\u00e4n aloittaa kirjoittamalla koodin: AO10V.<\/p>\n<p>Lue my\u00f6s: <a href=\"https:\/\/www.como.fi\/uutiset\/cheek-teki-paluun-julkisuuteen-kaarii-valtavat-maarat-rahaa\/\" title=\"Cheek teki paluun julkisuuteen \u2013 k\u00e4\u00e4rii valtavat m\u00e4\u00e4r\u00e4t rahaa\" class=\"underline-custom !font-montserrat !font-bold !underline-offset-4 !decoration-4 !decoration-red-600 !text-md\" rel=\"nofollow noopener\" target=\"_blank\">Cheek teki paluun julkisuuteen \u2013 k\u00e4\u00e4rii valtavat m\u00e4\u00e4r\u00e4t rahaa<\/a><\/p>\n<p>Koodi saattaa kertoa Cheekin faneille heti jotain. Kyse on h\u00e4nen viimeiseksi j\u00e4\u00e4neest\u00e4 albumistaan Alpa Omega. Koodissa oleva numero kertoo, kuinka monta vuotta sen julkaisemisesta on kulunut.<\/p>\n<p>\u2013 Viimeseks j\u00e4\u00e4ny albumi t\u00e4ytti t\u00e4n\u00e4\u00e4n 10v, kirjoittaa Tiihonen.<\/p>\n<p>Tiihonen kertoo kuunnelleensa levyn nyt pitk\u00e4st\u00e4 aikaa l\u00e4pi.<\/p>\n<p>\u2013 Tuli hyv\u00e4 fiilis ja hyvi\u00e4 muistoja, kirjoittaa Tiihonen.<\/p>\n<p>Tiihosella on kertoa levyist\u00e4\u00e4n my\u00f6s toinen asia.<\/p>\n<p>\u2013 T\u00e4n syntt\u00e4rip\u00e4iv\u00e4n yhteydess\u00e4 mun kolmen vikan levyn omistus siirtyy 100 % itselle. T\u00e4\u00e4 on mulle merkityksellinen asia, toteaa Tiihonen.<\/p>\n<p>Tiihonen teki syyskuun alussa kirjaansa liittyv\u00e4\u00e4 julkaisun.<\/p>\n<p>\u2013 Eilen oli mukava juhlistaa pitk\u00e4n ty\u00f6n tulosta. Onko joku kerennyt jo tarttumaan kirjaan? Olisi mielenkiintoista kuulla ajatuksia, kyseli Tiihonen kirjansa julkistamisp\u00e4iv\u00e4n\u00e4.<\/p>\n<p>Jos upotus ei n\u00e4y, avaa se auki <a href=\"https:\/\/www.instagram.com\/p\/DOJFFyFiBUM\/?utm_source=ig_web_copy_link&amp;igsh=MzRlODBiNWFlZA==\" target=\"_blank\" rel=\"noreferrer noopener nofollow\">t\u00e4st\u00e4<\/a>.<\/p>\n<p>Lue my\u00f6s: <a href=\"https:\/\/www.como.fi\/tilaa-comon-uutiskirje\/\" title=\"Tilaa Comon uutiskirje ja tied\u00e4t mist\u00e4 kahvitauolla puhutaan! Nappaa kotimaan tv-vinkit ja puheenaiheet suoraan s\u00e4hk\u00f6postiin t\u00e4st\u00e4.\" class=\"underline-custom !font-montserrat !font-bold !underline-offset-4 !decoration-4 !decoration-red-600 !text-md\" rel=\"nofollow noopener\" target=\"_blank\">Tilaa Comon uutiskirje ja tied\u00e4t mist\u00e4 kahvitauolla puhutaan! Nappaa kotimaan tv-vinkit ja puheenaiheet suoraan s\u00e4hk\u00f6postiin t\u00e4st\u00e4.<\/a><\/p>\n<p>\t\t\t<script async src=\"\/\/www.instagram.com\/embed.js\"><\/script><\/p>\n","protected":false},"excerpt":{"rendered":"Muusikon uran taakseen jo vuosia sitten j\u00e4tt\u00e4nyt Jare Tiihonen eli Cheek muistelee menneit\u00e4. H\u00e4n tekee sen my\u00f6s kirjassaan,&hellip;\n","protected":false},"author":2,"featured_media":63936,"comment_status":"","ping_status":"","sticky":false,"template":"","format":"standard","meta":{"footnotes":""},"categories":[130],"tags":[137,33,31,30,2711,32,109],"class_list":{"0":"post-63935","1":"post","2":"type-post","3":"status-publish","4":"format-standard","5":"has-post-thumbnail","7":"category-viihde","8":"tag-entertainment","9":"tag-fi","10":"tag-finland","11":"tag-finnish","12":"tag-jare-tiihonen","13":"tag-suomi","14":"tag-viihde"},"share_on_mastodon":{"url":"","error":""},"_links":{"self":[{"href":"https:\/\/www.europesays.com\/fi\/wp-json\/wp\/v2\/posts\/63935","targetHints":{"allow":["GET"]}}],"collection":[{"href":"https:\/\/www.europesays.com\/fi\/wp-json\/wp\/v2\/posts"}],"about":[{"href":"https:\/\/www.europesays.com\/fi\/wp-json\/wp\/v2\/types\/post"}],"author":[{"embeddable":true,"href":"https:\/\/www.europesays.com\/fi\/wp-json\/wp\/v2\/users\/2"}],"replies":[{"embeddable":true,"href":"https:\/\/www.europesays.com\/fi\/wp-json\/wp\/v2\/comments?post=63935"}],"version-history":[{"count":0,"href":"https:\/\/www.europesays.com\/fi\/wp-json\/wp\/v2\/posts\/63935\/revisions"}],"wp:featuredmedia":[{"embeddable":true,"href":"https:\/\/www.europesays.com\/fi\/wp-json\/wp\/v2\/media\/63936"}],"wp:attachment":[{"href":"https:\/\/www.europesays.com\/fi\/wp-json\/wp\/v2\/media?parent=63935"}],"wp:term":[{"taxonomy":"category","embeddable":true,"href":"https:\/\/www.europesays.com\/fi\/wp-json\/wp\/v2\/categories?post=63935"},{"taxonomy":"post_tag","embeddable":true,"href":"https:\/\/www.europesays.com\/fi\/wp-json\/wp\/v2\/tags?post=63935"}],"curies":[{"name":"wp","href":"https:\/\/api.w.org\/{rel}","templated":true}]}}