{"id":63939,"date":"2025-10-16T16:48:07","date_gmt":"2025-10-16T16:48:07","guid":{"rendered":"https:\/\/www.europesays.com\/fi\/63939\/"},"modified":"2025-10-16T16:48:07","modified_gmt":"2025-10-16T16:48:07","slug":"hyokkaajan-eliittiryhma-eliminoitiin-koillis-ukrainassa-verkkouutiset","status":"publish","type":"post","link":"https:\/\/www.europesays.com\/fi\/63939\/","title":{"rendered":"Hy\u00f6kk\u00e4\u00e4j\u00e4n eliittiryhm\u00e4 eliminoitiin Koillis-Ukrainassa &#8211; Verkkouutiset"},"content":{"rendered":"<ol>\n<li><a href=\"https:\/\/news.google.com\/rss\/articles\/CBMikAFBVV95cUxOeS1YZDdnMnVsNDF0bVFQOHNNQ09CMHNpSHBJWTFvaFB0QVI0REJkTnBOUEFvYmN5c1NJTVFkMldwU2hxb3FBZ0poeTFwY19UcGk0Qk1mdzBsZ2VfWFlHRUZodGlsZzVBUndxRmFURUpsNWxBczN0NEllZnd1cXdQZUpRNXVmZjhlTVFKUndhTEI?oc=5\" target=\"_blank\" rel=\"nofollow noopener\">Hy\u00f6kk\u00e4\u00e4j\u00e4n eliittiryhm\u00e4 eliminoitiin Koillis-Ukrainassa<\/a>&nbsp;&nbsp;Verkkouutiset<\/li>\n<li><a href=\"https:\/\/news.google.com\/rss\/articles\/CBMingFBVV95cUxOSWN6cEhrdFozeDNFc0Q4bGk5Y190WVhaVXlTcFhjTjRUMkd3MlROMFBoeFpMdGFWd1V6LVc0UVVYZ3daVkVUVW80SWxkd0NqYWkyOGdRWElNY2ZBcVlFRG9oWmc2bWNSY2tvSHRtbVREaHhvYWZDQ2JWNzRoSGlvNU5nczNLc0hHcmtrNm1Ed3VfYXNTOG0xSG1HbzR3Zw?oc=5\" target=\"_blank\" rel=\"nofollow noopener\">Ven\u00e4j\u00e4n joukot vaikeuksissa \u2013 \u201dRaskaita tappioita jo ennen etulinjaa\u201d<\/a>&nbsp;&nbsp;Verkkouutiset<\/li>\n<li><a href=\"https:\/\/news.google.com\/rss\/articles\/CBMigwFBVV95cUxNVlR2YjZrZGpybXMwYVVyZXVxR3BQNzlGTjBtZ01PdU8xSHVwdEhhel9hd3JUVGI4bmZ4RjBfckVYRmVxNXNzVndiZGdOT1ZFN04tVkNzN184NEtSZmVJRG5sTjYtRzVQd3QwMjJVYXJzYlAyRWl5bmFmSjB2VGpnSDU2OA?oc=5\" target=\"_blank\" rel=\"nofollow noopener\">Maarobotti yll\u00e4tti Moskovan joukot etulinjassa<\/a>&nbsp;&nbsp;Verkkouutiset<\/li>\n<li><a href=\"https:\/\/news.google.com\/rss\/articles\/CBMiogFBVV95cUxOX2U3TFFZbFMzUlF0UHJnLWhwRVppTGU2dG8tY2g3NTI2WnBpSHQyYkpScGhfNWZDZktHSXliWkgtLWdDaUl1Vm1IT1VwVTZ3NHdHUDJXSHc3Z2piVEZwUjc1UjRTUVF1YnRRODRXVjQ0MEdNUVBlUjBhSU91QllzNHRfalR3MjEtd3dURW9RWThKV0tFcEFQZHZseEdkb3M2bHc?oc=5\" target=\"_blank\" rel=\"nofollow noopener\">Ven\u00e4l\u00e4isjoukot l\u00e4htiv\u00e4t hy\u00f6kk\u00e4ykseen \u2013 j\u00e4ljelle j\u00e4i kasa palavaa romua<\/a>&nbsp;&nbsp;Verkkouutiset<\/li>\n<li><a href=\"https:\/\/news.google.com\/rss\/articles\/CBMilwFBVV95cUxNMFdtQ2VBemNKX29Oby1VVEgtTzFsRGdJQ2FRaC1ZZUVqb045NUt4XzBZTGlsZDZJajR4UUR3RWoxbDJBN2JIRDhuRldUeV8xV3lVRmVMYUJnd1pnTDZyWmd0SmZBLVJjVnNPdUJwY2JRUjFQeHJlekZXUXV2STdrXy1IUVk2eV9zNEJjZ09sd2pyU1ZodnQw?oc=5\" target=\"_blank\" rel=\"nofollow noopener\">Ven\u00e4j\u00e4 keskitti 400000 sotilasta rintaman kuumimpaan kohtaan<\/a>&nbsp;&nbsp;Verkkouutiset<\/li>\n<\/ol>\n","protected":false},"excerpt":{"rendered":"Hy\u00f6kk\u00e4\u00e4j\u00e4n eliittiryhm\u00e4 eliminoitiin Koillis-Ukrainassa&nbsp;&nbsp;Verkkouutiset Ven\u00e4j\u00e4n joukot vaikeuksissa \u2013 \u201dRaskaita tappioita jo ennen etulinjaa\u201d&nbsp;&nbsp;Verkkouutiset Maarobotti yll\u00e4tti Moskovan joukot etulinjassa&nbsp;&nbsp;Verkkouutiset&hellip;\n","protected":false},"author":2,"featured_media":63940,"comment_status":"","ping_status":"","sticky":false,"template":"","format":"standard","meta":{"footnotes":""},"categories":[14],"tags":[22,23,26,27,33,31,30,17,24,25,28,29,15,18,21,2807,32,19,20,56,16,59,60,61],"class_list":{"0":"post-63939","1":"post","2":"type-post","3":"status-publish","4":"format-standard","5":"has-post-thumbnail","7":"category-ulkomaat","8":"tag-breaking-news","9":"tag-breakingnews","10":"tag-featured-news","11":"tag-featurednews","12":"tag-fi","13":"tag-finland","14":"tag-finnish","15":"tag-headlines","16":"tag-latest-news","17":"tag-latestnews","18":"tag-main-news","19":"tag-mainnews","20":"tag-news","21":"tag-otsikot","22":"tag-paauutiset","23":"tag-sota-ukrainassa","24":"tag-suomi","25":"tag-top-stories","26":"tag-topstories","27":"tag-ulkomaat","28":"tag-uutiset","29":"tag-world","30":"tag-world-news","31":"tag-worldnews"},"share_on_mastodon":{"url":"","error":""},"_links":{"self":[{"href":"https:\/\/www.europesays.com\/fi\/wp-json\/wp\/v2\/posts\/63939","targetHints":{"allow":["GET"]}}],"collection":[{"href":"https:\/\/www.europesays.com\/fi\/wp-json\/wp\/v2\/posts"}],"about":[{"href":"https:\/\/www.europesays.com\/fi\/wp-json\/wp\/v2\/types\/post"}],"author":[{"embeddable":true,"href":"https:\/\/www.europesays.com\/fi\/wp-json\/wp\/v2\/users\/2"}],"replies":[{"embeddable":true,"href":"https:\/\/www.europesays.com\/fi\/wp-json\/wp\/v2\/comments?post=63939"}],"version-history":[{"count":0,"href":"https:\/\/www.europesays.com\/fi\/wp-json\/wp\/v2\/posts\/63939\/revisions"}],"wp:featuredmedia":[{"embeddable":true,"href":"https:\/\/www.europesays.com\/fi\/wp-json\/wp\/v2\/media\/63940"}],"wp:attachment":[{"href":"https:\/\/www.europesays.com\/fi\/wp-json\/wp\/v2\/media?parent=63939"}],"wp:term":[{"taxonomy":"category","embeddable":true,"href":"https:\/\/www.europesays.com\/fi\/wp-json\/wp\/v2\/categories?post=63939"},{"taxonomy":"post_tag","embeddable":true,"href":"https:\/\/www.europesays.com\/fi\/wp-json\/wp\/v2\/tags?post=63939"}],"curies":[{"name":"wp","href":"https:\/\/api.w.org\/{rel}","templated":true}]}}