{"id":63945,"date":"2025-10-16T17:02:13","date_gmt":"2025-10-16T17:02:13","guid":{"rendered":"https:\/\/www.europesays.com\/fi\/63945\/"},"modified":"2025-10-16T17:02:13","modified_gmt":"2025-10-16T17:02:13","slug":"julkkikset-kertovat-tallaista-on-rakastua-ensi-silmayksella","status":"publish","type":"post","link":"https:\/\/www.europesays.com\/fi\/63945\/","title":{"rendered":"Julkkikset kertovat: T\u00e4llaista on rakastua ensi silm\u00e4yksell\u00e4"},"content":{"rendered":"<p class=\"ingress\">\u201dSe oli klassinen Amorin nuolen isku.\u201d Yksitoista julkisuudesta tuttua paria kertoo, miten rakkaus sai alkunsa ensi silm\u00e4yksell\u00e4. <\/p>\n<p>Voiko ihminen rakastua toiseen silt\u00e4 istumalta? N\u00e4iden julkisuudesta tuttujen henkil\u00f6iden mukaan voi.<\/p>\n<p>\u201dVoin kokemuksesta sanoa, ett\u00e4 rakkautta ensi silm\u00e4yksell\u00e4 ei ole tyhj\u00e4\u00e4 puhetta\u201d, er\u00e4s tunnettu henkil\u00f6 vahvistaa.<\/p>\n<p>Mikael Forsby rakastui tuntemattomaan kesken keikan<\/p>\n<p>Muusikko <strong>Mikael Forsby<\/strong> oli Movetron-yhtyeen kanssa keikalla elokuussa 2016, kun katse kohdistui yleis\u00f6ss\u00e4 olleeseen naiseen.<\/p>\n<p>\u201dEn tiennyt h\u00e4nest\u00e4 mit\u00e4\u00e4n, mutta sanoin heti itselleni, ett\u00e4 tuolla on tuleva vaimoni. Tunsin h\u00e4nen energiansa koko kropassani\u201d, Mikael muistelee <a href=\"https:\/\/anna.fi\/ihmiset\/portion-boysin-mikael-forsby-rakastui-tuntemattomaan-kesken-keikan-%E2%88%92-sanoin-heti-etta-tuolla-on-tuleva-vaimoni\" rel=\"nofollow noopener\" target=\"_blank\">Anna<\/a>\u2013lehden haastattelussa syyskuussa 2025.<\/p>\n<p>Keikan p\u00e4\u00e4tytty\u00e4 Mikael huomasi, ett\u00e4 nainen yleis\u00f6st\u00e4 oli alkanut seuraamaan h\u00e4nt\u00e4 Instagramissa. Mikael l\u00e4hetti heti viestin. Vain 20 minuuttia my\u00f6hemmin nainen ja Mikael tapasivat, halasivat ja esitt\u00e4ytyiv\u00e4t.<\/p>\n<p>\u201dSitten <strong>Tiina <\/strong>suuteli minua ja juoksi karkuun. J\u00e4in seisomaan monttu auki.\u201d<\/p>\n<p>Kyseisest\u00e4 Tiinasta tuli paitsi puoliso my\u00f6s Mikaelin Portion Boys -yhtyeen laulaja Jalotiina. Naimisiin pari meni vuonna 2018. Mikael kertoo olleensa valmis avioon saman tien, mutta p\u00e4\u00e4tyi kosimaan vuoden seurustelun j\u00e4lkeen.<\/p>\n<p>\u201dRakastuin Tiinaan heti.\u201d<\/p>\n<p><strong>Lue juttu: <\/strong><a href=\"https:\/\/anna.fi\/ihmiset\/portion-boysin-mikael-forsby-rakastui-tuntemattomaan-kesken-keikan-%E2%88%92-sanoin-heti-etta-tuolla-on-tuleva-vaimoni\" target=\"_blank\" rel=\"noreferrer noopener nofollow\">Portion Boysin Mikael Forsby rakastui tuntemattomaan kesken keikan \u2212 \u201dSanoin heti, ett\u00e4 tuolla on tuleva vaimoni\u201d<\/a><\/p>\n<p>Muu ymp\u00e4rill\u00e4 katosi, kun Tommy Fr\u00e4nti tapasi Virpin<\/p>\n<p>Alkur\u00e4j\u00e4hdys. Sit\u00e4 sanaa uutisankkuri <strong>Tommy Fr\u00e4nti<\/strong> k\u00e4ytti kuvailleessaan <a href=\"https:\/\/anna.fi\/ihmiset\/tommy-ja-virpi-franti\" target=\"_blank\" rel=\"noreferrer noopener nofollow\">Anna<\/a>-lehdelle hetke\u00e4, jolloin h\u00e4nen ja h\u00e4nen vaimonsa <strong>Virpi Fr\u00e4ntin <\/strong>katseet kohtasivat ensimm\u00e4isen kerran Iskelm\u00e4 Gaalan jatkoilla helmikuisena y\u00f6n\u00e4 2023.<\/p>\n<p>Pari antoi ensimm\u00e4isen yhteishaastattelunsa <a href=\"https:\/\/anna.fi\/ihmiset\/uutisankkuri-tommy-frantin-rakas-virpi-valtavaara-en-ole-koskaan-tuntenut-etta-minun-tulisi-tayttaa-jonkun-toisen-paikka?shared=582126-05fa7763-999\" target=\"_blank\" rel=\"noreferrer noopener nofollow\">Annalle<\/a> joulukuussa 2023. Tuolloin Tommy sanoi uskovansa, ett\u00e4 ensikohtaaminen s\u00e4ilyy mieless\u00e4 ikuisesti.<\/p>\n<p>\u201dYht\u00e4kki\u00e4 kaikki muu katosi ymp\u00e4rilt\u00e4ni.\u201d<\/p>\n<p>Kumpikaan ei ollut etsinyt parisuhdetta. Virpi oli eronnut lastensa is\u00e4st\u00e4 vuonna 2019 ja kyseenalaistanut uskonsa romanttiseen rakkauteen. Tommy oli ajatellut saattavansa el\u00e4\u00e4 loppuel\u00e4m\u00e4ns\u00e4 yksin sen j\u00e4lkeen, kun <strong>Saara<\/strong>-vaimo kuoli sy\u00f6p\u00e4\u00e4n maaliskuussa 2022.<\/p>\n<p>Kahden tuntemattoman v\u00e4linen yhteys muutti kaiken.<\/p>\n<p>\u201dNyt tied\u00e4n, ett\u00e4 on olemassa rakkautta ensi silm\u00e4yksell\u00e4\u201d, Tommy sanoo <a href=\"https:\/\/anna.fi\/ihmiset\/uutisankkuri-tommy-frantin-rakas-virpi-valtavaara-en-ole-koskaan-tuntenut-etta-minun-tulisi-tayttaa-jonkun-toisen-paikka?shared=582126-05fa7763-999\" target=\"_blank\" rel=\"noreferrer noopener nofollow\">Annan<\/a> vuonna 2023 julkaistussa jutussa.<\/p>\n<p><strong>Lue juttu: <\/strong><a href=\"https:\/\/anna.fi\/ihmiset\/uutisankkuri-tommy-frantin-rakas-virpi-valtavaara-en-ole-koskaan-tuntenut-etta-minun-tulisi-tayttaa-jonkun-toisen-paikka?shared=582126-05fa7763-999\" target=\"_blank\" rel=\"noreferrer noopener nofollow\">Uutisankkuri Tommy Fr\u00e4ntin rakas Virpi Valtavaara: \u201dEn ole koskaan tuntenut, ett\u00e4 minun tulisi t\u00e4ytt\u00e4\u00e4 jonkun toisen paikka\u201d<\/a><\/p>\n<p>Huoneen kaunein nainen hurmasi Antti Lindtmanin<\/p>\n<p>Valkoiseen bleiseriin ja tummiin housuihin pukeutunut <strong>Kaija Storbom<\/strong> varasti kansanedustaja <strong>Antti Lindtmanin <\/strong>huomion toukokuussa 2005 yhteisen tutun syntym\u00e4p\u00e4ivill\u00e4.<\/p>\n<p>\u201dH\u00e4n oli ehdottomasti tilaisuuden kaunein nainen\u201d, Antti muistelee <a href=\"https:\/\/anna.fi\/ihmiset\/vauvan-saaneet-antti-lindtman-35-ja-kaija-stormbom-54-lapseltamme-ei-tule-koskaan-puuttumaan-rakkautta\" target=\"_blank\" rel=\"noreferrer noopener nofollow\">Annalle<\/a> vuonna 2017 antamassaan haastattelussa.<\/p>\n<p>Kaijan hurmasi Antin hymy taksissa, kun porukka oli matkalla juhlien jatkoille. Ravintolassa kaksikko p\u00e4\u00e4tyi samaan p\u00f6yt\u00e4\u00e4n. Pari kertoo tapailleensa ensin salaa ik\u00e4eron takia. Antti oli suhteen alkaessa 22-vuotias, Kaija 20 vuotta vanhempi.<\/p>\n<p>\u201dIlmapiiri oli 12 vuotta sitten aivan erilainen kuin t\u00e4n\u00e4 p\u00e4iv\u00e4n\u00e4. Ei ollut katrihelenoita. Nyt olemme hymyillen seuranneet Ranskan presidentti\u00e4 ja h\u00e4nen 25 vuotta vanhempaa vaimoaan\u201d, Kaija kertoi.<\/p>\n<p><strong>Lue juttu: <\/strong><a href=\"https:\/\/anna.fi\/ihmiset\/vauvan-saaneet-antti-lindtman-35-ja-kaija-stormbom-54-lapseltamme-ei-tule-koskaan-puuttumaan-rakkautta\" target=\"_blank\" rel=\"noreferrer noopener nofollow\">Vauvan saaneet Antti Lindtman, 35, ja Kaija Stormbom, 54: \u201dLapseltamme ei tule koskaan puuttumaan rakkautta\u201d<\/a><\/p>\n<p>A. W. Yrj\u00e4n\u00e4: Kiken tapaaminen oli kuin k\u00e4sky korkeammalta <\/p>\n<p>Laulaja <strong>A. W. Yrj\u00e4n\u00e4<\/strong> oli Little Mary Mixup -yhtyeen keikalla, kun h\u00e4n ihastui b\u00e4ndin laulaja <strong>Kikke Heikkiseen<\/strong>.<\/p>\n<p>\u201dMinulle oli heti selv\u00e4\u00e4, ett\u00e4 h\u00e4n se on. Se oli kuin jostain korkeammalta tullut k\u00e4sky: tuohon ihmiseen t\u00e4ytyy tutustua\u201d, A. W. sanoo <a href=\"https:\/\/anna.fi\/ihmiset\/muusikko-a-w-yrjana\" target=\"_blank\" rel=\"noreferrer noopener nofollow\">Anna<\/a>-lehdelle vuonna 2024 antamassaan haastattelussa.<\/p>\n<p>Naimisiin pari meni kymmenen vuoden seurustelun j\u00e4lkeen. Vihkij\u00e4n\u00e4 oli yst\u00e4v\u00e4 <strong>Jaakko Heinim\u00e4ki<\/strong>. Nyt yhteist\u00e4 el\u00e4m\u00e4\u00e4 on takana jo yli kolmekymment\u00e4 vuotta.<\/p>\n<p>\u201dVaistoni oli oikeassa. Kikkeen kannatti tutustua, ja toivottavasti h\u00e4nenkin minuun.\u201d<\/p>\n<p><strong>Lue juttu: <\/strong><a href=\"https:\/\/anna.fi\/ihmiset\/muusikko-a-w-yrjana\" target=\"_blank\" rel=\"noreferrer noopener nofollow\">Muusikko A. W. Yrj\u00e4n\u00e4, 56, kiinnostui ensi silm\u00e4yksell\u00e4 Kikke-vaimostaan: \u201dMinulle oli heti selv\u00e4\u00e4, ett\u00e4 h\u00e4n se on\u201d<\/a><\/p>\n<p>Meeri Koutaniemi ja Sami Yaffa rakastuivat heti<\/p>\n<p>Vuonna 2015 valokuvaaja <strong>Meeri Koutaniemen<\/strong> ja muusikko <strong>Sami Yaffan<\/strong> ty\u00f6tapaaminen ven\u00e4hti viiden tunnin mittaiseksi keskusteluksi. Kumpikaan ei ollut odottanut sit\u00e4. Sami oli hiljattain eronnut, Meeri parisuhteessa toisen kanssa.<\/p>\n<p>\u201dRakastuimme ensimm\u00e4isen\u00e4 iltana\u201d, Meeri kertoi vuonna 2017 esitetyss\u00e4 <a href=\"https:\/\/anna.fi\/ihmiset\/meeri-koutaniemi-eli-rakkaudettomassa-suhteessa-rakastui-sami-yaffaan-heti-ensitapaamisella-katso-ihanat-yhteiskuvat\" target=\"_blank\" rel=\"noreferrer noopener nofollow\">Y\u00f6kyl\u00e4ss\u00e4 Maria Veitola<\/a> -tv-ohjelmassa.<\/p>\n<p>Toisen kerran Meeri ja Sami tapasivat toukokuussa 2015 Samin kotona Mallorcalla.<\/p>\n<p>\u201dOlimme keskustelleet mahdollisesta yhteisty\u00f6st\u00e4, ja olin samalla heitt\u00e4nyt ilmoille ehdotuksen, ett\u00e4 Meeri voisi tulla Espanjaan kuvaamaan omael\u00e4m\u00e4kertani kansikuvan. Meeri p\u00e4\u00e4tti tulla luokseni, ja loppu onkin historiaa\u201d, Sami muistelee vuonna 2021 julkaistussa <a href=\"https:\/\/anna.fi\/ihmiset\/sami-yaffa-kertoo-koskettavasti-rakastumisestaan-meeri-koutaniemeen-katso-millainen-on-parin-ensimmainen-yhteiskuva\" target=\"_blank\" rel=\"noreferrer noopener nofollow\">Annan<\/a> jutussa.<\/p>\n<p><strong>Lue juttu: <\/strong><a href=\"https:\/\/anna.fi\/ihmiset\/sami-yaffa-kertoo-koskettavasti-rakastumisestaan-meeri-koutaniemeen-katso-millainen-on-parin-ensimmainen-yhteiskuva\" target=\"_blank\" rel=\"noreferrer noopener nofollow\">Sami Yaffa kertoo koskettavasti rakastumisestaan Meeri Koutaniemeen \u2013 katso, millainen on parin ensimm\u00e4inen yhteiskuva<\/a><\/p>\n<p>Eve Hietamies: \u201dTuntui silt\u00e4 kuin minua olisi ly\u00f6ty lekalla p\u00e4\u00e4h\u00e4n\u201d<\/p>\n<p>Ilta Ruotsin euroviisuedustajien seurassa vuonna 1996 Meksikossa oli kirjailija <strong>Eve Hietamiehelle <\/strong>kohtalokas. Silloin h\u00e4n tapasi englantilaisen <strong>Alan Mundayn<\/strong>, tulevan aviomiehens\u00e4.<\/p>\n<p>\u201dTuntui silt\u00e4 kuin minua olisi ly\u00f6ty lekalla p\u00e4\u00e4h\u00e4n. Tajusin heti, ett\u00e4 olen l\u00f6yt\u00e4nyt el\u00e4m\u00e4nkumppanini. En ollut aiemmin edes uskonut rakkauteen ensi silm\u00e4yksell\u00e4\u201d, Eve kertoo vuonna 2017 julkaistussa <a href=\"https:\/\/anna.fi\/ihmiset\/eve-hietamies-rakastui-tulisesti-ensisilmayksella-tajusin-heti-etta-olen-loytanyt-elamankumppanini\" target=\"_blank\" rel=\"noreferrer noopener nofollow\">Annan<\/a> jutussa.<\/p>\n<p>Kun lomamatka p\u00e4\u00e4ttyi, yhteydenpito jatkui puhelimitse. Sittemmin alkuaikojen et\u00e4suhde on vaihtunut avioliittoon ja yhteiseen el\u00e4m\u00e4\u00e4n Suomessa.<\/p>\n<p>\u201dAlan on juuri sellainen mies, josta sytyn: fiksu, turvallinen ja lapsirakas \u00e4ij\u00e4. Tosimies uskaltaa olla pehme\u00e4. Sellainen, joka pussaa vauvaa keskell\u00e4 kauppakeskusta.\u201d<\/p>\n<p><strong>Lue my\u00f6s: <\/strong><a href=\"https:\/\/anna.fi\/ihmiset\/eve-hietamies-rakastui-tulisesti-ensisilmayksella-tajusin-heti-etta-olen-loytanyt-elamankumppanini\" target=\"_blank\" rel=\"noreferrer noopener nofollow\">Eve Hietamies rakastui tulisesti ensi silm\u00e4yksell\u00e4: \u201dTajusin heti, ett\u00e4 olen l\u00f6yt\u00e4nyt el\u00e4m\u00e4nkumppanini\u201d<\/a><\/p>\n<p>Niina Backman ihastui aluksi Loren puhe\u00e4\u00e4neen<\/p>\n<p>Juontaja <strong>Niina Backman<\/strong> oli parikymppinen, kun h\u00e4n tutustui 11 vuotta vanhempaan kollegaansa, tulevaan aviopuolisoonsa <strong>Lorenz Backmaniin<\/strong>. H\u00e4n on kertonut <a href=\"https:\/\/anna.fi\/ihmiset\/niina-ja-lorenz-backmanin-pitkan-suhteen-vaikein-kohta-oli-7-vuoden-kohdalla-silloin-pohdimme-etta-joko-suhteemme-paattyy-tai-todella-sitoudumme-tahan\" target=\"_blank\" rel=\"noreferrer noopener nofollow\">Annalle<\/a> ihastuneensa heti ensitapaamisella.<\/p>\n<p>\u201dLore on el\u00e4m\u00e4ni mies\u201d, Niina sanoo <a href=\"https:\/\/anna.fi\/ihmiset\/niina-backman-on-ollut-lore-miehensa-kanssa-yhdessa-17-vuotta-elamaan-kuuluu-se-etta-parisuhde-ei-aina-suju-yhta-hyvin\" target=\"_blank\" rel=\"noreferrer noopener nofollow\">Annan<\/a> vuonna 2021 julkaistussa jutussa.<\/p>\n<p>Aluksi Niinan hurmasi Loren puhe\u00e4\u00e4ni. Sitten h\u00e4n huomasi, ett\u00e4 Loren l\u00e4hell\u00e4 on turvallista olla.<\/p>\n<p>\u201dPainiskelin huonon itsetunnon ja omien ep\u00e4varmuuksieni kanssa. Loren seurassa pystyin olemaan rikki. Minua ei lyt\u00e4tty, painettu alas, eik\u00e4 ylitseni k\u00e4velty\u201d, Niina muistelee vuonna 2024 <a href=\"https:\/\/kotiliesi.fi\/ihmiset\/niina-backman-elamani-kuvat\/\" target=\"_blank\" rel=\"noreferrer noopener nofollow\">Kotiliedelle<\/a> antamassaan haastattelussa.<\/p>\n<p><strong>Lue juttu: <\/strong><a href=\"https:\/\/anna.fi\/ihmiset\/niina-backman-on-ollut-lore-miehensa-kanssa-yhdessa-17-vuotta-elamaan-kuuluu-se-etta-parisuhde-ei-aina-suju-yhta-hyvin\" target=\"_blank\" rel=\"noreferrer noopener nofollow\">Niina Backman on ollut Lore-miehens\u00e4 kanssa yhdess\u00e4 17 vuotta: \u201dEl\u00e4m\u00e4\u00e4n kuuluu se, ett\u00e4 parisuhde ei aina suju yht\u00e4 hyvin\u201d<\/a><\/p>\n<p>Noora Hautakangas: \u201dT\u00e4m\u00e4 on ollut rakkautta ensi silm\u00e4yksell\u00e4\u201d<\/p>\n<p><strong>Noora Hautakangas <\/strong>ylisti puolisoaan <strong>Eero Ukkosta<\/strong> <a href=\"https:\/\/anna.fi\/ihmiset\/kihlautunut-ja-haita-suunnitteleva-noora-hautakangas-tama-ollut-rakkautta-ensi-silmayksella\" target=\"_blank\" rel=\"noreferrer noopener nofollow\">Annalle<\/a> vuonna 2017 tuoreen kihlautumisen j\u00e4lkeen.<\/p>\n<p>\u201dT\u00e4m\u00e4 on ollut rakkautta ensi silm\u00e4yksell\u00e4, enk\u00e4 parempaa miest\u00e4 voisi toivoa.\u201d<\/p>\n<p>Seurustelua oli ollut takana noin kolme vuotta, kun Eero kosi Nooraa kotona t\u00e4m\u00e4n juuri her\u00e4tty\u00e4. Avioituminen on saanut toistaiseksi odottaa. Noora ja Eero kertoivat vuonna 2023 <a href=\"https:\/\/anna.fi\/ihmiset\/adoptiota-eero-puolison-kanssa-pohtiva-noora-hautakangas-pelkaan-katuvani-myohemmin-jos-emme-yrita-saada-omaa-perhetta\" target=\"_blank\" rel=\"noreferrer noopener nofollow\">Annassa<\/a>, ett\u00e4 ty\u00f6t ja kiireet ovat aina jyr\u00e4nneet h\u00e4\u00e4suunnitelmien yli. <\/p>\n<p>\u201dEhk\u00e4 me jatkamme el\u00e4m\u00e4\u00e4mme vain n\u00e4in kuten t\u00e4h\u00e4nkin asti\u201d, Noora kuvasi tuolloin.<\/p>\n<p>\u201dNaimisiinmeno ei sin\u00e4ll\u00e4\u00e4n muuttaisi mit\u00e4\u00e4n, mutta turvaisi tulevaisuutta, jos toiselle sattuisi jotakin\u201d, Eero vastasi.<\/p>\n<p><strong>Lue juttu:<\/strong> <a href=\"https:\/\/anna.fi\/ihmiset\/adoptiota-eero-puolison-kanssa-pohtiva-noora-hautakangas-pelkaan-katuvani-myohemmin-jos-emme-yrita-saada-omaa-perhetta\" target=\"_blank\" rel=\"noreferrer noopener nofollow\">Adoptiota Eero-puolison kanssa pohtinut Noora Hautakangas: \u201dPelk\u00e4\u00e4n katuvani my\u00f6hemmin, jos emme yrit\u00e4 saada omaa perhett\u00e4\u201d<\/a><\/p>\n<p>Rafael Donner: \u201dSe oli klassinen Amorin nuolen isku\u201d<\/p>\n<p>Kirjailija-yritt\u00e4j\u00e4 <strong>Rafael Donner <\/strong>p\u00e4\u00e4tyi yli 12 vuotta sitten jatkamaan kaverinsa kanssa baari-iltaa historianopiskelijoiden vuosijuhlaan. Tiskill\u00e4 ty\u00f6skenteli nainen, joka katsoi tavalla, jota Rafael ei voinut vastustaa.<\/p>\n<p>\u201dRakastuin nanosekunnissa. Se oli klassinen Amorin nuolen isku\u201d, Rafael kertoo ensikohtaamisestaan tulevan vaimonsa <strong>Ninni Donnerin <\/strong>kanssa <a href=\"https:\/\/kotiliesi.fi\/ihmiset\/rafael-ja-ninni-donner-rakastuivat-ensisilmayksella\/\" target=\"_blank\" rel=\"noreferrer noopener nofollow\">Kotiliedess\u00e4<\/a>.<\/p>\n<p>My\u00f6s Ninni vahvistaa vuonna 2024 julkaistussa jutussa tienneens\u00e4 \u201dv\u00e4litt\u00f6m\u00e4sti, ett\u00e4 tuossa on minun ihmiseni\u201d, vaikka h\u00e4n oli parisuhteessa toisen kanssa. Kun Rafael ja Ninni kohtasivat baarissa Tammisaaressa kaksi kuukautta my\u00f6hemmin, Ninni ei en\u00e4\u00e4 seurustellut.<\/p>\n<p>\u201dEn viel\u00e4k\u00e4\u00e4n ymm\u00e4rr\u00e4, miten t\u00e4llaista voi tapahtua. Kaikki tuntui heti t\u00e4ysin oikealta\u201d, Rafael sanoo.<\/p>\n<p><strong>Lue Kotiliesi.fi: <\/strong><a href=\"https:\/\/kotiliesi.fi\/ihmiset\/rafael-ja-ninni-donner-rakastuivat-ensisilmayksella\/\" target=\"_blank\" rel=\"noreferrer noopener nofollow\">Rafael Donner rakastui tulevan vaimonsa Ninnin katseeseen nanosekunnissa \u2013 ensikohtaamisella Ninni oli viel\u00e4 varattu<\/a><\/p>\n<p>Tytti Tuppurainen: \u201dRakkautta ensi silm\u00e4yksell\u00e4 ei ole tyhj\u00e4\u00e4 puhetta\u201d<\/p>\n<p>Kun kansanedustaja <strong>Tytti Tuppurainen <\/strong>valittiin eduskuntaan kev\u00e4\u00e4ll\u00e4 2011, h\u00e4n ei tuntenut talosta ket\u00e4\u00e4n. Tiedossa kuitenkin oli, ett\u00e4 eduskunnan hallintojohtaja <strong>Pertti Rauhio <\/strong>oli niin ik\u00e4\u00e4n kotoisin Oulusta.<\/p>\n<p>Tytin mukaan jo ensikohtaamisessa oli s\u00e4hk\u00f6\u00e4.<\/p>\n<p>\u201dVoin kokemuksesta sanoa, ett\u00e4 rakkautta ensi silm\u00e4yksell\u00e4 ei ole tyhj\u00e4\u00e4 puhetta. N\u00e4in voi tapahtua, ja se tapahtui minulle\u201d, Tytti sanoo\u00a0vuonna 2022 <a href=\"https:\/\/kotiliesi.fi\/ihmiset\/tytti-tuppurainen-ei-odottanut-enaa-rakkautta-kohtaaminen-vanhemman-miehen-kanssa-oli-heti-taynna-sahkoa\/\" target=\"_blank\" rel=\"noreferrer noopener nofollow\">Kotiliedess\u00e4<\/a> julkaistussa jutussa.<\/p>\n<p>Kahden lapsen yksinhuoltajan oli ajatellut, ettei onni ole h\u00e4nt\u00e4 varten. Tytti huomasi pian voivansa luottaa Pertin sitoutumiseen. Mies auttoi arjessa, kuljetti lapsia harrastuksiin ja paistoi lettuja.<\/p>\n<p>\u201dEl\u00e4m\u00e4ni muuttui satumaisesti. En voinut kuvitella, ett\u00e4 minulle aukeaa t\u00e4llainen rakkaus\u201d, Tytti kertoi <a href=\"https:\/\/anna.fi\/ihmiset\/tytti-tuppuraisen-mies-soittaa-joka-paiva-ja-kysyy-mihin-aikaan-vaimo-haluaa-paivallista-naisystavani-ovat-aina-ihan-suut-auki-kun-kerron-siita\" target=\"_blank\" rel=\"noreferrer noopener nofollow\">Annalle<\/a> toukokuussa 2025.<\/p>\n<p><strong>Lue juttu: <\/strong><a href=\"https:\/\/anna.fi\/ihmiset\/suhteet\/Esperi.fi\/mielenterveyskuntoutujien-palvelut\/salo\/esperi-hoitokoti-rehabia-salo\/\" rel=\"nofollow noopener\" target=\"_blank\">Tytti Tuppuraisen mies kysyy joka p\u00e4iv\u00e4, mihin aikaan vaimo haluaa p\u00e4iv\u00e4llist\u00e4 \u2013 \u201dNaisyst\u00e4v\u00e4ni ovat aina ihan suut auki\u201d<\/a><\/p>\n<p>M. A. Numminen rakastui heti, Helena hetken p\u00e4\u00e4st\u00e4<\/p>\n<p>Viihdetaiteilija M. A. Numminen kertoo vuonna 2024 julkaistussa Kotiliedess\u00e4 ep\u00e4onnistuneensa nuorena tytt\u00f6jen kanssa. Tilanne muuttui, kun M. A. tapasi nykyisen puolisonsa <strong>Helena Vapaan<\/strong> vuonna 1982 Turussa, kun h\u00e4n oli tekem\u00e4ss\u00e4 filosofi <strong>Esa Saarisen <\/strong>kanssa <strong>Kauko R\u00f6yhk\u00e4st\u00e4 <\/strong>juttua Soundi-lehteen.<\/p>\n<p>\u201dYht\u00e4kki\u00e4 n\u00e4in er\u00e4\u00e4ss\u00e4 p\u00f6yd\u00e4ss\u00e4 kuvankauniin naisen yst\u00e4vineen. Minulla oli keskustelu kesken vanhan yst\u00e4v\u00e4ni runoilija\u00a0<strong>Markku Innon<\/strong>\u00a0kanssa, ja sanoin Esalle, ett\u00e4 pid\u00e4ttele noita naisia, tulen kohta per\u00e4ss\u00e4\u201d, M. A. muistelee <a href=\"https:\/\/kotiliesi.fi\/ihmiset\/m-a-numminen\/\" rel=\"nofollow noopener\" target=\"_blank\">Kotilieden<\/a> haastattelussa.<\/p>\n<p>\u201dSiit\u00e4 se alkoi. Min\u00e4 rakastuin heti, ja Helena hetken p\u00e4\u00e4st\u00e4. Soitin h\u00e4nelle melkein joka p\u00e4iv\u00e4 ja aina, kun minulla oli aikaa, olin Turussa.\u201d<\/p>\n<p><strong>Lue Kotiliesi.fi: <\/strong><a href=\"https:\/\/kotiliesi.fi\/ihmiset\/m-a-numminen\/\" rel=\"nofollow noopener\" target=\"_blank\">M.A.Numminen ep\u00e4onnistui nuorena ihastustensa kanssa \u2013 rakastui nykyiseen puolisoonsa ensi silm\u00e4yksell\u00e4<\/a><\/p>\n<p>    Sinua voi kiinnostaa my\u00f6s:<\/p>\n<ol class=\"read-also__list\">\n<li>\n<p>            <img loading=\"lazy\" decoding=\"async\" class=\"card__image awpo-lqip awpo-lazy\" width=\"2520\" height=\"1600\" src=\"https:\/\/www.europesays.com\/fi\/wp-content\/uploads\/2025\/10\/julkkisparit-jotka-tapasivat-toisso.jpg\"\/>                <a href=\"https:\/\/anna.fi\/kategoria\/ihmiset\" class=\"card__vignette\" rel=\"nofollow noopener\" target=\"_blank\"><br \/>\n            Ihmiset          <\/a><\/p>\n<p>      <a href=\"https:\/\/anna.fi\/ihmiset\/julkkisparit-jotka-tapasivat-toissa\" class=\"card__link-overlay\" rel=\"nofollow noopener\" target=\"_blank\">Yst\u00e4vist\u00e4 rakastavaisiksi: N\u00e4m\u00e4 julkkisparit olivat ensin ty\u00f6kavereita, sitten rakastavaisia<\/a><\/p>\n<\/li>\n<li>\n<p>            <img loading=\"lazy\" decoding=\"async\" class=\"card__image awpo-lqip awpo-lazy\" width=\"1250\" height=\"800\" src=\"https:\/\/www.europesays.com\/fi\/wp-content\/uploads\/2025\/10\/ystavyyspaakuva.jpg\"\/>                <a href=\"https:\/\/anna.fi\/kategoria\/ihmiset\" class=\"card__vignette\" rel=\"nofollow noopener\" target=\"_blank\"><br \/>\n            Ihmiset          <\/a><\/p>\n<p>      <a href=\"https:\/\/anna.fi\/ihmiset\/tiesitko-etta-nama-julkkikset-ovat-ystavia-keskenaan\" class=\"card__link-overlay\" rel=\"nofollow noopener\" target=\"_blank\">Tiesitk\u00f6, ett\u00e4 n\u00e4m\u00e4 julkkikset ovat yst\u00e4vi\u00e4 kesken\u00e4\u00e4n? 6 kaverukset kertovat, kuinka l\u00f6ysiv\u00e4t toisensa: &#8221;Se oli salamayst\u00e4vystyminen&#8221;<\/a><\/p>\n<\/li>\n<li>\n<p>            <img loading=\"lazy\" decoding=\"async\" class=\"card__image awpo-lqip awpo-lazy\" width=\"2561\" height=\"1600\" src=\"https:\/\/www.europesays.com\/fi\/wp-content\/uploads\/2025\/10\/annanpohjaborrelioosi.jpg\"\/>                <a href=\"https:\/\/anna.fi\/kategoria\/ihmiset\" class=\"card__vignette\" rel=\"nofollow noopener\" target=\"_blank\"><br \/>\n            Ihmiset          <\/a><\/p>\n<p>      <a href=\"https:\/\/anna.fi\/ihmiset\/nama-julkkikset-ovat-sairastaneet-borrelioosin-oireita-luultu-jopa-mielenterveysongelmiksi\" class=\"card__link-overlay\" rel=\"nofollow noopener\" target=\"_blank\">N\u00e4m\u00e4 julkkikset ovat sairastaneet borrelioosin \u2013 oireita luultu jopa mielenterveysongelmiksi<\/a><\/p>\n<\/li>\n<\/ol>\n","protected":false},"excerpt":{"rendered":"\u201dSe oli klassinen Amorin nuolen isku.\u201d Yksitoista julkisuudesta tuttua paria kertoo, miten rakkaus sai alkunsa ensi silm\u00e4yksell\u00e4. Voiko&hellip;\n","protected":false},"author":2,"featured_media":63946,"comment_status":"","ping_status":"","sticky":false,"template":"","format":"standard","meta":{"footnotes":""},"categories":[136],"tags":[8567,407,137,33,31,30,408,14596,14597,14598,14599,1311,14600,11208,32,109],"class_list":{"0":"post-63945","1":"post","2":"type-post","3":"status-publish","4":"format-standard","5":"has-post-thumbnail","7":"category-julkkikset","8":"tag-antti-lindtman","9":"tag-celebrities","10":"tag-entertainment","11":"tag-fi","12":"tag-finland","13":"tag-finnish","14":"tag-julkkikset","15":"tag-kaija-stormbom","16":"tag-lorenz-backman","17":"tag-meeri-koutaniemi","18":"tag-niina-backman","19":"tag-rakkaus","20":"tag-sami-yaffa","21":"tag-suomalaiset-julkkikset","22":"tag-suomi","23":"tag-viihde"},"share_on_mastodon":{"url":"","error":""},"_links":{"self":[{"href":"https:\/\/www.europesays.com\/fi\/wp-json\/wp\/v2\/posts\/63945","targetHints":{"allow":["GET"]}}],"collection":[{"href":"https:\/\/www.europesays.com\/fi\/wp-json\/wp\/v2\/posts"}],"about":[{"href":"https:\/\/www.europesays.com\/fi\/wp-json\/wp\/v2\/types\/post"}],"author":[{"embeddable":true,"href":"https:\/\/www.europesays.com\/fi\/wp-json\/wp\/v2\/users\/2"}],"replies":[{"embeddable":true,"href":"https:\/\/www.europesays.com\/fi\/wp-json\/wp\/v2\/comments?post=63945"}],"version-history":[{"count":0,"href":"https:\/\/www.europesays.com\/fi\/wp-json\/wp\/v2\/posts\/63945\/revisions"}],"wp:featuredmedia":[{"embeddable":true,"href":"https:\/\/www.europesays.com\/fi\/wp-json\/wp\/v2\/media\/63946"}],"wp:attachment":[{"href":"https:\/\/www.europesays.com\/fi\/wp-json\/wp\/v2\/media?parent=63945"}],"wp:term":[{"taxonomy":"category","embeddable":true,"href":"https:\/\/www.europesays.com\/fi\/wp-json\/wp\/v2\/categories?post=63945"},{"taxonomy":"post_tag","embeddable":true,"href":"https:\/\/www.europesays.com\/fi\/wp-json\/wp\/v2\/tags?post=63945"}],"curies":[{"name":"wp","href":"https:\/\/api.w.org\/{rel}","templated":true}]}}